{"id":11932,"date":"2023-01-13T05:01:50","date_gmt":"2023-01-13T11:01:50","guid":{"rendered":"https:\/\/noticiasveracruz.com\/?p=11932"},"modified":"2023-01-13T07:07:09","modified_gmt":"2023-01-13T13:07:09","slug":"el-otro-plan-b","status":"publish","type":"post","link":"https:\/\/noticiasveracruz.com\/index.php\/2023\/01\/13\/el-otro-plan-b\/","title":{"rendered":"El otro \u201cplan B\u201d"},"content":{"rendered":"<p>&nbsp;<\/p>\n<p class=\"p1\"><span style=\"font-size: 18pt;\"><strong>Por Aurelio Contreras Moreno<\/strong><\/span><\/p>\n<p class=\"p1\"><span style=\"font-size: 14pt;\">Los constantes traspi\u00e9s de Claudia Sheinbaum, quien cobra como jefa de Gobierno de la Ciudad de M\u00e9xico pero se la ha pasado en campa\u00f1a pol\u00edtica los \u00faltimos seis meses sin lograr posicionarse, ha obligado al presidente L\u00f3pez Obrador a echar a andar a su \u201cplan B\u201d para la sucesi\u00f3n presidencial.<\/span><\/p>\n<p class=\"p1\"><span style=\"font-size: 14pt;\">Y ese \u201cplan B\u201d no es el canciller Marcelo Ebrard y mucho menos el senador Ricardo Monreal, sino otro tabasque\u00f1o, el secretario de Gobernaci\u00f3n Ad\u00e1n Augusto L\u00f3pez Hern\u00e1ndez, quien vino a Veracruz este jueves para dar inicio a una gira nacional con el \u00fanico prop\u00f3sito de promover su imagen. Claro, con cargo al erario.<\/span><\/p>\n<p class=\"p1\"><span style=\"font-size: 14pt;\">La figura pol\u00edtica del secretario de Gobernaci\u00f3n comenz\u00f3 a crecer en los c\u00edrculos morenistas a ra\u00edz de que abandon\u00f3 sus tareas como interlocutor con la oposici\u00f3n para adoptar, en su lugar, el mismo discurso bravuc\u00f3n y belicoso del presidente, que es lo que le gusta al inquilino de Palacio Nacional.<\/span><\/p>\n<p class=\"p1\"><span style=\"font-size: 14pt;\">Adem\u00e1s, mientras la desastrosa gesti\u00f3n de Claudia Sheinbaum en la Ciudad de M\u00e9xico y en especial los constantes accidentes en el Metro causados por el abandono en el que lo tiene \u2013y que ya ha provocado casi 30 muertes- hunden su imagen p\u00fablica, L\u00f3pez Hern\u00e1ndez se mostr\u00f3 como toda una revelaci\u00f3n para el trastupije y la coacci\u00f3n, que eso es lo que entienden en la \u201ccuarta transformaci\u00f3n\u201d como sin\u00f3nimo de operaci\u00f3n pol\u00edtica.<\/span><\/p>\n<p class=\"p1\"><span style=\"font-size: 14pt;\">Ello le permiti\u00f3 sacar adelante la reforma constitucional para mantener a las fuerzas armadas en labores de seguridad p\u00fablica hasta finales de esta d\u00e9cada. Y aunque no logr\u00f3 la reforma constitucional electoral, s\u00ed le alcanz\u00f3 para que se aprobara un bodrio que debilita los \u00f3rganos electorales, de los cuales el r\u00e9gimen se apresta a tomar el control, como el mismo L\u00f3pez Hern\u00e1ndez admiti\u00f3 este jueves en Boca del R\u00edo.<\/span><\/p>\n<p class=\"p1\"><span style=\"font-size: 14pt;\">La visita del funcionario que en este momento sube en las preferencias \u2013al menos, en las de Palacio Nacional- fue un compendio de los rituales del priismo veracruzano m\u00e1s antiguo y anacr\u00f3nico. Con besamanos, fotitos posadas y forzadas, caf\u00e9 con canillas de La Parroquia y la \u201cclase pol\u00edtica\u201d estatal aglutinada a su alrededor.<\/span><\/p>\n<p class=\"p1\"><span style=\"font-size: 14pt;\">Y es que al gobernador Cuitl\u00e1huac Garc\u00eda, su funcionariado y representantes populares morenistas veracruzanos les urg\u00eda darle un buen trato a L\u00f3pez Hern\u00e1ndez, luego de que han sido especialmente abyectos y descarados en su apoyo a la precandidatura de Claudia Sheinbaum.<\/span><\/p>\n<p class=\"p1\"><span style=\"font-size: 14pt;\">Garc\u00eda Jim\u00e9nez se la pas\u00f3 como acompa\u00f1ante del secretario de Gobernaci\u00f3n durante toda la jornada y hasta el acto pol\u00edtico \u2013que no gubernamental- del World Trade Center, en el cual, viejo zorro a fin de cuentas, el tabasque\u00f1o se desvivi\u00f3 en loas para el gobernador, a quien incluso calific\u00f3 como uno de los \u201cfaros de la cuarta transformaci\u00f3n\u201d. Cualquier cosa que eso signifique.<\/span><\/p>\n<p class=\"p1\"><span style=\"font-size: 14pt;\">Todos los que hace poco se desviv\u00edan por tomarse la foto con Sheinbaum, ahora estaban desesperados por aparecer al menos cerca de Ad\u00e1n Augusto. Incluidos personajes de bastante mala fama, como Fernando Padilla Farf\u00e1n, uno de los constructores m\u00e1s beneficiados durante el sexenio de Fidel Herrera Beltr\u00e1n y que ahora busca una nueva \u201cquerencia\u201d pol\u00edtica para seguir haciendo negocios al amparo del poder.<\/span><\/p>\n<p class=\"p1\"><span style=\"font-size: 14pt;\">Ad\u00e1n Augusto L\u00f3pez Hern\u00e1ndez es sin duda la otra carta con la que el lopezobradorismo explora sus posibilidades para la sucesi\u00f3n presidencial, pero sobre todo para la continuidad de su proyecto pol\u00edtico en el siguiente sexenio. <\/span><\/p>\n<p class=\"p1\"><span style=\"font-size: 14pt;\">El propio L\u00f3pez Hern\u00e1ndez plante\u00f3 algo en ese mismo sentido en Boca del R\u00edo: \u201cvendr\u00e1 otro tiempo que ser\u00e1, como lo ha dicho el presidente, el de la continuidad con cambio. El de continuar con esa tarea tit\u00e1nica del presidente y hacer a lo mejor algunos ajustes que nos ayuden a desarrollarnos y a integrarnos mejor como naci\u00f3n\u201d.<\/span><\/p>\n<p class=\"p1\"><span style=\"font-size: 14pt;\">El secretario de Gobernaci\u00f3n est\u00e1 abierta y descaradamente en campa\u00f1a. A ver si no le pasa que, en vez de incendi\u00e1rsele vagones del Metro, se le incendie el pa\u00eds por abandonar sus responsabilidades.<\/span><\/p>\n<p class=\"p1\"><span style=\"font-size: 14pt;\">Mientras tanto, en Veracruz algunos ya est\u00e1n viendo bien eso de cambiarse de \u201cchaqueta\u201d para ponerse \u201ca gusto\u201d. <\/span><\/p>\n<p>&nbsp;<\/p>\n<hr \/>\n<p>&nbsp;<\/p>\n<p class=\"p1\"><span style=\"font-size: 18pt;\"><strong>Correo: <a href=\"mailto:aureliocontreras@gmail.com\">aureliocontreras@gmail.com<\/a><\/strong><\/span><\/p>\n<p class=\"p1\"><span style=\"font-size: 18pt;\"><strong>Twitter: <a href=\"http:\/\/www.twitter.com\/yeyocontreras\">@yeyocontreras<\/a><\/strong><\/span><\/p>\n<p>&nbsp;<\/p>\n<p><img loading=\"lazy\" decoding=\"async\" class=\"aligncenter wp-image-11449\" src=\"http:\/\/noticiasveracruz.com\/wp-content\/uploads\/2023\/01\/FIRMA-EDITORIAL-NV-300x37.png\" alt=\"\" width=\"1000\" height=\"122\" srcset=\"https:\/\/noticiasveracruz.com\/wp-content\/uploads\/2023\/01\/FIRMA-EDITORIAL-NV-300x37.png 300w, https:\/\/noticiasveracruz.com\/wp-content\/uploads\/2023\/01\/FIRMA-EDITORIAL-NV-1024x125.png 1024w, https:\/\/noticiasveracruz.com\/wp-content\/uploads\/2023\/01\/FIRMA-EDITORIAL-NV-768x94.png 768w, https:\/\/noticiasveracruz.com\/wp-content\/uploads\/2023\/01\/FIRMA-EDITORIAL-NV-1536x188.png 1536w, https:\/\/noticiasveracruz.com\/wp-content\/uploads\/2023\/01\/FIRMA-EDITORIAL-NV-2048x250.png 2048w\" sizes=\"auto, (max-width: 1000px) 100vw, 1000px\" \/><\/p>\n<p>&nbsp;<\/p>\n<p>&nbsp;<\/p>\n<p>&nbsp;<\/p>\n<p>&nbsp;<\/p>\n<p>&nbsp;<\/p>\n<p>&nbsp;<\/p>\n<p>&nbsp;<\/p>\n","protected":false},"excerpt":{"rendered":"<p>&nbsp; Por Aurelio Contreras Moreno Los constantes traspi\u00e9s de Claudia Sheinbaum, quien cobra como jefa de Gobierno de la Ciudad<\/p>\n","protected":false},"author":4,"featured_media":3578,"comment_status":"closed","ping_status":"closed","sticky":false,"template":"","format":"standard","meta":{"colormag_page_container_layout":"default_layout","colormag_page_sidebar_layout":"default_layout","_jetpack_memberships_contains_paid_content":false,"footnotes":"","jetpack_publicize_message":"","jetpack_publicize_feature_enabled":true,"jetpack_social_post_already_shared":true,"jetpack_social_options":{"image_generator_settings":{"template":"highway","default_image_id":0,"font":"","enabled":false},"version":2}},"categories":[6],"tags":[],"class_list":["post-11932","post","type-post","status-publish","format-standard","has-post-thumbnail","hentry","category-columnistas"],"jetpack_publicize_connections":[],"jetpack_featured_media_url":"https:\/\/noticiasveracruz.com\/wp-content\/uploads\/2022\/04\/P-AURELIO-CONTRERAS.png","jetpack_sharing_enabled":true,"publishpress_future_action":{"enabled":false,"date":"2026-05-06 17:30:14","action":"change-status","newStatus":"draft","terms":[],"taxonomy":"category","extraData":[]},"publishpress_future_workflow_manual_trigger":{"enabledWorkflows":[]},"_links":{"self":[{"href":"https:\/\/noticiasveracruz.com\/index.php\/wp-json\/wp\/v2\/posts\/11932","targetHints":{"allow":["GET"]}}],"collection":[{"href":"https:\/\/noticiasveracruz.com\/index.php\/wp-json\/wp\/v2\/posts"}],"about":[{"href":"https:\/\/noticiasveracruz.com\/index.php\/wp-json\/wp\/v2\/types\/post"}],"author":[{"embeddable":true,"href":"https:\/\/noticiasveracruz.com\/index.php\/wp-json\/wp\/v2\/users\/4"}],"replies":[{"embeddable":true,"href":"https:\/\/noticiasveracruz.com\/index.php\/wp-json\/wp\/v2\/comments?post=11932"}],"version-history":[{"count":0,"href":"https:\/\/noticiasveracruz.com\/index.php\/wp-json\/wp\/v2\/posts\/11932\/revisions"}],"wp:featuredmedia":[{"embeddable":true,"href":"https:\/\/noticiasveracruz.com\/index.php\/wp-json\/wp\/v2\/media\/3578"}],"wp:attachment":[{"href":"https:\/\/noticiasveracruz.com\/index.php\/wp-json\/wp\/v2\/media?parent=11932"}],"wp:term":[{"taxonomy":"category","embeddable":true,"href":"https:\/\/noticiasveracruz.com\/index.php\/wp-json\/wp\/v2\/categories?post=11932"},{"taxonomy":"post_tag","embeddable":true,"href":"https:\/\/noticiasveracruz.com\/index.php\/wp-json\/wp\/v2\/tags?post=11932"}],"curies":[{"name":"wp","href":"https:\/\/api.w.org\/{rel}","templated":true}]}}