{"id":11930,"date":"2023-01-13T04:01:13","date_gmt":"2023-01-13T10:01:13","guid":{"rendered":"https:\/\/noticiasveracruz.com\/?p=11930"},"modified":"2023-01-14T04:02:09","modified_gmt":"2023-01-14T10:02:09","slug":"semarnat-contamina-tuxpan","status":"publish","type":"post","link":"https:\/\/noticiasveracruz.com\/index.php\/2023\/01\/13\/semarnat-contamina-tuxpan\/","title":{"rendered":"Semarnat contamina Tuxpan"},"content":{"rendered":"<p>&nbsp;<\/p>\n<p class=\"p1\"><span style=\"font-size: 18pt;\"><b>Por \u00c1ngel \u00c1lvaro Pe\u00f1a<\/b><\/span><\/p>\n<p class=\"p1\"><span style=\"font-size: 14pt;\">Si las escaleras se barren de arriba para abajo, en la Secretar\u00eda de Medio Ambiente y Recursos Naturales encontramos que la titular puede ser c\u00f3mplice o simplemente desconoce lo que sucede escalones abajo.\u00a0Mar\u00eda Luisa Albores Gonz\u00e1lez, quien no puede atender todas las \u00e1reas que su dependencia debe controlar, pero s\u00ed mantener cada rinc\u00f3n fuera de la corrupci\u00f3n.<\/span><\/p>\n<p class=\"p1\"><span style=\"font-size: 18pt;\"><strong>Los escalones no por lejanos dejan de formar parte de la misma escalera, as\u00ed que desde la Ciudad de M\u00e9xico deber\u00eda haber una informaci\u00f3n precisa y detallada de la situaci\u00f3n de los estados de la Rep\u00fablica Mexicana donde si bien, las tareas son muchas, tambi\u00e9n la expectativa de la gente por una autoridad eficaz lo es.<\/strong><\/span><\/p>\n<p class=\"p1\"><span style=\"font-size: 18pt;\"><strong>En Veracruz, por ejemplo, la encargada de dicha dependencia en la ciudad de Xalapa, donde residen los poderes estatales,\u00a0Ing. Leticia Cuevas Flores, desconoce o encubre la situaci\u00f3n que padecen los habitantes de uno de los municipios m\u00e1s importantes de la entidad, Tuxpan, donde no existe oficina de la dependencia, pero hay una especie de encargado itinerante que va de un lado a otro en el norte de Veracruz de nombre Jos\u00e9 S\u00e1nchez Tapia, apodado \u201cEl Edi\u201d, con m\u00e1s de 35 a\u00f1os de servicio en la dependencia, quien visita los municipios de la regi\u00f3n para acumular extorsiones y presionar a la poblaci\u00f3n para sacarle dinero con el pretexto de que violan las normas que la secretar\u00eda \u201ca su cargo\u201d tiene.<\/strong><\/span><\/p>\n<p>&nbsp;<\/p>\n<figure id=\"attachment_14931\" aria-describedby=\"caption-attachment-14931\" style=\"width: 600px\" class=\"wp-caption aligncenter\"><img loading=\"lazy\" decoding=\"async\" class=\"wp-image-14931\" src=\"https:\/\/politicosaldesnudo.com.mx\/wp-content\/uploads\/2023\/01\/22EL-EDI22-SEMARNAT-290x300.jpeg\" alt=\"\" width=\"600\" height=\"620\" \/><figcaption id=\"caption-attachment-14931\" class=\"wp-caption-text\">Jos\u00e9 S\u00e1nchez Tapia, apodado \u201cEl Edi\u201d.<\/figcaption><\/figure>\n<p>&nbsp;<\/p>\n<p class=\"p1\"><span style=\"font-size: 14pt;\">Al no haber oficinas en Tuxpan ni en los municipios aleda\u00f1os \u201cEl Edi\u201d se erige como el gestor de todos los males contra la naturaleza y con el pretexto de ahorrar tiempo y dinero a los que escoge como infractores de sus propias leyes, los extorsiona. Su ambici\u00f3n da\u00f1\u00f3 muchos intereses, dej\u00f3 sin empleo a muchos, quebr\u00f3 empresas, contratistas, restauranteros, hoteleros, etc. No tuvo compasi\u00f3n con nadie y, por si fuera poco, se da el lujo de tapar caminos con arena en las comunidades de la playa de Tuxpan y, adem\u00e1s, autoriza la venta de terrenos en el litoral, a pesar de que nadie puede tener playas privadas.<\/span><\/p>\n<p class=\"p1\"><span style=\"font-size: 18pt; color: #e42d33;\"><strong>Entre las empresas afectadas por la corrupci\u00f3n de \u201cEl Edi\u201d est\u00e1\u00a0el Corporativo Grupo Desarrollador, de Tuxpan, que cumple con todos los tr\u00e1mites para la venta y lotificaci\u00f3n de terrenos, pero el funcionario exige dinero para \u201chacerse responsable\u201d del caso y poder llevar la mayor ganancia, con el pretexto de autorizar los permisos y tr\u00e1mites, tanto a nivel municipal como en las instancias federales, porque seg\u00fan asegura \u00e9l depende de la ciudad de M\u00e9xico y nada tiene que ver con instancias intermedias de la Semarnat en el estado de Veracruz.<\/strong><\/span><\/p>\n<p class=\"p1\"><span style=\"font-size: 14pt;\">La poblaci\u00f3n afectada y la comunidad en general, tiene pruebas de todas las anomal\u00edas que ha cometido este sujeto que nadie sabe si todav\u00eda trabaja para la dependencia o ya se jubil\u00f3 ante tanto tiempo de pertenecer a la n\u00f3mina del presupuesto.<\/span><\/p>\n<p class=\"p1\"><span style=\"font-size: 18pt;\"><strong>En el municipio de Tuxpan se encuentra la termoel\u00e9ctrica Adolfo L\u00f3pez Mateos, perteneciente a la CFE, construida en 1991, durante el sexenio de Carlos Salinas de Gortari, que es un problema en s\u00ed misma por las emisiones contaminantes que despide en su diaria labor desde el inicio de sus operaciones; estas agresiones al medio ambiente han llegado a afectar a la poblaci\u00f3n, y su superintendente Juan Pablo Esquivias, no atiende a la gente, mucho menos la oye y resulta imposible solucionar los problemas que con un poco de buena voluntad o simplemente con amor por su trabajo pudiera arreglar.<\/strong><\/span><\/p>\n<p>&nbsp;<\/p>\n<p><img loading=\"lazy\" decoding=\"async\" class=\"aligncenter wp-image-12192 size-large\" src=\"https:\/\/politicosaldesnudo.com.mx\/wp-content\/uploads\/2022\/11\/P-TERMOELECTRICA-TUXPAN-2-1024x573.png\" alt=\"\" width=\"800\" height=\"448\" \/><\/p>\n<p>&nbsp;<\/p>\n<p class=\"p1\"><span style=\"font-size: 14pt;\">El superintendente de la termoel\u00e9ctrica es un trabajador de la vieja guardia, y tiene todav\u00eda la inercia de hacer lo que se quiera y no lo que se pueda para darle mayor validez a su trabajo. Ante cualquier denuncia p\u00fablica sobre la contaminaci\u00f3n argumenta que no s\u00f3lo cuenta con los permisos correspondientes de Semarnat sino que la termoel\u00e9ctrica ha recibido premios nacionales e internacionales por ser una de las m\u00e1s limpias del pa\u00eds, a pesar de que, al quemar combust\u00f3leo contamina desde hace m\u00e1s de 30 a\u00f1os las playas y las lagunas de Tamiahua y Tampamachoco.<\/span><\/p>\n<p class=\"p1\"><span style=\"font-size: 18pt; color: #e42d33;\"><strong>El caso es que entre \u201cEl Edi\u201d y el superintendente de la termoel\u00e9ctrica se cierran las posibilidades de darle soluci\u00f3n a muchos de los problemas que ellos, y s\u00f3lo ellos, pueden arreglar. En el primer caso, dejando de extorsionar, en el segundo, dejar de cerrar caminos de la playa que conducen a la Barra de Galindo, donde en d\u00edas pasados se aisl\u00f3 a los m\u00e1s de 500 residentes entre habitantes, negocios, hoteleros, restauranteros y pescadores.<\/strong><\/span><\/p>\n<p class=\"p1\"><span style=\"font-size: 14pt;\">En la primera edici\u00f3n del \u00cdndice de Corrupci\u00f3n Estatal de la Organizaci\u00f3n Nacional Anticorrupci\u00f3n de la ONEA, M\u00e9xico, correspondiente al periodo 2018-2021, es decir, la mitad del sexenio, se dio a conocer la ausencia casi absoluta de sanciones penales contra servidores p\u00fablicos corruptos en los gobiernos de Jalisco, Tabasco, Colima, Baja California, Chiapas, Aguascalientes, Quintana Roo, Chihuahua, Veracruz y Estado de M\u00e9xico, donde los indicadores de impunidad mantienen m\u00e1rgenes superiores a 99 por ciento.<\/span><\/p>\n<p class=\"p1\"><span style=\"font-size: 14pt;\">Cuando las escaleras se barren por encima, sin tomar en cuenta la basura que existe en los rincones del pa\u00eds, de anda sirve decir que hay depuraci\u00f3n de gente ni limpieza de actividades simplemente hay simulaci\u00f3n y detr\u00e1s de esta negligencia corrupta, mucho sufrimiento a una poblaci\u00f3n que crey\u00f3 que en realidad la corrupci\u00f3n se iba a extirpar como c\u00e1ncer mortal en la administraci\u00f3n p\u00fablica.<\/span><\/p>\n<p>&nbsp;<\/p>\n<p class=\"p1\"><span style=\"font-size: 18pt; color: #e42d33;\"><b>PEGA Y CORRE<\/b><\/span><\/p>\n<p class=\"p1\"><span style=\"font-size: 14pt;\">La alianza opositora tiene como principal m\u00e9rito salvar de los pri\u00edstas a M\u00e9xico en las elecciones de 2024, porque ahora, en Edomex y Coahuila, los candidatos son del PRI, pero, en la Presidencial, ser\u00e1n del PAN. Hagan sus apuestas.<\/span><\/p>\n<p>&nbsp;<\/p>\n<p class=\"p1\"><em><span style=\"font-size: 18pt;\"><strong>Esta columna se publica los lunes, mi\u00e9rcoles y viernes<\/strong><\/span><\/em><\/p>\n<p>&nbsp;<\/p>\n<hr \/>\n<p>&nbsp;<\/p>\n<p><img loading=\"lazy\" decoding=\"async\" class=\"aligncenter wp-image-11449\" src=\"http:\/\/noticiasveracruz.com\/wp-content\/uploads\/2023\/01\/FIRMA-EDITORIAL-NV-300x37.png\" alt=\"\" width=\"1000\" height=\"122\" srcset=\"https:\/\/noticiasveracruz.com\/wp-content\/uploads\/2023\/01\/FIRMA-EDITORIAL-NV-300x37.png 300w, https:\/\/noticiasveracruz.com\/wp-content\/uploads\/2023\/01\/FIRMA-EDITORIAL-NV-1024x125.png 1024w, https:\/\/noticiasveracruz.com\/wp-content\/uploads\/2023\/01\/FIRMA-EDITORIAL-NV-768x94.png 768w, https:\/\/noticiasveracruz.com\/wp-content\/uploads\/2023\/01\/FIRMA-EDITORIAL-NV-1536x188.png 1536w, https:\/\/noticiasveracruz.com\/wp-content\/uploads\/2023\/01\/FIRMA-EDITORIAL-NV-2048x250.png 2048w\" sizes=\"auto, (max-width: 1000px) 100vw, 1000px\" \/><\/p>\n<p>&nbsp;<\/p>\n<p>&nbsp;<\/p>\n<p>&nbsp;<\/p>\n<p>&nbsp;<\/p>\n<p>&nbsp;<\/p>\n<p>&nbsp;<\/p>\n<p>&nbsp;<\/p>\n","protected":false},"excerpt":{"rendered":"<p>&nbsp; Por \u00c1ngel \u00c1lvaro Pe\u00f1a Si las escaleras se barren de arriba para abajo, en la Secretar\u00eda de Medio Ambiente<\/p>\n","protected":false},"author":4,"featured_media":3187,"comment_status":"closed","ping_status":"closed","sticky":false,"template":"","format":"standard","meta":{"colormag_page_container_layout":"default_layout","colormag_page_sidebar_layout":"default_layout","_jetpack_memberships_contains_paid_content":false,"footnotes":"","jetpack_publicize_message":"","jetpack_publicize_feature_enabled":true,"jetpack_social_post_already_shared":true,"jetpack_social_options":{"image_generator_settings":{"template":"highway","default_image_id":0,"font":"","enabled":false},"version":2}},"categories":[6],"tags":[],"class_list":["post-11930","post","type-post","status-publish","format-standard","has-post-thumbnail","hentry","category-columnistas"],"jetpack_publicize_connections":[],"jetpack_featured_media_url":"https:\/\/noticiasveracruz.com\/wp-content\/uploads\/2022\/04\/A\u0301NGEL-A\u0301LVARO-PEN\u0303A.png","jetpack_sharing_enabled":true,"publishpress_future_action":{"enabled":false,"date":"2026-05-06 18:13:01","action":"change-status","newStatus":"draft","terms":[],"taxonomy":"category","extraData":[]},"publishpress_future_workflow_manual_trigger":{"enabledWorkflows":[]},"_links":{"self":[{"href":"https:\/\/noticiasveracruz.com\/index.php\/wp-json\/wp\/v2\/posts\/11930","targetHints":{"allow":["GET"]}}],"collection":[{"href":"https:\/\/noticiasveracruz.com\/index.php\/wp-json\/wp\/v2\/posts"}],"about":[{"href":"https:\/\/noticiasveracruz.com\/index.php\/wp-json\/wp\/v2\/types\/post"}],"author":[{"embeddable":true,"href":"https:\/\/noticiasveracruz.com\/index.php\/wp-json\/wp\/v2\/users\/4"}],"replies":[{"embeddable":true,"href":"https:\/\/noticiasveracruz.com\/index.php\/wp-json\/wp\/v2\/comments?post=11930"}],"version-history":[{"count":0,"href":"https:\/\/noticiasveracruz.com\/index.php\/wp-json\/wp\/v2\/posts\/11930\/revisions"}],"wp:featuredmedia":[{"embeddable":true,"href":"https:\/\/noticiasveracruz.com\/index.php\/wp-json\/wp\/v2\/media\/3187"}],"wp:attachment":[{"href":"https:\/\/noticiasveracruz.com\/index.php\/wp-json\/wp\/v2\/media?parent=11930"}],"wp:term":[{"taxonomy":"category","embeddable":true,"href":"https:\/\/noticiasveracruz.com\/index.php\/wp-json\/wp\/v2\/categories?post=11930"},{"taxonomy":"post_tag","embeddable":true,"href":"https:\/\/noticiasveracruz.com\/index.php\/wp-json\/wp\/v2\/tags?post=11930"}],"curies":[{"name":"wp","href":"https:\/\/api.w.org\/{rel}","templated":true}]}}