{"id":11919,"date":"2023-01-12T14:39:26","date_gmt":"2023-01-12T20:39:26","guid":{"rendered":"https:\/\/noticiasveracruz.com\/?p=11919"},"modified":"2023-01-12T15:25:37","modified_gmt":"2023-01-12T21:25:37","slug":"por-hechos-no-comunes-en-el-metro-6-mil-elementos-de-la-gn-protegeran-a-usuarios","status":"publish","type":"post","link":"https:\/\/noticiasveracruz.com\/index.php\/2023\/01\/12\/por-hechos-no-comunes-en-el-metro-6-mil-elementos-de-la-gn-protegeran-a-usuarios\/","title":{"rendered":"Por \u201chechos no comunes\u201d en el Metro, 6 mil elementos de la GN proteger\u00e1n a usuarios"},"content":{"rendered":"<p>&nbsp;<\/p>\n<p class=\"p1\"><span style=\"font-size: 14pt;\"><em><strong>CIUDAD DE M\u00c9XICO.<\/strong> <\/em>A partir de este jueves a las 14:00 horas m\u00e1s de<strong> 6 mil elementos de la Guardia Nacional<\/strong> fueron desplegados en las <strong>instalaciones del Sistema de Transporte Colectivo Metro<\/strong>, as\u00ed lo anunci\u00f3 la Jefa de Gobierno de la Ciudad de M\u00e9xico, <strong>Claudia Sheinbaum<\/strong>. <\/span><\/p>\n<p class=\"p1\"><span style=\"font-size: 18pt;\"><strong>A trav\u00e9s de su cuenta de Twitter, Claudia Sheinbaum inform\u00f3 a los ciudadanos que los efectivos de seguridad \u201cNo est\u00e1n armados\u201d y que el\u00a0despliegue de los elementos de seguridad es para garantizar la seguridad de los usuarios en este sistema de transporte. <\/strong><\/span><\/p>\n<p>&nbsp;<\/p>\n<div style=\"width: 800px;\" class=\"wp-video\"><video class=\"wp-video-shortcode\" id=\"video-11919-1\" width=\"800\" height=\"452\" preload=\"metadata\" controls=\"controls\"><source type=\"video\/mp4\" src=\"https:\/\/politicosaldesnudo.com.mx\/wp-content\/uploads\/2023\/01\/METRO-CLAUDIA-SHEINBAUM.mp4?_=1\" \/><a href=\"https:\/\/politicosaldesnudo.com.mx\/wp-content\/uploads\/2023\/01\/METRO-CLAUDIA-SHEINBAUM.mp4\">https:\/\/politicosaldesnudo.com.mx\/wp-content\/uploads\/2023\/01\/METRO-CLAUDIA-SHEINBAUM.mp4<\/a><\/video><\/div>\n<p>&nbsp;<\/p>\n<blockquote>\n<p class=\"p1\"><span style=\"font-size: 14pt;\">En la conferencia matutina del presidente,\u00a0 la Jefa capitalina Claudia Sheinbaum advirti\u00f3 que han venido ocurriendo en los \u00faltimos meses episodios que nosotros catalogamos como fuera de lo normal, que no son lo que normalmente ocurre en el Metro\u201d<\/span><\/p>\n<\/blockquote>\n<p>&nbsp;<\/p>\n<p class=\"p1\"><span style=\"font-size: 18pt; color: #e42d33;\"><strong>Por su parte, el presidente Andr\u00e9s Manuel L\u00f3pez Obrador refrend\u00f3 su respaldo a la mandataria capitalina, Claudia Sheinbaum<span class=\"Apple-converted-space\">\u00a0 <\/span>y reproch\u00f3 que \u201chay quienes est\u00e1n utilizando los accidentes\u201d como el registrado el s\u00e1bado pasado, en el que falleci\u00f3 una persona, \u201cpara atacar\u201d a la Jefa de Gobierno.<\/strong><\/span><\/p>\n<p>&nbsp;<\/p>\n<blockquote>\n<p class=\"p3\"><span style=\"font-size: 14pt;\">Para que no quede duda, tenemos nosotros la ventaja, la dicha enorme de contar con muy buenos servidores p\u00fablicos en nuestro movimiento, esto, con toda claridad y franqueza, pensando en el relevo hacia adelante\u201d<\/span><\/p>\n<\/blockquote>\n<p>&nbsp;<\/p>\n<p><img loading=\"lazy\" decoding=\"async\" class=\"aligncenter wp-image-14924 size-large\" src=\"https:\/\/politicosaldesnudo.com.mx\/wp-content\/uploads\/2023\/01\/P-CLAUDIA-SHEINBAUM-METRO-1-1024x573.png\" alt=\"\" width=\"800\" height=\"448\" \/><\/p>\n<p>&nbsp;<\/p>\n<p class=\"p3\"><span style=\"font-size: 14pt;\">Los consider\u00f3 que como los de m\u00e1s experiencia, \u201cporque el noble oficio de la pol\u00edtica requiere de paciencia, de coraz\u00f3n y de car\u00e1cter, no cualquiera, y hemos dicho en otras ocasiones y lo repito ahora, de lo mejor que hay en el pa\u00eds est\u00e1n Claudia Sheinbaum, Marcelo Ebrard, Ad\u00e1n Augusto L\u00f3pez Hern\u00e1ndez, con mucha experiencia, much\u00edsima\u201d.<\/span><\/p>\n<p class=\"p1\"><span style=\"font-size: 18pt;\"><strong>Claudia Sheinbaum expuso que a pesar de que se ha difundido informaci\u00f3n que \u201cno es real\u201d, el presupuesto del Metro ha ido en incremento. Para el presente a\u00f1o cuenta con 19 mil 700 millones de pesos, superior a los 18 mil 800 millones de 2022, y 4 mil millones de pesos m\u00e1s que en 2018.<\/strong><\/span><\/p>\n<p>&nbsp;<\/p>\n<p><img loading=\"lazy\" decoding=\"async\" class=\"aligncenter wp-image-11924\" src=\"http:\/\/noticiasveracruz.com\/wp-content\/uploads\/2023\/01\/P-GASTO-METRO-1-300x169.jpeg\" alt=\"\" width=\"800\" height=\"451\" srcset=\"https:\/\/noticiasveracruz.com\/wp-content\/uploads\/2023\/01\/P-GASTO-METRO-1-300x169.jpeg 300w, https:\/\/noticiasveracruz.com\/wp-content\/uploads\/2023\/01\/P-GASTO-METRO-1-768x433.jpeg 768w, https:\/\/noticiasveracruz.com\/wp-content\/uploads\/2023\/01\/P-GASTO-METRO-1.jpeg 961w\" sizes=\"auto, (max-width: 800px) 100vw, 800px\" \/><\/p>\n<p>&nbsp;<\/p>\n<p class=\"p5\"><span style=\"font-size: 18pt; color: #e42d33;\"><strong>Para finalizar el presidente Andr\u00e9s Manuel L\u00f3pez Obrador insisti\u00f3 que se han registrado hechos fuera de lo normal. Tras el choque de trenes registrado el fin de semana, dio a conocer que ese mismo d\u00eda hubo un problema en la L\u00ednea 3; al d\u00eda siguiente en la L\u00ednea 8, y ayer en la L\u00ednea 5.<\/strong><\/span><\/p>\n<p>&nbsp;<\/p>\n<p>&nbsp;<\/p>\n<p>&nbsp;<\/p>\n<p>&nbsp;<\/p>\n","protected":false},"excerpt":{"rendered":"<p>&nbsp; CIUDAD DE M\u00c9XICO. A partir de este jueves a las 14:00 horas m\u00e1s de 6 mil elementos de la<\/p>\n","protected":false},"author":4,"featured_media":11921,"comment_status":"closed","ping_status":"closed","sticky":false,"template":"","format":"standard","meta":{"colormag_page_container_layout":"default_layout","colormag_page_sidebar_layout":"default_layout","_jetpack_memberships_contains_paid_content":false,"footnotes":"","jetpack_publicize_message":"","jetpack_publicize_feature_enabled":true,"jetpack_social_post_already_shared":true,"jetpack_social_options":{"image_generator_settings":{"template":"highway","default_image_id":0,"font":"","enabled":false},"version":2}},"categories":[145],"tags":[65,598,1105,761,1931],"class_list":["post-11919","post","type-post","status-publish","format-standard","has-post-thumbnail","hentry","category-estados","tag-andres-manuel-lopez-obrador","tag-ciudad-de-mexico","tag-claudia-sheinbaum","tag-guardia-nacional","tag-metro"],"jetpack_publicize_connections":[],"jetpack_featured_media_url":"https:\/\/noticiasveracruz.com\/wp-content\/uploads\/2023\/01\/P-CLAUDIA-SHEINBAUM-METRO-2.png","jetpack_sharing_enabled":true,"publishpress_future_action":{"enabled":false,"date":"2026-05-09 05:18:14","action":"change-status","newStatus":"draft","terms":[],"taxonomy":"category","extraData":[]},"publishpress_future_workflow_manual_trigger":{"enabledWorkflows":[]},"_links":{"self":[{"href":"https:\/\/noticiasveracruz.com\/index.php\/wp-json\/wp\/v2\/posts\/11919","targetHints":{"allow":["GET"]}}],"collection":[{"href":"https:\/\/noticiasveracruz.com\/index.php\/wp-json\/wp\/v2\/posts"}],"about":[{"href":"https:\/\/noticiasveracruz.com\/index.php\/wp-json\/wp\/v2\/types\/post"}],"author":[{"embeddable":true,"href":"https:\/\/noticiasveracruz.com\/index.php\/wp-json\/wp\/v2\/users\/4"}],"replies":[{"embeddable":true,"href":"https:\/\/noticiasveracruz.com\/index.php\/wp-json\/wp\/v2\/comments?post=11919"}],"version-history":[{"count":0,"href":"https:\/\/noticiasveracruz.com\/index.php\/wp-json\/wp\/v2\/posts\/11919\/revisions"}],"wp:featuredmedia":[{"embeddable":true,"href":"https:\/\/noticiasveracruz.com\/index.php\/wp-json\/wp\/v2\/media\/11921"}],"wp:attachment":[{"href":"https:\/\/noticiasveracruz.com\/index.php\/wp-json\/wp\/v2\/media?parent=11919"}],"wp:term":[{"taxonomy":"category","embeddable":true,"href":"https:\/\/noticiasveracruz.com\/index.php\/wp-json\/wp\/v2\/categories?post=11919"},{"taxonomy":"post_tag","embeddable":true,"href":"https:\/\/noticiasveracruz.com\/index.php\/wp-json\/wp\/v2\/tags?post=11919"}],"curies":[{"name":"wp","href":"https:\/\/api.w.org\/{rel}","templated":true}]}}