{"id":11660,"date":"2023-01-10T21:11:24","date_gmt":"2023-01-11T03:11:24","guid":{"rendered":"https:\/\/noticiasveracruz.com\/?p=11660"},"modified":"2023-01-10T21:12:23","modified_gmt":"2023-01-11T03:12:23","slug":"cierran-acuerdo-lideres-de-america-del-norte-fortaleceran-esfuerzos-contra-el-trafico-del-fentanilo","status":"publish","type":"post","link":"https:\/\/noticiasveracruz.com\/index.php\/2023\/01\/10\/cierran-acuerdo-lideres-de-america-del-norte-fortaleceran-esfuerzos-contra-el-trafico-del-fentanilo\/","title":{"rendered":"L\u00edderes de Am\u00e9rica del Norte fortalecer\u00e1n esfuerzos contra el tr\u00e1fico del fentanilo\u00a0"},"content":{"rendered":"<p class=\"p1\"><span style=\"font-size: 14pt;\"><em><strong>CIUDAD DE M\u00c9XICO.<\/strong><\/em>\u00a0<strong>Estados Unidos, M\u00e9xico y Canad\u00e1<\/strong>, se comprometen en la <strong>Cumbre de L\u00edderes de Am\u00e9rica del Norte a fortalecer esfuerzos para combatir el tr\u00e1fico de drogas<\/strong>, en particular el <strong>fentanilo<\/strong>.<\/span><\/p>\n<p class=\"p1\"><span style=\"font-size: 18pt; color: #e42d33;\"><strong>El fentanilo es uno de los puntos centrales en la lucha contra el tr\u00e1fico de estupefacientes, por lo que se enfocar\u00e1n en atacar la cadena de suministro.<\/strong><\/span><\/p>\n<p class=\"p1\"><span style=\"font-size: 18pt;\"><strong>En el Patio Central de Palacio Nacional los presidente de las naciones de Norteam\u00e9rica: los presidentes de Estados Unidos, Joe Biden, y de M\u00e9xico, Andr\u00e9s Manuel L\u00f3pez Obrador, as\u00ed como el primer ministro de Canad\u00e1, Justin Trudeau, al cerrar la cumbre trilateral informaron el acuerdo.<\/strong><\/span><\/p>\n<p>&nbsp;<\/p>\n<p><img loading=\"lazy\" decoding=\"async\" class=\"aligncenter wp-image-14795 size-large\" src=\"https:\/\/politicosaldesnudo.com.mx\/wp-content\/uploads\/2023\/01\/P-FENTANILO-CUMBREAN-2-1024x573.png\" alt=\"\" width=\"800\" height=\"448\" \/><\/p>\n<p>&nbsp;<\/p>\n<blockquote>\n<p class=\"p1\"><span style=\"font-size: 14pt;\">Hemos decidido combatir el tr\u00e1fico de personas y el narcotr\u00e1fico. En los \u00faltimos seis meses la patrulla de M\u00e9xico captur\u00f3 a m\u00e1s de 7 mil traficantes de personas y tambi\u00e9n se han decomisado mil kilos de fentanilo en la frontera. Queremos fortalecer este esfuerzo para combatir el tr\u00e1fico de fentanilo, combatiendo la cadena misma de suministro, empezando por los qu\u00edmicos percusores con los que inicia esta cadena\u201d, se\u00f1al\u00f3 el mandatario estadounidense<\/span><\/p>\n<\/blockquote>\n<p>&nbsp;<\/p>\n<p class=\"p1\"><span style=\"font-size: 18pt;\"><strong>Por su parte, Andr\u00e9s Manuel L\u00f3pez Obrador sostuvo que el desaf\u00edo que implica el tr\u00e1fico de drogas se ha modificado porque ya no es s\u00f3lo la venta de mariguana o coca\u00edna, \u201cahora es el fentanilo y los qu\u00edmicos que son de lo m\u00e1s peligrosos y nocivos, da\u00f1inos porque causan muchas muertes, estamos trabajando en eso de manera organizada\u201d.<\/strong><\/span><\/p>\n<p class=\"p1\"><span style=\"font-size: 14pt;\">Andr\u00e9s Manuel L\u00f3pez Obrador inform\u00f3 que el ingreso a M\u00e9xico de precursores qu\u00edmicos para elaborar drogas sint\u00e9ticas y fentanilo que arribaban por los puertos, llev\u00f3 a su administraci\u00f3n a ordenar que las aduanas pasaran a ser controladas por las fuerzas armadas. <\/span><\/p>\n<p class=\"p1\"><span style=\"font-size: 18pt; color: #e42d33;\"><strong>Reconoci\u00f3 <span style=\"font-size: 18pt;\">Andr\u00e9s Manuel L\u00f3pez Obrador <\/span>que hab\u00eda mucho tr\u00e1fico de qu\u00edmicos en los puertos de Manzanillo y L\u00e1zaro C\u00e1rdenas, que se ha pretendido controlar con la participaci\u00f3n militar.<\/strong><\/span><\/p>\n<p>&nbsp;<\/p>\n<blockquote>\n<p class=\"p1\"><span style=\"font-size: 14pt;\">Lo hacemos porque nos importa ayudar a lo que est\u00e1 sucediendo en Estados Unidos, las muertes por fentanilo. No es un asunto s\u00f3lo de EU es que si no enfrentamos este flagelo, lo vamos a padecer nosotros tambi\u00e9n. Tenemos que actuar de manera coordinada y eso se trat\u00f3\u201d<\/span><\/p>\n<\/blockquote>\n<p>&nbsp;<\/p>\n<p>&nbsp;<\/p>\n<p>&nbsp;<\/p>\n<p>&nbsp;<\/p>\n","protected":false},"excerpt":{"rendered":"<p>CIUDAD DE M\u00c9XICO.\u00a0Estados Unidos, M\u00e9xico y Canad\u00e1, se comprometen en la Cumbre de L\u00edderes de Am\u00e9rica del Norte a fortalecer<\/p>\n","protected":false},"author":4,"featured_media":11661,"comment_status":"closed","ping_status":"closed","sticky":false,"template":"","format":"standard","meta":{"colormag_page_container_layout":"default_layout","colormag_page_sidebar_layout":"default_layout","_jetpack_memberships_contains_paid_content":false,"footnotes":"","jetpack_publicize_message":"","jetpack_publicize_feature_enabled":true,"jetpack_social_post_already_shared":true,"jetpack_social_options":{"image_generator_settings":{"template":"highway","default_image_id":0,"font":"","enabled":false},"version":2}},"categories":[4],"tags":[],"class_list":["post-11660","post","type-post","status-publish","format-standard","has-post-thumbnail","hentry","category-nacional"],"jetpack_publicize_connections":[],"jetpack_featured_media_url":"https:\/\/noticiasveracruz.com\/wp-content\/uploads\/2023\/01\/P-FENTANILO-CUMBREAN-1.png","jetpack_sharing_enabled":true,"publishpress_future_action":{"enabled":false,"date":"2026-05-06 16:33:34","action":"change-status","newStatus":"draft","terms":[],"taxonomy":"category","extraData":[]},"publishpress_future_workflow_manual_trigger":{"enabledWorkflows":[]},"_links":{"self":[{"href":"https:\/\/noticiasveracruz.com\/index.php\/wp-json\/wp\/v2\/posts\/11660","targetHints":{"allow":["GET"]}}],"collection":[{"href":"https:\/\/noticiasveracruz.com\/index.php\/wp-json\/wp\/v2\/posts"}],"about":[{"href":"https:\/\/noticiasveracruz.com\/index.php\/wp-json\/wp\/v2\/types\/post"}],"author":[{"embeddable":true,"href":"https:\/\/noticiasveracruz.com\/index.php\/wp-json\/wp\/v2\/users\/4"}],"replies":[{"embeddable":true,"href":"https:\/\/noticiasveracruz.com\/index.php\/wp-json\/wp\/v2\/comments?post=11660"}],"version-history":[{"count":0,"href":"https:\/\/noticiasveracruz.com\/index.php\/wp-json\/wp\/v2\/posts\/11660\/revisions"}],"wp:featuredmedia":[{"embeddable":true,"href":"https:\/\/noticiasveracruz.com\/index.php\/wp-json\/wp\/v2\/media\/11661"}],"wp:attachment":[{"href":"https:\/\/noticiasveracruz.com\/index.php\/wp-json\/wp\/v2\/media?parent=11660"}],"wp:term":[{"taxonomy":"category","embeddable":true,"href":"https:\/\/noticiasveracruz.com\/index.php\/wp-json\/wp\/v2\/categories?post=11660"},{"taxonomy":"post_tag","embeddable":true,"href":"https:\/\/noticiasveracruz.com\/index.php\/wp-json\/wp\/v2\/tags?post=11660"}],"curies":[{"name":"wp","href":"https:\/\/api.w.org\/{rel}","templated":true}]}}