{"id":11653,"date":"2023-01-10T19:59:43","date_gmt":"2023-01-11T01:59:43","guid":{"rendered":"https:\/\/noticiasveracruz.com\/?p=11653"},"modified":"2023-01-10T19:59:43","modified_gmt":"2023-01-11T01:59:43","slug":"gobierno-y-dif-de-tuxpan-entregan-apoyos-del-programa-desarrollo-a-la-vivienda-y-la-comunidad","status":"publish","type":"post","link":"https:\/\/noticiasveracruz.com\/index.php\/2023\/01\/10\/gobierno-y-dif-de-tuxpan-entregan-apoyos-del-programa-desarrollo-a-la-vivienda-y-la-comunidad\/","title":{"rendered":"Gobierno y DIF de Tuxpan entregan apoyos del Programa Desarrollo a la Vivienda y la Comunidad"},"content":{"rendered":"<p>&nbsp;<\/p>\n<p class=\"p2\" style=\"text-align: center;\"><span style=\"font-size: 18pt;\"><em>&lt;&lt; Familias fueron beneficiadas con refrigeradores, tinacos <\/em><\/span><\/p>\n<p class=\"p2\" style=\"text-align: center;\"><span style=\"font-size: 18pt;\"><em>y l\u00e1minas para techos &gt;&gt;<\/em><\/span><\/p>\n<p>&nbsp;<\/p>\n<p>&nbsp;<\/p>\n<p class=\"p2\"><span style=\"font-size: 14pt;\"><em><strong>TUXPAN, VERACRUZ.<\/strong> <\/em><strong>El Gobierno y\u00a0 el DIF de Tuxpan, as\u00ed como el DIF Estatal<\/strong> entregaron <strong>refrigeradores, tinacos y paquetes de l\u00e1minas para techos<\/strong>, a familias vulnerables beneficiadas por el<strong> Programa Desarrollo a la Vivienda y la Comunidad<\/strong>.<\/span><\/p>\n<p class=\"p2\"><span style=\"font-size: 18pt; color: #e42d33;\"><strong>El alcalde Jos\u00e9 Manuel Pozos destac\u00f3 que los apoyos que brinda este programa est\u00e1n orientados a garantizar una vivienda adecuada para mejorar las condiciones de salud y el desarrollo integral de las familias que m\u00e1s lo necesitan. <\/strong><\/span><\/p>\n<p>&nbsp;<\/p>\n<p><img loading=\"lazy\" decoding=\"async\" class=\"aligncenter wp-image-14772 size-large\" src=\"https:\/\/politicosaldesnudo.com.mx\/wp-content\/uploads\/2023\/01\/P-TUXPAN-DESARROLLO-VIVIENDA-5-1024x573.png\" alt=\"\" width=\"800\" height=\"448\" \/><\/p>\n<p>&nbsp;<\/p>\n<p class=\"p2\"><span style=\"font-size: 14pt;\">Agradeci\u00f3 Jos\u00e9 Manuel Pozos el respaldo del DIF Estatal y de su presidenta Rebeca Quintanar Barcel\u00f3, porque con su respaldo desde el a\u00f1o pasado se ha beneficiado a much\u00edsimas familias tuxpe\u00f1as a trav\u00e9s de este Programa de Desarrollo a la Vivienda y la Comunidad.<\/span><\/p>\n<p class=\"p2\"><span style=\"font-size: 18pt;\"><strong>Jos\u00e9 Manuel Pozos se\u00f1al\u00f3 que una de las \u00e1reas m\u00e1s sensibles es el DIF, motivo por el cual felicit\u00f3 a su esposa Pamela Morales y a su equipo de trabajo por la labor que est\u00e1n realizando en la atenci\u00f3n a ni\u00f1os y adultos mayores.<\/strong><\/span><\/p>\n<p>&nbsp;<\/p>\n<blockquote>\n<p class=\"p2\"><span style=\"font-size: 14pt;\">Vamos a seguir con ese compromiso, haciendo que la justicia social llegue a donde m\u00e1s se necesita, porque cuando los recursos p\u00fablicos se invierten con honestidad, con sentido de justicia social y humanismo, se logra un bienestar esperanzador y perdurable\u201d<\/span><\/p>\n<\/blockquote>\n<p>&nbsp;<\/p>\n<p><img loading=\"lazy\" decoding=\"async\" class=\"aligncenter wp-image-14770 size-large\" src=\"https:\/\/politicosaldesnudo.com.mx\/wp-content\/uploads\/2023\/01\/P-TUXPAN-DESARROLLO-VIVIENDA-2-1024x573.png\" alt=\"\" width=\"800\" height=\"448\" \/><\/p>\n<p>&nbsp;<\/p>\n<p class=\"p2\"><span style=\"font-size: 18pt;\"><strong>Asimismo puntualiz\u00f3 que todos los beneficios obtenidos son resultado del trabajo coordinado entre los tres niveles de gobierno. <\/strong><\/span><\/p>\n<p>&nbsp;<\/p>\n<blockquote>\n<p class=\"p2\"><span style=\"font-size: 14pt;\">Hoy tenemos la gran oportunidad de estar trabajando de manera coordinada con el presidente Andr\u00e9s Manuel L\u00f3pez Obrador y con nuestro gobernador Cuitl\u00e1huac Garc\u00eda Jim\u00e9nez, quienes han brindado su respaldo para que en Tuxpan se realicen proyectos que eran pr\u00e1cticamente imposibles, como el tema del agua potable y del alumbrado p\u00fablico, que pronto estar\u00e1n resueltos: en Tuxpan vamos a tener agua y estar\u00e1 iluminado\u201d<\/span><\/p>\n<\/blockquote>\n<p>&nbsp;<\/p>\n<p class=\"p2\"><span style=\"font-size: 18pt;\"><strong>De la misma manera, asegur\u00f3 que hoy se est\u00e1n entregando buenas cuentas \u201cporque los recursos se manejan con honestidad y los proyectos se llevan a cabo con planeaci\u00f3n\u201d, gracias a que existe un Plan Municipal de Desarrollo.<\/strong><\/span><\/p>\n<p>&nbsp;<\/p>\n<p><img loading=\"lazy\" decoding=\"async\" class=\"aligncenter wp-image-14769 size-large\" src=\"https:\/\/politicosaldesnudo.com.mx\/wp-content\/uploads\/2023\/01\/P-TUXPAN-DESARROLLO-VIVIENDA-1-1024x573.png\" alt=\"\" width=\"800\" height=\"448\" \/><\/p>\n<p>&nbsp;<\/p>\n<blockquote>\n<p class=\"p2\"><span style=\"font-size: 14pt;\">Somos un gobierno que sirve al pueblo, tengan la seguridad que lo vamos a seguir haciendo\u201d<\/span><\/p>\n<\/blockquote>\n<p>&nbsp;<\/p>\n<p class=\"p2\"><span style=\"font-size: 14pt;\">La entrega estuvo encabezada por el alcalde Jos\u00e9 Manuel Pozos Castro, Pamela Morales Huesca, presidenta del DIF Tuxpan; Maryanela Monroy Flores, regidora comisionada en Promoci\u00f3n y Defensa de los Derechos Humanos de la Ni\u00f1ez y la Infancia, as\u00ed como Eliseo Reyes Melchor, director del DIF Tuxpan.<\/span><\/p>\n<p class=\"p2\"><span style=\"font-size: 14pt;\">Adem\u00e1s estuvieron presentes Mar\u00eda del Carmen Ramos Alejandre, coordinadora de Asistencia Alimentaria y Desarrollo Comunitario, y Bel\u00e9n Reyes Hern\u00e1ndez, Agente Municipal de Alto Lucero.<\/span><\/p>\n<p>&nbsp;<\/p>\n<hr \/>\n<p>&nbsp;<\/p>\n<p class=\"p2\" style=\"text-align: center;\"><span style=\"font-size: 18pt; color: #e42d33;\"><em>** Este programa es p\u00fablico, ajeno a cualquier partido pol\u00edtico. <\/em><\/span><\/p>\n<p class=\"p2\" style=\"text-align: center;\"><span style=\"font-size: 18pt; color: #e42d33;\"><em>Queda prohibido el uso para fines distintos a los establecidos en el programa **<\/em><\/span><\/p>\n<p>&nbsp;<\/p>\n<p>&nbsp;<\/p>\n<p>&nbsp;<\/p>\n<p>&nbsp;<\/p>\n<p>&nbsp;<\/p>\n","protected":false},"excerpt":{"rendered":"<p>&nbsp; &lt;&lt; Familias fueron beneficiadas con refrigeradores, tinacos y l\u00e1minas para techos &gt;&gt; &nbsp; &nbsp; TUXPAN, VERACRUZ. El Gobierno y\u00a0<\/p>\n","protected":false},"author":4,"featured_media":11656,"comment_status":"closed","ping_status":"closed","sticky":false,"template":"","format":"standard","meta":{"colormag_page_container_layout":"default_layout","colormag_page_sidebar_layout":"default_layout","_jetpack_memberships_contains_paid_content":false,"footnotes":"","jetpack_publicize_message":"","jetpack_publicize_feature_enabled":true,"jetpack_social_post_already_shared":true,"jetpack_social_options":{"image_generator_settings":{"template":"highway","default_image_id":0,"font":"","enabled":false},"version":2}},"categories":[356],"tags":[1042,701,1778,1948,72,73],"class_list":["post-11653","post","type-post","status-publish","format-standard","has-post-thumbnail","hentry","category-veracruz","tag-dif-tuxpan","tag-jose-manuel-pozos","tag-pamela-morales","tag-programa-desarrollo-a-la-vivienda-y-la-comunidad","tag-tuxpan","tag-veracruz"],"jetpack_publicize_connections":[],"jetpack_featured_media_url":"https:\/\/noticiasveracruz.com\/wp-content\/uploads\/2023\/01\/P-TUXPAN-DESARROLLO-VIVIENDA-4.png","jetpack_sharing_enabled":true,"publishpress_future_action":{"enabled":false,"date":"2026-05-07 00:59:47","action":"change-status","newStatus":"draft","terms":[],"taxonomy":"category","extraData":[]},"publishpress_future_workflow_manual_trigger":{"enabledWorkflows":[]},"_links":{"self":[{"href":"https:\/\/noticiasveracruz.com\/index.php\/wp-json\/wp\/v2\/posts\/11653","targetHints":{"allow":["GET"]}}],"collection":[{"href":"https:\/\/noticiasveracruz.com\/index.php\/wp-json\/wp\/v2\/posts"}],"about":[{"href":"https:\/\/noticiasveracruz.com\/index.php\/wp-json\/wp\/v2\/types\/post"}],"author":[{"embeddable":true,"href":"https:\/\/noticiasveracruz.com\/index.php\/wp-json\/wp\/v2\/users\/4"}],"replies":[{"embeddable":true,"href":"https:\/\/noticiasveracruz.com\/index.php\/wp-json\/wp\/v2\/comments?post=11653"}],"version-history":[{"count":0,"href":"https:\/\/noticiasveracruz.com\/index.php\/wp-json\/wp\/v2\/posts\/11653\/revisions"}],"wp:featuredmedia":[{"embeddable":true,"href":"https:\/\/noticiasveracruz.com\/index.php\/wp-json\/wp\/v2\/media\/11656"}],"wp:attachment":[{"href":"https:\/\/noticiasveracruz.com\/index.php\/wp-json\/wp\/v2\/media?parent=11653"}],"wp:term":[{"taxonomy":"category","embeddable":true,"href":"https:\/\/noticiasveracruz.com\/index.php\/wp-json\/wp\/v2\/categories?post=11653"},{"taxonomy":"post_tag","embeddable":true,"href":"https:\/\/noticiasveracruz.com\/index.php\/wp-json\/wp\/v2\/tags?post=11653"}],"curies":[{"name":"wp","href":"https:\/\/api.w.org\/{rel}","templated":true}]}}