{"id":11651,"date":"2023-01-10T08:36:04","date_gmt":"2023-01-10T14:36:04","guid":{"rendered":"https:\/\/noticiasveracruz.com\/?p=11651"},"modified":"2023-01-10T18:07:19","modified_gmt":"2023-01-11T00:07:19","slug":"el-padron-de-bienestar-en-veracruz","status":"publish","type":"post","link":"https:\/\/noticiasveracruz.com\/index.php\/2023\/01\/10\/el-padron-de-bienestar-en-veracruz\/","title":{"rendered":"El padr\u00f3n de Bienestar en Veracruz"},"content":{"rendered":"<p>&nbsp;<\/p>\n<p class=\"p1\" style=\"text-align: center;\"><em><span style=\"font-size: 18pt;\"><strong>&lt;&lt; 2 millones 820 mil 683 adultos mayores, j\u00f3venes y hasta ni\u00f1os &gt;&gt;<\/strong><\/span><\/em><\/p>\n<p class=\"p1\" style=\"text-align: center;\"><em><span style=\"font-size: 18pt;\"><strong>&lt;&lt; El gobierno federal el a\u00f1o pasado reparti\u00f3 67 mil 170 millones de pesos &gt;&gt;<\/strong><\/span><\/em><\/p>\n<p class=\"p1\" style=\"text-align: center;\"><em><span style=\"font-size: 18pt;\"><strong>&lt;&lt; Ning\u00fan partido pol\u00edtico en Veracruz cuenta con tantos simpatizantes &gt;&gt;<\/strong><\/span><\/em><\/p>\n<p>&nbsp;<\/p>\n<p>&nbsp;<\/p>\n<p class=\"p1\"><span style=\"font-size: 18pt;\"><strong>Por Miguel \u00c1ngel Cristiani Gonz\u00e1lez<\/strong><\/span><\/p>\n<p class=\"p1\"><span style=\"font-size: 14pt;\">Merecen ser destacados los datos que dio a conocer el gobernador del estado Cuitl\u00e1huac Garc\u00eda Jimenez en su conferencia de prensa ma\u00f1anera, en la que entre otras cosas, revel\u00f3 que en Veracruz el total de beneficiarios de los distintos programas sociales del gobierno federal asciende a 2 millones 820 mil 683 adultos mayores, j\u00f3venes y hasta ni\u00f1os.<\/span><\/p>\n<p class=\"p1\"><span style=\"font-size: 14pt;\">Ese dato es muy significativo, porque revela tambi\u00e9n de que tama\u00f1o es la infraestructura de los distintos programas sociales en Veracruz.<\/span><\/p>\n<p class=\"p1\"><span style=\"font-size: 14pt;\">Al respecto es conveniente tambi\u00e9n se\u00f1alar que el a\u00f1o pr\u00f3ximo habr\u00e1 elecciones para elegir al pr\u00f3ximo gobernador del estado y hasta el momento, no hay ning\u00fan partido pol\u00edtico que cuente con un n\u00famero parecido de simpatizantes.<\/span><\/p>\n<p class=\"p1\"><span style=\"font-size: 14pt;\">Aunque los cerca de tres millones de beneficiarios de los programas sociales del gobierno federal no significa necesariamente que vayan a votar por los candidatos del partido oficial, lo cierto es que un buen n\u00famero de ellos, s\u00ed lo har\u00e1n.<\/span><\/p>\n<p class=\"p1\"><span style=\"font-size: 14pt;\">La suma de todos esos beneficiarios de los programas sociales, constituyen la mayor estructura de simpatizantes partidistas.<\/span><\/p>\n<p class=\"p1\"><span style=\"font-size: 14pt;\">Y mientras tanto, los partidos de la mal llamada oposici\u00f3n, siguen durmiendo en sus laureles o en las luchas internas por el poder y control de sus membretes.<\/span><\/p>\n<p class=\"p1\"><span style=\"font-size: 14pt;\">Para tener una mejor idea de lo que significan esos n\u00fameros, que hasta ahora no hab\u00edan sido revelados ni por el super delegado de Bienestar Manuel Huerta Ladr\u00f3n de Guevara, quien como responsable del reparto de esos beneficios, tambi\u00e9n conf\u00eda en que ello le permitir\u00e1 figurar en la lista de las encuestas para elegir candidato a gobernador, no hab\u00edan sido transparentados por ninguna otra autoridad federal o estatal.<\/span><\/p>\n<p class=\"p1\"><span style=\"font-size: 14pt;\">Esos 2 millones 820 mil 683 beneficiarios deben de ser multiplicados por los integrantes de una familia, con lo que la cifra se eleva considerablemente.<\/span><\/p>\n<p class=\"p1\"><span style=\"font-size: 14pt;\">Tan solo el a\u00f1o que acaba de concluir, el gobierno federal con los distintos programas sociales reparti\u00f3 67 mil 170 millones de pesos, a todo lo largo y ancho de la entidad, desde la capital del estado hasta las comunidades m\u00e1s apartadas, les ha llegado el billete.<\/span><\/p>\n<p class=\"p1\"><span style=\"font-size: 14pt;\">Son un total de 20 los programas sociales del gobierno federal en Veracruz.<\/span><\/p>\n<p class=\"p1\"><span style=\"font-size: 14pt;\">Esos 2 millones 820 mil 683 beneficiarios directos se encuentran entre quienes reciben la Pensi\u00f3n para el Bienestar de Adultos Mayores, a Personas con Discapacidad, a Ni\u00f1as, Ni\u00f1os e Hijos de Madres Trabajadoras, Apoyo para el Bienestar de las Ni\u00f1as, Ni\u00f1os, Hijos de Madres Trabajadoras.<\/span><\/p>\n<p class=\"p1\"><span style=\"font-size: 14pt;\">As\u00ed como Tandas para el Bienestar, Producci\u00f3n para el Bienestar, Producci\u00f3n para el Bienestar &#8211; Caf\u00e9, Producci\u00f3n para el Bienestar &#8211; Ca\u00f1a de az\u00facar, Programa de Fomento a la Agricultura, Ganader\u00eda, Pesca y Acuicultura, Precios de Garant\u00eda a Productos Alimentarios B\u00e1sicos.<\/span><\/p>\n<p class=\"p1\"><span style=\"font-size: 14pt;\">Adem\u00e1s, con Sembrando Vida, Producci\u00f3n para el Bienestar Productores Ind\u00edgenas, Producci\u00f3n para el Bienestar- Peque\u00f1os Productores, Programa para el Bienestar de las Personas en Emergencia Social o Natural, Programa Emergente de Vivienda.<\/span><\/p>\n<p class=\"p1\"><span style=\"font-size: 14pt;\">J\u00f3venes Construyendo el Futuro, J\u00f3venes Escribiendo el Futuro, Becas de Educaci\u00f3n B\u00e1sica para el Bienestar Benito Ju\u00e1rez, Beca Universal para Estudiantes de Educaci\u00f3n Media Superior Benito Ju\u00e1rez y el Programa de Becas Elisa Acu\u00f1a.<\/span><\/p>\n<p class=\"p1\"><span style=\"font-size: 14pt;\">Todos esos sectores, no los tiene ning\u00fan partido pol\u00edtico en la entidad.<\/span><\/p>\n<p class=\"p1\"><span style=\"font-size: 14pt;\">Mucho menos tienen esa cobertura a nivel estatal.<\/span><\/p>\n<p class=\"p1\"><span style=\"font-size: 14pt;\">Por ello es tambi\u00e9n que de los 252 bancos de Bienestar proyectados 59 se han inaugurado y 171 m\u00e1s concluidos; de la Universidad Benito Ju\u00e1rez ya hay 10 construidas y 9 en gesti\u00f3n, aunque tampoco se ha difundido adecuadamente en d\u00f3nde\u00a0y c\u00f3mo es que funcionan.<\/span><\/p>\n<p class=\"p1\"><span style=\"font-size: 14pt;\">En la implementaci\u00f3n de otro de los programas federales que maneja miles de millones de pesos es el de La Escuela es Nuestra, que seg\u00fan datos oficiales, a diciembre pasado hab\u00eda 14 mil 71 escuelas beneficiarias con 2 mil 962 millones 350 mil en derrama econ\u00f3mica y, en relaci\u00f3n al avance del Plan Nacional de Vacunaci\u00f3n se aplicaron 13 millones 422 mil 413, pero el tema de las vacunas es otro rollo, como dir\u00eda la Nana Goya.<\/span><\/p>\n<p>&nbsp;<\/p>\n<hr \/>\n<p>&nbsp;<\/p>\n<p class=\"p1\"><span style=\"font-size: 18pt;\"><strong>Cont\u00e1ctanos en nuestras redes sociales:<\/strong><\/span><\/p>\n<p class=\"p1\"><span style=\"font-size: 18pt;\"><strong><a href=\"https:\/\/www.canva.com\/design\/DAEN5B9DWgs\/ZCHd2Z8KueYjlg_d59Op3A\/view\">https:\/\/www.canva.com\/design\/DAEN5B9DWgs\/ZCHd2Z8KueYjlg_d59Op3A\/view<\/a><\/strong><\/span><\/p>\n<p>&nbsp;<\/p>\n<p><img loading=\"lazy\" decoding=\"async\" class=\"aligncenter wp-image-11449\" src=\"http:\/\/noticiasveracruz.com\/wp-content\/uploads\/2023\/01\/FIRMA-EDITORIAL-NV-300x37.png\" alt=\"\" width=\"1000\" height=\"122\" srcset=\"https:\/\/noticiasveracruz.com\/wp-content\/uploads\/2023\/01\/FIRMA-EDITORIAL-NV-300x37.png 300w, https:\/\/noticiasveracruz.com\/wp-content\/uploads\/2023\/01\/FIRMA-EDITORIAL-NV-1024x125.png 1024w, https:\/\/noticiasveracruz.com\/wp-content\/uploads\/2023\/01\/FIRMA-EDITORIAL-NV-768x94.png 768w, https:\/\/noticiasveracruz.com\/wp-content\/uploads\/2023\/01\/FIRMA-EDITORIAL-NV-1536x188.png 1536w, https:\/\/noticiasveracruz.com\/wp-content\/uploads\/2023\/01\/FIRMA-EDITORIAL-NV-2048x250.png 2048w\" sizes=\"auto, (max-width: 1000px) 100vw, 1000px\" \/><\/p>\n<p>&nbsp;<\/p>\n<p>&nbsp;<\/p>\n","protected":false},"excerpt":{"rendered":"<p>&nbsp; &lt;&lt; 2 millones 820 mil 683 adultos mayores, j\u00f3venes y hasta ni\u00f1os &gt;&gt; &lt;&lt; El gobierno federal el a\u00f1o<\/p>\n","protected":false},"author":4,"featured_media":3280,"comment_status":"closed","ping_status":"closed","sticky":false,"template":"","format":"standard","meta":{"colormag_page_container_layout":"default_layout","colormag_page_sidebar_layout":"default_layout","_jetpack_memberships_contains_paid_content":false,"footnotes":"","jetpack_publicize_message":"","jetpack_publicize_feature_enabled":true,"jetpack_social_post_already_shared":true,"jetpack_social_options":{"image_generator_settings":{"template":"highway","default_image_id":0,"font":"","enabled":false},"version":2}},"categories":[6],"tags":[],"class_list":["post-11651","post","type-post","status-publish","format-standard","has-post-thumbnail","hentry","category-columnistas"],"jetpack_publicize_connections":[],"jetpack_featured_media_url":"https:\/\/noticiasveracruz.com\/wp-content\/uploads\/2022\/04\/NV-MIGUEL-A\u0301NGEL-CRISTIANI.png","jetpack_sharing_enabled":true,"publishpress_future_action":{"enabled":false,"date":"2026-05-09 02:45:39","action":"change-status","newStatus":"draft","terms":[],"taxonomy":"category","extraData":[]},"publishpress_future_workflow_manual_trigger":{"enabledWorkflows":[]},"_links":{"self":[{"href":"https:\/\/noticiasveracruz.com\/index.php\/wp-json\/wp\/v2\/posts\/11651","targetHints":{"allow":["GET"]}}],"collection":[{"href":"https:\/\/noticiasveracruz.com\/index.php\/wp-json\/wp\/v2\/posts"}],"about":[{"href":"https:\/\/noticiasveracruz.com\/index.php\/wp-json\/wp\/v2\/types\/post"}],"author":[{"embeddable":true,"href":"https:\/\/noticiasveracruz.com\/index.php\/wp-json\/wp\/v2\/users\/4"}],"replies":[{"embeddable":true,"href":"https:\/\/noticiasveracruz.com\/index.php\/wp-json\/wp\/v2\/comments?post=11651"}],"version-history":[{"count":0,"href":"https:\/\/noticiasveracruz.com\/index.php\/wp-json\/wp\/v2\/posts\/11651\/revisions"}],"wp:featuredmedia":[{"embeddable":true,"href":"https:\/\/noticiasveracruz.com\/index.php\/wp-json\/wp\/v2\/media\/3280"}],"wp:attachment":[{"href":"https:\/\/noticiasveracruz.com\/index.php\/wp-json\/wp\/v2\/media?parent=11651"}],"wp:term":[{"taxonomy":"category","embeddable":true,"href":"https:\/\/noticiasveracruz.com\/index.php\/wp-json\/wp\/v2\/categories?post=11651"},{"taxonomy":"post_tag","embeddable":true,"href":"https:\/\/noticiasveracruz.com\/index.php\/wp-json\/wp\/v2\/tags?post=11651"}],"curies":[{"name":"wp","href":"https:\/\/api.w.org\/{rel}","templated":true}]}}