{"id":11646,"date":"2023-01-10T17:41:01","date_gmt":"2023-01-10T23:41:01","guid":{"rendered":"https:\/\/noticiasveracruz.com\/?p=11646"},"modified":"2023-01-10T20:09:51","modified_gmt":"2023-01-11T02:09:51","slug":"moodys-cumbre-de-lideres-de-america-del-norte-traera-resultados-positivos-para-mexico","status":"publish","type":"post","link":"https:\/\/noticiasveracruz.com\/index.php\/2023\/01\/10\/moodys-cumbre-de-lideres-de-america-del-norte-traera-resultados-positivos-para-mexico\/","title":{"rendered":"Moody\u2019s: Cumbre de L\u00edderes de Am\u00e9rica del Norte traer\u00e1 resultados positivos para M\u00e9xico"},"content":{"rendered":"<p class=\"p1\"><span style=\"font-size: 14pt;\"><em><strong>CIUDAD DE M\u00c9XICO.<\/strong> <\/em>Al dar inicio la <strong>Cumbre de L\u00edderes de Am\u00e9rica del Norte<\/strong> la <strong>agencia Moody\u2019s<\/strong> estima que <strong>M\u00e9xico obtenga resultados econ\u00f3micos positivos.<\/strong><\/span><\/p>\n<p class=\"p1\"><span style=\"font-size: 18pt; color: #e42d33;\"><strong>As\u00ed lo dio a conocer en un an\u00e1lisis publicado por el director para Am\u00e9rica Latina de Moody\u2019s Analytics, Alfredo Couti\u00f1o, se\u00f1al\u00f3 que en M\u00e9xico existe optimismo sobre todo por las fricciones con Estados Unidos y Canad\u00e1 con relaci\u00f3n al T-MEC.<\/strong><\/span><\/p>\n<p>&nbsp;<\/p>\n<blockquote>\n<p class=\"p1\"><span style=\"font-size: 14pt;\">En M\u00e9xico existe un moderado optimismo con respecto a los resultados de la reuni\u00f3n, en particular dadas las fricciones comerciales existentes en torno al cumplimiento del acuerdo comercial por parte de M\u00e9xico\u201d<\/span><\/p>\n<\/blockquote>\n<p>&nbsp;<\/p>\n<p class=\"p1\"><span style=\"font-size: 18pt;\"><strong>Moody\u2019s se\u00f1ala que en la reuni\u00f3n trilateral entre los presidentes Andr\u00e9s Manuel L\u00f3pez Obrador y el primer ministro Justin Trudeau, posiblemente se traten temas relacionados con la migraci\u00f3n, la lucha contra el narcotr\u00e1fico y la pol\u00edtica energ\u00e9tica, adem\u00e1s de asuntos econ\u00f3micos y comerciales.<\/strong><\/span><\/p>\n<blockquote><p>&nbsp;<\/p>\n<p class=\"p1\"><span style=\"font-size: 14pt;\">Se discuten asuntos que incluyen las relaciones comerciales, de inversi\u00f3n y colaboraci\u00f3n sobre seguridad nacional en la regi\u00f3n. A pesar de que puedan darse anuncios positivos, tanto inversionistas como empresarios son cautos en sus expectativas sobre posibles resultados en cuanto a la controversia energ\u00e9tica contra M\u00e9xico interpuesta por Canad\u00e1 y Estados Unidos\u201d<\/span><\/p>\n<\/blockquote>\n<p>&nbsp;<\/p>\n<p class=\"p1\"><span style=\"font-size: 14pt;\">Adem\u00e1s el an\u00e1lisis refiere que el impacto econ\u00f3mico que puede tener en Brasil el asalto al Palacio Presidencial, el Congreso y la Suprema Corte perpetrado por ultraderechistas el pasado domingo.<\/span><\/p>\n<p>&nbsp;<\/p>\n<blockquote>\n<p class=\"p1\"><span style=\"font-size: 14pt;\">Hasta ahora, los mercados financieros de Brasil y M\u00e9xico se han mantenido en relativa calma pero a la expectativa. El impacto potencial sobre las perspectivas econ\u00f3micas en ambos pa\u00edses, respectivamente, depender\u00e1n de los resultados y las negociaciones que se logren en torno a cada evento en particular\u201d<\/span><\/p>\n<\/blockquote>\n<p class=\"p1\"><span style=\"font-size: 14pt;\">Recordemos que en la reuni\u00f3n de este lunes, L\u00f3pez L\u00f3pez Obrador y Biden debatieron sobre migraci\u00f3n, narcotr\u00e1fico y el asalto a las instituciones en Brasil.<\/span><\/p>\n","protected":false},"excerpt":{"rendered":"<p>CIUDAD DE M\u00c9XICO. Al dar inicio la Cumbre de L\u00edderes de Am\u00e9rica del Norte la agencia Moody\u2019s estima que M\u00e9xico<\/p>\n","protected":false},"author":4,"featured_media":11659,"comment_status":"closed","ping_status":"closed","sticky":false,"template":"","format":"standard","meta":{"colormag_page_container_layout":"default_layout","colormag_page_sidebar_layout":"default_layout","_jetpack_memberships_contains_paid_content":false,"footnotes":"","jetpack_publicize_message":"","jetpack_publicize_feature_enabled":true,"jetpack_social_post_already_shared":true,"jetpack_social_options":{"image_generator_settings":{"template":"highway","default_image_id":0,"font":"","enabled":false},"version":2}},"categories":[1947],"tags":[],"class_list":["post-11646","post","type-post","status-publish","format-standard","has-post-thumbnail","hentry","category-economia"],"jetpack_publicize_connections":[],"jetpack_featured_media_url":"https:\/\/noticiasveracruz.com\/wp-content\/uploads\/2023\/01\/P-MOODYS-ANALISIS.png","jetpack_sharing_enabled":true,"publishpress_future_action":{"enabled":false,"date":"2026-05-07 00:16:40","action":"change-status","newStatus":"draft","terms":[],"taxonomy":"category","extraData":[]},"publishpress_future_workflow_manual_trigger":{"enabledWorkflows":[]},"_links":{"self":[{"href":"https:\/\/noticiasveracruz.com\/index.php\/wp-json\/wp\/v2\/posts\/11646","targetHints":{"allow":["GET"]}}],"collection":[{"href":"https:\/\/noticiasveracruz.com\/index.php\/wp-json\/wp\/v2\/posts"}],"about":[{"href":"https:\/\/noticiasveracruz.com\/index.php\/wp-json\/wp\/v2\/types\/post"}],"author":[{"embeddable":true,"href":"https:\/\/noticiasveracruz.com\/index.php\/wp-json\/wp\/v2\/users\/4"}],"replies":[{"embeddable":true,"href":"https:\/\/noticiasveracruz.com\/index.php\/wp-json\/wp\/v2\/comments?post=11646"}],"version-history":[{"count":0,"href":"https:\/\/noticiasveracruz.com\/index.php\/wp-json\/wp\/v2\/posts\/11646\/revisions"}],"wp:featuredmedia":[{"embeddable":true,"href":"https:\/\/noticiasveracruz.com\/index.php\/wp-json\/wp\/v2\/media\/11659"}],"wp:attachment":[{"href":"https:\/\/noticiasveracruz.com\/index.php\/wp-json\/wp\/v2\/media?parent=11646"}],"wp:term":[{"taxonomy":"category","embeddable":true,"href":"https:\/\/noticiasveracruz.com\/index.php\/wp-json\/wp\/v2\/categories?post=11646"},{"taxonomy":"post_tag","embeddable":true,"href":"https:\/\/noticiasveracruz.com\/index.php\/wp-json\/wp\/v2\/tags?post=11646"}],"curies":[{"name":"wp","href":"https:\/\/api.w.org\/{rel}","templated":true}]}}