{"id":11638,"date":"2023-01-10T10:40:19","date_gmt":"2023-01-10T16:40:19","guid":{"rendered":"https:\/\/noticiasveracruz.com\/?p=11638"},"modified":"2023-01-10T10:40:19","modified_gmt":"2023-01-10T16:40:19","slug":"periodistas-desaparecidos-en-guerrero-son-exhibidos-encadenados-en-video","status":"publish","type":"post","link":"https:\/\/noticiasveracruz.com\/index.php\/2023\/01\/10\/periodistas-desaparecidos-en-guerrero-son-exhibidos-encadenados-en-video\/","title":{"rendered":"Periodistas desaparecidos en Guerrero son exhibidos encadenados en video \u00a0"},"content":{"rendered":"<p>&nbsp;<\/p>\n<p class=\"p1\"><span style=\"font-size: 14pt;\"><em><strong>CHILPANCINGO, GUERRERO.<\/strong> <\/em>Desaparecidos el pasado 27 de diciembre, tres periodistas del medio digital Escenario Calentano fueron exhibidos en un video de 41 segundos, donde se les observa encadenados de pies y manos.<\/span><\/p>\n<p class=\"p1\"><span style=\"font-size: 18pt;\"><strong>Y es que en el video que se dio a conocer en Twitter por Periodistas Desplazados M\u00e9xico se puede ver a los reporteros Fernando Moreno Villegas y Alan Garc\u00eda Aguilar explicando que su captura se produjo por haber difundido informaci\u00f3n en contra de diferentes personas que operan en la regi\u00f3n de Tierra Caliente, una zona marcada por el crimen organizado que abarca partes del Estado de M\u00e9xico, Guerrero y Michoac\u00e1n.<\/strong><\/span><\/p>\n<p>&nbsp;<\/p>\n<div style=\"width: 320px;\" class=\"wp-video\"><video class=\"wp-video-shortcode\" id=\"video-11638-1\" width=\"320\" height=\"568\" preload=\"metadata\" controls=\"controls\"><source type=\"video\/mp4\" src=\"https:\/\/politicosaldesnudo.com.mx\/wp-content\/uploads\/2023\/01\/VIDEO-REPORTEROS-ESCENARIO-CALENTANO.mp4?_=1\" \/><a href=\"https:\/\/politicosaldesnudo.com.mx\/wp-content\/uploads\/2023\/01\/VIDEO-REPORTEROS-ESCENARIO-CALENTANO.mp4\">https:\/\/politicosaldesnudo.com.mx\/wp-content\/uploads\/2023\/01\/VIDEO-REPORTEROS-ESCENARIO-CALENTANO.mp4<\/a><\/video><\/div>\n<p>&nbsp;<\/p>\n<p class=\"p1\"><span style=\"font-size: 18pt; color: #e42d33;\"><strong>Escenario Calentano\u00a0fue creado hace cinco a\u00f1os por Alan Garc\u00eda y sol\u00eda reportar sobre temas de inseguridad y violencia en la regi\u00f3n. Recientemente, el medio\u00a0hab\u00eda escrito\u00a0notas relacionadas con la organizaci\u00f3n criminal\u00a0La Nueva Familia Michoacana\u00a0y, en particular, contra uno de sus l\u00edderes, Jos\u00e9 Alfredo Hurtado alias &#8216;El Fresa&#8217;, a quien en su \u00faltima publicaci\u00f3n, compartida el 14 de diciembre, denunciaron por extorsi\u00f3n.\u00a0<\/strong><\/span><\/p>\n<p>&nbsp;<\/p>\n<blockquote>\n<p class=\"p1\"><span style=\"font-size: 14pt;\">Fresa, ya deja en paz al pueblo, deja que trabajen libremente, sin cuotas, sin estar subiendo los precios de acuerdo a tus necesidades\u00a0[&#8230;]\u00a0Fuera la delincuencia organizada\u201d, exhort\u00f3 el sitio, seg\u00fan pudo\u00a0recuperar\u00a0un medio local.\u00a0<\/span><\/p>\n<\/blockquote>\n<p>&nbsp;<\/p>\n<p class=\"p1\"><strong><span style=\"font-size: 14pt;\">A\u00fan\u00a0se desconoce el paradero del tercer reportero desaparecido, Jes\u00fas Pintor Alegre, que durante varios a\u00f1os residi\u00f3 en la capital del estado de Guerrero, Chilpancingo, y\u00a0trabaj\u00f3 como reportero de La Jornada\u00a0en esa entidad. Seg\u00fan informa\u00a0Milenio, el periodista no sol\u00eda cubrir noticias de tipo polic\u00edaco.\u00a0<\/span><\/strong><\/p>\n<p>&nbsp;<\/p>\n<figure id=\"attachment_14736\" aria-describedby=\"caption-attachment-14736\" style=\"width: 800px\" class=\"wp-caption aligncenter\"><img loading=\"lazy\" decoding=\"async\" class=\"wp-image-14736 size-large\" src=\"https:\/\/politicosaldesnudo.com.mx\/wp-content\/uploads\/2023\/01\/P-JESUS-PINTOR-LA-JORNADA-1024x573.png\" alt=\"\" width=\"800\" height=\"448\" \/><figcaption id=\"caption-attachment-14736\" class=\"wp-caption-text\">Jes\u00fas Pintor Alegre. Foto: La Jornada.<\/figcaption><\/figure>\n<p>&nbsp;<\/p>\n<p class=\"p1\"><span style=\"font-size: 18pt;\"><strong>En la Tierra Caliente de Guerrero son frecuentes los episodios violentos producto de la operaci\u00f3n de grupos criminales que disputan territorios y rutas para el tr\u00e1fico de droga, as\u00ed como por el combate a ellos por parte de las autoridades.<\/strong><\/span><\/p>\n<p class=\"p1\"><span style=\"font-size: 14pt;\">Recordemos que tan s\u00f3lo en 2022 fueron asesinados\u00a011 periodistas\u00a0en M\u00e9xico,\u00a0siendo el pa\u00eds que no est\u00e1 en guerra m\u00e1s peligroso para ejercer la profesi\u00f3n, de acuerdo con un\u00a0informe\u00a0de Reporteros Sin Fronteras. Hasta diciembre, 27 periodistas tambi\u00e9n hab\u00edan sido reportados como desaparecidos en el pa\u00eds.\u00a0<\/span><\/p>\n<p>&nbsp;<\/p>\n<p>&nbsp;<\/p>\n<p>&nbsp;<\/p>\n","protected":false},"excerpt":{"rendered":"<p>&nbsp; CHILPANCINGO, GUERRERO. Desaparecidos el pasado 27 de diciembre, tres periodistas del medio digital Escenario Calentano fueron exhibidos en un<\/p>\n","protected":false},"author":4,"featured_media":11639,"comment_status":"closed","ping_status":"closed","sticky":false,"template":"","format":"standard","meta":{"colormag_page_container_layout":"default_layout","colormag_page_sidebar_layout":"default_layout","_jetpack_memberships_contains_paid_content":false,"footnotes":"","jetpack_publicize_message":"","jetpack_publicize_feature_enabled":true,"jetpack_social_post_already_shared":true,"jetpack_social_options":{"image_generator_settings":{"template":"highway","default_image_id":0,"font":"","enabled":false},"version":2}},"categories":[145],"tags":[1945,1944,1946,102,217],"class_list":["post-11638","post","type-post","status-publish","format-standard","has-post-thumbnail","hentry","category-estados","tag-alan-garcia","tag-escenario-calentano","tag-fernando-moreno","tag-guerrero","tag-periodistas"],"jetpack_publicize_connections":[],"jetpack_featured_media_url":"https:\/\/noticiasveracruz.com\/wp-content\/uploads\/2023\/01\/P-PERIODISTAS-GUERRERO-NV.png","jetpack_sharing_enabled":true,"publishpress_future_action":{"enabled":false,"date":"2026-05-06 23:26:48","action":"change-status","newStatus":"draft","terms":[],"taxonomy":"category","extraData":[]},"publishpress_future_workflow_manual_trigger":{"enabledWorkflows":[]},"_links":{"self":[{"href":"https:\/\/noticiasveracruz.com\/index.php\/wp-json\/wp\/v2\/posts\/11638","targetHints":{"allow":["GET"]}}],"collection":[{"href":"https:\/\/noticiasveracruz.com\/index.php\/wp-json\/wp\/v2\/posts"}],"about":[{"href":"https:\/\/noticiasveracruz.com\/index.php\/wp-json\/wp\/v2\/types\/post"}],"author":[{"embeddable":true,"href":"https:\/\/noticiasveracruz.com\/index.php\/wp-json\/wp\/v2\/users\/4"}],"replies":[{"embeddable":true,"href":"https:\/\/noticiasveracruz.com\/index.php\/wp-json\/wp\/v2\/comments?post=11638"}],"version-history":[{"count":0,"href":"https:\/\/noticiasveracruz.com\/index.php\/wp-json\/wp\/v2\/posts\/11638\/revisions"}],"wp:featuredmedia":[{"embeddable":true,"href":"https:\/\/noticiasveracruz.com\/index.php\/wp-json\/wp\/v2\/media\/11639"}],"wp:attachment":[{"href":"https:\/\/noticiasveracruz.com\/index.php\/wp-json\/wp\/v2\/media?parent=11638"}],"wp:term":[{"taxonomy":"category","embeddable":true,"href":"https:\/\/noticiasveracruz.com\/index.php\/wp-json\/wp\/v2\/categories?post=11638"},{"taxonomy":"post_tag","embeddable":true,"href":"https:\/\/noticiasveracruz.com\/index.php\/wp-json\/wp\/v2\/tags?post=11638"}],"curies":[{"name":"wp","href":"https:\/\/api.w.org\/{rel}","templated":true}]}}