{"id":11632,"date":"2023-01-10T08:35:19","date_gmt":"2023-01-10T14:35:19","guid":{"rendered":"https:\/\/noticiasveracruz.com\/?p=11632"},"modified":"2023-01-10T10:32:33","modified_gmt":"2023-01-10T16:32:33","slug":"reglas-para-las-corcholatas-presidenciales","status":"publish","type":"post","link":"https:\/\/noticiasveracruz.com\/index.php\/2023\/01\/10\/reglas-para-las-corcholatas-presidenciales\/","title":{"rendered":"Reglas para las corcholatas presidenciales"},"content":{"rendered":"<p>&nbsp;<\/p>\n<p><span style=\"font-size: 18pt;\"><strong>Por Jos\u00e9 Ure\u00f1a<\/strong><\/span><\/p>\n<p class=\"p1\"><span style=\"font-size: 14pt;\">Las corcholatas ya fueron informadas. <\/span><span style=\"font-size: 14pt;\">Se les dio a conocer la biblia seg\u00fan el sumo pont\u00edfice de la Rep\u00fablica Mexicana, amo y se\u00f1or de sus cuatro horizontes y de los designios de su movimiento y de su futuro.<\/span><\/p>\n<p class=\"p1\"><span style=\"font-size: 14pt;\">He aqu\u00ed una s\u00edntesis: <\/span><span style=\"font-size: 14pt;\">La encuesta -o varias, eso se decidir\u00e1 despu\u00e9s- para designar al candidato presidencial morenista ser\u00e1 de verdad, organizada por empresas confiables para no dar lugar a dudas.<\/span><\/p>\n<p class=\"p1\"><span style=\"font-size: 14pt;\">Previsiblemente ser\u00e1 en julio pr\u00f3ximo, menos de un a\u00f1o antes -once meses exactamente- de las votaciones presidenciales del primer domingo de junio de 2024.<\/span><\/p>\n<p class=\"p1\"><span style=\"font-size: 14pt;\">Con una salvedad: <\/span><span style=\"font-size: 14pt;\">Ser\u00e1 o ser\u00e1n inobjetables.<\/span><\/p>\n<p class=\"p1\"><span style=\"font-size: 14pt;\">En advertencia llana: aunque uno o dos -o tres si se incluye a Ricardo Monreal- de los participantes no est\u00e9 de acuerdo, deber\u00e1 acatarla y tendr\u00e1 la obligaci\u00f3n de sumarse al beneficiario del dedazo. <\/span><span style=\"font-size: 14pt;\">Es regla general.<\/span><\/p>\n<p class=\"p1\"><span style=\"font-size: 14pt;\">Por eso en Palacio Nacional no se acepta la indisciplina del subsecretario Ricardo Mej\u00eda, quien todav\u00eda se resiste a reconocer y no se diga a respaldar la candidatura de Armando Guadiana en Coahuila.<\/span><\/p>\n<p>&nbsp;<\/p>\n<p class=\"p1\"><span style=\"font-size: 18pt; color: #e42d33;\"><strong>S\u00d3LO HAY TRES<\/strong><\/span><\/p>\n<p class=\"p1\"><span style=\"font-size: 14pt;\">Otro elemento clave: <\/span><span style=\"font-size: 14pt;\">A partir de estas dos reglas generales, las corcholatas est\u00e1n en libertad de hacer campa\u00f1a, formar sus cuadros de promoci\u00f3n, recorrer el pa\u00eds y movilizar a la sociedad. <\/span><span style=\"font-size: 14pt;\">\u00bfCon qu\u00e9 recursos? <\/span><span style=\"font-size: 14pt;\">Eso no importa.<\/span><\/p>\n<p class=\"p1\"><span style=\"font-size: 14pt;\">Desde siempre el movimiento y su fundador y jefe hist\u00f3rico viven de la recolecci\u00f3n abierta de fondos sin rendir cuentas a nadie y menos al INE del proscrito Lorenzo C\u00f3rdova.<\/span><\/p>\n<p class=\"p1\"><span style=\"font-size: 14pt;\">Cuando hablamos de corcholatas s\u00f3lo nos referimos a tres candidateados desde Palacio Nacional: Claudia Sheinbaum, Ad\u00e1n Augusto L\u00f3pez y Marcelo Ebrard.<\/span><\/p>\n<p class=\"p1\"><span style=\"font-size: 14pt;\">No est\u00e1 Ricardo Monreal, jefe del control pol\u00edtico del Senado de la Rep\u00fablica, porque \u00e9l no acepta ese t\u00e9rmino y tampoco est\u00e1 en el \u00e1nimo presidencial para tama\u00f1a herencia.<\/span><\/p>\n<p class=\"p1\"><span style=\"font-size: 14pt;\">De cualquier forma, los datos perfilados son importantes porque, como anunciamos desde diciembre, en enero ser\u00edan llamadas las corcholatas para planear la siguiente etapa de sus precampa\u00f1as.<\/span><\/p>\n<p class=\"p1\"><span style=\"font-size: 14pt;\">Los tres tienen equipos ya integrados tanto desde an\u00e1lisis de circunstancias, ruta de lugares a visitar, con qui\u00e9n entrevistarse, c\u00f3mo aparentar arrastre popular y cuarto para respuesta de riesgos.<\/span><\/p>\n<p>&nbsp;<\/p>\n<p class=\"p1\"><span style=\"font-size: 18pt; color: #e42d33;\"><strong>DESDE EL PODER<\/strong><\/span><\/p>\n<p class=\"p1\"><span style=\"font-size: 14pt;\">El control de da\u00f1os es clave. <\/span><span style=\"font-size: 14pt;\">Ahora lo vemos tras el accidente del Metro, pues sorprendi\u00f3 a Claudia Sheinbaum en gira de promoci\u00f3n por Michoac\u00e1n y es sometida a cr\u00edticas sin fin desde todos los \u00e1mbitos. <\/span><span style=\"font-size: 14pt;\">Ella ya tiene la voz purificadora presidencial. <\/span><\/p>\n<p class=\"p1\"><span style=\"font-size: 14pt;\">Las corcholatas, mientras tanto, est\u00e1n confiadas. <\/span><span style=\"font-size: 14pt;\">Si les prometieron juego limpio \u2013\u201cpiso parejo\u201d, dice Marcelo Ebrard- y seguir adelante con su proselitismo, deben confiar hasta el \u00faltimo momento en la promesa presidencial.<\/span><\/p>\n<p class=\"p1\"><span style=\"font-size: 14pt;\">Eso hace tambi\u00e9n Ricardo Monreal, quien no tiene en mente renunciar a la candidatura presidencial ni al liderazgo del Senado ni a Morena y menos pedir licencia a su esca\u00f1o.<\/span><\/p>\n<p class=\"p1\"><span style=\"font-size: 14pt;\">Fue rechazada, empero, la otra propuesta de Ebrard: licencia para hacer precampa\u00f1a sin cargo p\u00fablico y por supuesto sin recursos oficiales.<\/span><\/p>\n<p class=\"p1\"><span style=\"font-size: 14pt;\">El canciller es el m\u00e1s confiado, pues dicen sus cercanos:<\/span><\/p>\n<p class=\"p1\"><span style=\"font-size: 14pt;\">-Tenemos todo para ganar: somos los m\u00e1s conocidos y tambi\u00e9n los de mayor estructura. Si nos juegan sucio, denunciaremos. Si juegan derecho y no ganamos, nos retiramos. Pero si todo es derecho y perdemos, pues \u00a1qu\u00e9 pendejos!<\/span><\/p>\n<p>&nbsp;<\/p>\n<hr \/>\n<p>&nbsp;<\/p>\n<p><img loading=\"lazy\" decoding=\"async\" class=\"aligncenter wp-image-11449\" src=\"http:\/\/noticiasveracruz.com\/wp-content\/uploads\/2023\/01\/FIRMA-EDITORIAL-NV-300x37.png\" alt=\"\" width=\"1000\" height=\"122\" srcset=\"https:\/\/noticiasveracruz.com\/wp-content\/uploads\/2023\/01\/FIRMA-EDITORIAL-NV-300x37.png 300w, https:\/\/noticiasveracruz.com\/wp-content\/uploads\/2023\/01\/FIRMA-EDITORIAL-NV-1024x125.png 1024w, https:\/\/noticiasveracruz.com\/wp-content\/uploads\/2023\/01\/FIRMA-EDITORIAL-NV-768x94.png 768w, https:\/\/noticiasveracruz.com\/wp-content\/uploads\/2023\/01\/FIRMA-EDITORIAL-NV-1536x188.png 1536w, https:\/\/noticiasveracruz.com\/wp-content\/uploads\/2023\/01\/FIRMA-EDITORIAL-NV-2048x250.png 2048w\" sizes=\"auto, (max-width: 1000px) 100vw, 1000px\" \/><\/p>\n<p>&nbsp;<\/p>\n<p>&nbsp;<\/p>\n<p>&nbsp;<\/p>\n","protected":false},"excerpt":{"rendered":"<p>&nbsp; Por Jos\u00e9 Ure\u00f1a Las corcholatas ya fueron informadas. Se les dio a conocer la biblia seg\u00fan el sumo pont\u00edfice<\/p>\n","protected":false},"author":4,"featured_media":3258,"comment_status":"closed","ping_status":"closed","sticky":false,"template":"","format":"standard","meta":{"colormag_page_container_layout":"default_layout","colormag_page_sidebar_layout":"default_layout","_jetpack_memberships_contains_paid_content":false,"footnotes":"","jetpack_publicize_message":"","jetpack_publicize_feature_enabled":true,"jetpack_social_post_already_shared":true,"jetpack_social_options":{"image_generator_settings":{"template":"highway","default_image_id":0,"font":"","enabled":false},"version":2}},"categories":[6],"tags":[],"class_list":["post-11632","post","type-post","status-publish","format-standard","has-post-thumbnail","hentry","category-columnistas"],"jetpack_publicize_connections":[],"jetpack_featured_media_url":"https:\/\/noticiasveracruz.com\/wp-content\/uploads\/2022\/04\/JOSE\u0301-UREN\u0303A.png","jetpack_sharing_enabled":true,"publishpress_future_action":{"enabled":false,"date":"2026-05-07 01:04:03","action":"change-status","newStatus":"draft","terms":[],"taxonomy":"category","extraData":[]},"publishpress_future_workflow_manual_trigger":{"enabledWorkflows":[]},"_links":{"self":[{"href":"https:\/\/noticiasveracruz.com\/index.php\/wp-json\/wp\/v2\/posts\/11632","targetHints":{"allow":["GET"]}}],"collection":[{"href":"https:\/\/noticiasveracruz.com\/index.php\/wp-json\/wp\/v2\/posts"}],"about":[{"href":"https:\/\/noticiasveracruz.com\/index.php\/wp-json\/wp\/v2\/types\/post"}],"author":[{"embeddable":true,"href":"https:\/\/noticiasveracruz.com\/index.php\/wp-json\/wp\/v2\/users\/4"}],"replies":[{"embeddable":true,"href":"https:\/\/noticiasveracruz.com\/index.php\/wp-json\/wp\/v2\/comments?post=11632"}],"version-history":[{"count":0,"href":"https:\/\/noticiasveracruz.com\/index.php\/wp-json\/wp\/v2\/posts\/11632\/revisions"}],"wp:featuredmedia":[{"embeddable":true,"href":"https:\/\/noticiasveracruz.com\/index.php\/wp-json\/wp\/v2\/media\/3258"}],"wp:attachment":[{"href":"https:\/\/noticiasveracruz.com\/index.php\/wp-json\/wp\/v2\/media?parent=11632"}],"wp:term":[{"taxonomy":"category","embeddable":true,"href":"https:\/\/noticiasveracruz.com\/index.php\/wp-json\/wp\/v2\/categories?post=11632"},{"taxonomy":"post_tag","embeddable":true,"href":"https:\/\/noticiasveracruz.com\/index.php\/wp-json\/wp\/v2\/tags?post=11632"}],"curies":[{"name":"wp","href":"https:\/\/api.w.org\/{rel}","templated":true}]}}