{"id":11627,"date":"2023-01-10T10:26:25","date_gmt":"2023-01-10T16:26:25","guid":{"rendered":"https:\/\/noticiasveracruz.com\/?p=11627"},"modified":"2023-01-10T10:37:14","modified_gmt":"2023-01-10T16:37:14","slug":"trudeau-canada-es-un-socio-estable-y-confiable-para-eu-mexico","status":"publish","type":"post","link":"https:\/\/noticiasveracruz.com\/index.php\/2023\/01\/10\/trudeau-canada-es-un-socio-estable-y-confiable-para-eu-mexico\/","title":{"rendered":"Trudeau: Canad\u00e1 es un socio estable y confiable para EU-M\u00e9xico"},"content":{"rendered":"<p>&nbsp;<\/p>\n<p class=\"p1\"><span style=\"font-size: 14pt;\"><em><strong>CIUDAD DE M\u00c9XICO.<\/strong> <\/em>El primer ministro de Canad\u00e1, <strong>Justin Trudeau<\/strong>, hizo un llamado a trabajar de la mano con la <strong>iniciativa privada de M\u00e9xico, Canad\u00e1 y Estados Unidos<\/strong>, para <strong>juntos desarrollar una econom\u00eda pr\u00f3spera que beneficie a los habitantes de toda la regi\u00f3n.<\/strong><\/span><\/p>\n<p class=\"p1\"><span style=\"font-size: 18pt;\"><strong>Al participar en una reuni\u00f3n con Francisco Cervantes, presidente del Consejo Coordinador Empresarial (CCE) en el contexto de su visita a M\u00e9xico con motivo de la Cumbre de L\u00edderes de Am\u00e9rica del Norte, el mandatario asegur\u00f3 que el comercio crea prosperidad.<\/strong><\/span><\/p>\n<p class=\"p1\"><span style=\"font-size: 14pt;\">Indic\u00f3 Justin Trudeau que el comercio es una herramienta que debe beneficiar a todos, por lo tanto es importante fortalecerlo en la regi\u00f3n, siendo Canad\u00e1 un socio \u201cestable y confiable\u201d tanto para Estados Unidos como para M\u00e9xico.<\/span><\/p>\n<p class=\"p1\"><strong><span style=\"font-size: 18pt;\">Justin Trudeau destac\u00f3 que el sector automotriz es un buen ejemplo de progreso, pues en M\u00e9xico empresas canadienses tienen plantas de autos que brindan empleos para la clase media, quienes fabrican autom\u00f3viles en los que conf\u00eda la gente.<\/span><\/strong><\/p>\n<p class=\"p1\"><span style=\"font-size: 14pt;\">Trudeau destac\u00f3 la importancia de tener lazos comerciales estrechos al recordar lo ocurrido con las cadenas de suministro cuando Rusia invadi\u00f3 Ucrania, pues estas se vieron interrumpidas ocasionando afectaciones en el comercio internacional.<\/span><\/p>\n<p>&nbsp;<\/p>\n<p><img loading=\"lazy\" decoding=\"async\" class=\"aligncenter wp-image-14728 size-large\" src=\"https:\/\/politicosaldesnudo.com.mx\/wp-content\/uploads\/2023\/01\/P-EMPRESARIOS-TRUDEAU-3-1024x573.png\" alt=\"\" width=\"800\" height=\"448\" \/><\/p>\n<p>&nbsp;<\/p>\n<blockquote>\n<p class=\"p1\"><span style=\"font-size: 14pt;\">Sabemos que la invasi\u00f3n rusa a Ucrania mostr\u00f3 cu\u00e1n importantes son las cadenas de suministro confiables; por ejemplo la de los minerales, tan necesaria en una industria como la automotriz. Por eso la amistad entre Estados Unidos, M\u00e9xico y Canad\u00e1 muestra ventajas en nuestros pa\u00edses en un mundo incierto\u201d<\/span><\/p>\n<\/blockquote>\n<p>&nbsp;<\/p>\n<p class=\"p1\"><span style=\"font-size: 14pt;\">Como ejemplo de integraci\u00f3n, el premier de Canad\u00e1 puso como mencion\u00f3 la industria minera, pues m\u00e1s de la mitad de las compa\u00f1\u00edas canadienses de esa industria tienen operaciones en M\u00e9xico, Estados Unidos y en muchos otros pa\u00edses.<\/span><\/p>\n<p class=\"p1\"><span style=\"font-size: 18pt;\"><strong>Sobre la miner\u00eda canadiense el mandatario Justin Trudeau asegur\u00f3 que es \u201cl\u00edder en responsabilidad con el medio ambiente\u201d, lo cual es importante, pues muchos de los minerales considerados \u201ccr\u00edticos\u201d ser\u00e1n fundamentales para los pr\u00f3ximos avances tecnol\u00f3gicos de la poblaci\u00f3n.<\/strong><\/span><\/p>\n<p>&nbsp;<\/p>\n<p><img loading=\"lazy\" decoding=\"async\" class=\"aligncenter wp-image-14727 size-large\" src=\"https:\/\/politicosaldesnudo.com.mx\/wp-content\/uploads\/2023\/01\/P-EMPRESARIOS-TRUDEAU-2-1024x573.png\" alt=\"\" width=\"800\" height=\"448\" \/><\/p>\n<p>&nbsp;<\/p>\n<p class=\"p1\"><span style=\"font-size: 18pt;\"><strong>El primer ministro de Canad\u00e1, Justin Trudeau asegur\u00f3 que la iniciativa privada de las tres naciones fue fundamental para la renovaci\u00f3n del acuerdo comercial entre M\u00e9xico, Estados Unidos y Canad\u00e1, sobre todo en un momento en el que la anterior administraci\u00f3n estadunidenses pon\u00eda en duda su funcionamiento.<\/strong><\/span><\/p>\n<p class=\"p1\"><span style=\"font-size: 14pt;\">La reuni\u00f3n con el empresariado mexicano se dio por la tarde del lunes, tres horas despu\u00e9s de aterrizar en el Aeropuerto Internacional Felipe \u00c1ngeles (AIFA), en el Club de Industriales, donde fue recibido por Francisco Cervantes, presidente CCE.<\/span><\/p>\n<p>&nbsp;<\/p>\n<blockquote>\n<p class=\"p1\"><span style=\"font-size: 14pt;\">Estamos muy contentos de recibir al premier de Canad\u00e1 en la cumbre trilateral empresarial. Reiteramos nuestro compromiso de trabajar de la mano con nuestros gobiernos en un plan conjunto para materializar las oportunidades hist\u00f3ricas para Norteam\u00e9rica\u201d, public\u00f3 Francisco Cervantes en Twitter.<\/span><\/p>\n<\/blockquote>\n<p>&nbsp;<\/p>\n<p class=\"p1\"><span style=\"font-size: 18pt;\"><strong>La cumbre que se celebra esta semana en Ciudad de M\u00e9xico tiene como meta lograr acuerdos en econom\u00eda, migraci\u00f3n y pol\u00edtica regional.<\/strong><\/span><\/p>\n<p>&nbsp;<\/p>\n<p>&nbsp;<\/p>\n<p>&nbsp;<\/p>\n<p>&nbsp;<\/p>\n<p>&nbsp;<\/p>\n","protected":false},"excerpt":{"rendered":"<p>&nbsp; CIUDAD DE M\u00c9XICO. El primer ministro de Canad\u00e1, Justin Trudeau, hizo un llamado a trabajar de la mano con<\/p>\n","protected":false},"author":4,"featured_media":11628,"comment_status":"closed","ping_status":"closed","sticky":false,"template":"","format":"standard","meta":{"colormag_page_container_layout":"default_layout","colormag_page_sidebar_layout":"default_layout","_jetpack_memberships_contains_paid_content":false,"footnotes":"","jetpack_publicize_message":"","jetpack_publicize_feature_enabled":true,"jetpack_social_post_already_shared":true,"jetpack_social_options":{"image_generator_settings":{"template":"highway","default_image_id":0,"font":"","enabled":false},"version":2}},"categories":[4],"tags":[1159,572,1943,473,92,1913,1941,31,1942],"class_list":["post-11627","post","type-post","status-publish","format-standard","has-post-thumbnail","hentry","category-nacional","tag-canada","tag-cce","tag-consejo-coordinador-empresarial","tag-empresarios","tag-estados-unidos","tag-francisco-cervantes","tag-justin-trudeau","tag-mexico","tag-socio"],"jetpack_publicize_connections":[],"jetpack_featured_media_url":"https:\/\/noticiasveracruz.com\/wp-content\/uploads\/2023\/01\/P-EMPRESARIOS-TRUDEAU-1.png","jetpack_sharing_enabled":true,"publishpress_future_action":{"enabled":false,"date":"2026-05-06 22:40:15","action":"change-status","newStatus":"draft","terms":[],"taxonomy":"category","extraData":[]},"publishpress_future_workflow_manual_trigger":{"enabledWorkflows":[]},"_links":{"self":[{"href":"https:\/\/noticiasveracruz.com\/index.php\/wp-json\/wp\/v2\/posts\/11627","targetHints":{"allow":["GET"]}}],"collection":[{"href":"https:\/\/noticiasveracruz.com\/index.php\/wp-json\/wp\/v2\/posts"}],"about":[{"href":"https:\/\/noticiasveracruz.com\/index.php\/wp-json\/wp\/v2\/types\/post"}],"author":[{"embeddable":true,"href":"https:\/\/noticiasveracruz.com\/index.php\/wp-json\/wp\/v2\/users\/4"}],"replies":[{"embeddable":true,"href":"https:\/\/noticiasveracruz.com\/index.php\/wp-json\/wp\/v2\/comments?post=11627"}],"version-history":[{"count":0,"href":"https:\/\/noticiasveracruz.com\/index.php\/wp-json\/wp\/v2\/posts\/11627\/revisions"}],"wp:featuredmedia":[{"embeddable":true,"href":"https:\/\/noticiasveracruz.com\/index.php\/wp-json\/wp\/v2\/media\/11628"}],"wp:attachment":[{"href":"https:\/\/noticiasveracruz.com\/index.php\/wp-json\/wp\/v2\/media?parent=11627"}],"wp:term":[{"taxonomy":"category","embeddable":true,"href":"https:\/\/noticiasveracruz.com\/index.php\/wp-json\/wp\/v2\/categories?post=11627"},{"taxonomy":"post_tag","embeddable":true,"href":"https:\/\/noticiasveracruz.com\/index.php\/wp-json\/wp\/v2\/tags?post=11627"}],"curies":[{"name":"wp","href":"https:\/\/api.w.org\/{rel}","templated":true}]}}