{"id":11554,"date":"2023-01-09T00:28:32","date_gmt":"2023-01-09T06:28:32","guid":{"rendered":"https:\/\/noticiasveracruz.com\/?p=11554"},"modified":"2023-01-09T00:28:32","modified_gmt":"2023-01-09T06:28:32","slug":"2023-ano-de-destapes","status":"publish","type":"post","link":"https:\/\/noticiasveracruz.com\/index.php\/2023\/01\/09\/2023-ano-de-destapes\/","title":{"rendered":"2023, a\u00f1o de destapes\u00a0"},"content":{"rendered":"<p class=\"p1\">\n<p>&nbsp;<\/p>\n<p class=\"p1\"><span style=\"font-size: 18pt;\"><b>Por Pepe Valencia<\/b><\/span><\/p>\n<p class=\"p1\"><span style=\"font-size: 14pt;\">Para quienes ven a\u00fan lejana la selecci\u00f3n de candidatos o candidatas a la gubernatura de Veracruz, aqu\u00ed les van estos datos.<\/span><\/p>\n<p class=\"p1\"><span style=\"font-size: 14pt;\">\u2014Los nombres de los postulados por los distintos partidos pol\u00edticos para las elecciones de 2018, fueron dados a conocer un a\u00f1o antes.<\/span><\/p>\n<p class=\"p1\"><span style=\"font-size: 14pt;\">\u2014El 3 de diciembre de 2017, el secretario general del PAN, Carlos Valenzuela Gonz\u00e1lez, declar\u00f3: Miguel \u00c1ngel Yunes M\u00e1rquez ser\u00e1 el candidato de PAN-PRD-MC, no Dante Delgado.<\/span><\/p>\n<p class=\"p1\"><span style=\"font-size: 14pt;\">\u2014El 19 del mismo mes, Ram\u00f3n D\u00edaz \u00c1vila, representante del Partido del Trabajo, inform\u00f3 que la alianza \u00abJuntos Haremos Historia\u00bb, conformada por Morena-PES-PT, postular\u00eda a Cuitl\u00e1huac Garc\u00eda.<\/span><\/p>\n<p class=\"p1\"><span style=\"font-size: 14pt;\">\u2014Y el 26 de diciembre de aquel a\u00f1o, Enrique Ochoa Reza, l\u00edder nacional del PRI, anunci\u00f3 la precandidatura de Pepe Yunes Zorrilla.<\/span><\/p>\n<p class=\"p1\"><span style=\"font-size: 14pt;\">O sea, no se hagan bolas, antes de concluir este a\u00f1o sabremos qui\u00e9nes ser\u00e1n candidatos y candidatas a la gubernatura.<\/span><\/p>\n<p class=\"p1\"><span style=\"font-size: 14pt;\">En la elecci\u00f3n de 2018 hubo dos Yunes en las boletas. En 2016<span class=\"Apple-converted-space\">\u00a0 <\/span>tambi\u00e9n aparecieron dos con este apellido. <\/span><\/p>\n<p class=\"p1\"><span style=\"font-size: 14pt;\">El pr\u00f3ximo a\u00f1o s\u00f3lo un Yunes ser\u00e1 nominado, H\u00e9ctor, Pepe, Miguel o Fernando. \u00bfO ninguno de ellos? Vengan sus apuestas.<\/span><\/p>\n<p class=\"p1\"><span style=\"font-size: 14pt;\">Por Morena contin\u00faan punteando Roc\u00edo Nahle Garc\u00eda y Sergio Guti\u00e9rrez Luna. Los dem\u00e1s van muy atr\u00e1s.<\/span><\/p>\n<p>&nbsp;<\/p>\n<p class=\"p1\"><span style=\"font-size: 18pt; color: #e42d33;\"><b>NI C\u00d3MO AYUDARLO\u2026<\/b><\/span><\/p>\n<p class=\"p1\"><span style=\"font-size: 14pt;\">El a\u00f1o pasado, el exsenador H\u00e9ctor Yunes Landa propuso al gobernador Cuitl\u00e1huac Garc\u00eda Jim\u00e9nez la creaci\u00f3n de un cuerpo colegiado, para elaborar una agenda de emergencia y atender de manera inmediata la crisis de seguridad y gobernabilidad en el estado.<\/span><\/p>\n<p class=\"p1\"><span style=\"font-size: 14pt;\">Como la respuesta fue el silencio absoluto, el tambi\u00e9n exdiputado present\u00f3 el lunes anterior una demanda de amparo contra Cuitl\u00e1huac Garc\u00eda. \u00bfC\u00f3mo reaccionar\u00e1 el gobernador? Adivinaron, lo ignorar\u00e1 ol\u00edmpicamente sea cual sea la decisi\u00f3n de la justicia federal.<\/span><\/p>\n<p class=\"p1\"><span style=\"font-size: 14pt;\">\u2014D\u00e9jese ayudar \u2013dijo H\u00e9ctor Yunes Landa al exponer su propuesta.<\/span><\/p>\n<p class=\"p1\"><span style=\"font-size: 14pt;\">Es obvio, no responder\u00e1 Cuitl\u00e1huac. Y H\u00e9ctor debe sujetar al toro por los cuernos, convocar a la sociedad, incluyendo a todos los aspirantes a la gubernatura, trabajar por Veracruz y generar un movimiento de ciudadanos sin distingo de colores, sabores y siglas.<\/span><\/p>\n<p class=\"p1\"><span style=\"font-size: 14pt;\">Ya despu\u00e9s los partidos pol\u00edticos escoger\u00e1n a sus candidatos y acordar\u00e1n si participan solos o en coalici\u00f3n. Por el momento se trata de luchar por Veracruz y paliar la crisis de seguridad y gobernabilidad, reflejada hoy en un inaudito ba\u00f1o de sangre. <\/span><\/p>\n<p class=\"p1\"><span style=\"font-size: 14pt;\">En s\u00ed, la petici\u00f3n de H\u00e9ctor Yunes no obtendr\u00e1 respuesta del gobierno estatal y tampoco le ser\u00e1 otorgado el amparo promovido contra el gobernador Cuitl\u00e1huac Garc\u00eda.<\/span><\/p>\n<p>&nbsp;<\/p>\n<p>&nbsp;<\/p>\n<hr \/>\n<p>&nbsp;<\/p>\n<p>&nbsp;<\/p>\n<p><img loading=\"lazy\" decoding=\"async\" class=\"aligncenter wp-image-11449\" src=\"http:\/\/noticiasveracruz.com\/wp-content\/uploads\/2023\/01\/FIRMA-EDITORIAL-NV-300x37.png\" alt=\"\" width=\"1000\" height=\"122\" srcset=\"https:\/\/noticiasveracruz.com\/wp-content\/uploads\/2023\/01\/FIRMA-EDITORIAL-NV-300x37.png 300w, https:\/\/noticiasveracruz.com\/wp-content\/uploads\/2023\/01\/FIRMA-EDITORIAL-NV-1024x125.png 1024w, https:\/\/noticiasveracruz.com\/wp-content\/uploads\/2023\/01\/FIRMA-EDITORIAL-NV-768x94.png 768w, https:\/\/noticiasveracruz.com\/wp-content\/uploads\/2023\/01\/FIRMA-EDITORIAL-NV-1536x188.png 1536w, https:\/\/noticiasveracruz.com\/wp-content\/uploads\/2023\/01\/FIRMA-EDITORIAL-NV-2048x250.png 2048w\" sizes=\"auto, (max-width: 1000px) 100vw, 1000px\" \/><\/p>\n<p>&nbsp;<\/p>\n<p>&nbsp;<\/p>\n<p>&nbsp;<\/p>\n","protected":false},"excerpt":{"rendered":"<p>&nbsp; Por Pepe Valencia Para quienes ven a\u00fan lejana la selecci\u00f3n de candidatos o candidatas a la gubernatura de Veracruz,<\/p>\n","protected":false},"author":4,"featured_media":3786,"comment_status":"closed","ping_status":"closed","sticky":false,"template":"","format":"standard","meta":{"colormag_page_container_layout":"default_layout","colormag_page_sidebar_layout":"default_layout","_jetpack_memberships_contains_paid_content":false,"footnotes":"","jetpack_publicize_message":"","jetpack_publicize_feature_enabled":true,"jetpack_social_post_already_shared":true,"jetpack_social_options":{"image_generator_settings":{"template":"highway","default_image_id":0,"font":"","enabled":false},"version":2}},"categories":[6],"tags":[],"class_list":["post-11554","post","type-post","status-publish","format-standard","has-post-thumbnail","hentry","category-columnistas"],"jetpack_publicize_connections":[],"jetpack_featured_media_url":"https:\/\/noticiasveracruz.com\/wp-content\/uploads\/2022\/05\/PEPE-VALENCIA.png","jetpack_sharing_enabled":true,"publishpress_future_action":{"enabled":false,"date":"2026-05-07 13:59:26","action":"change-status","newStatus":"draft","terms":[],"taxonomy":"category","extraData":[]},"publishpress_future_workflow_manual_trigger":{"enabledWorkflows":[]},"_links":{"self":[{"href":"https:\/\/noticiasveracruz.com\/index.php\/wp-json\/wp\/v2\/posts\/11554","targetHints":{"allow":["GET"]}}],"collection":[{"href":"https:\/\/noticiasveracruz.com\/index.php\/wp-json\/wp\/v2\/posts"}],"about":[{"href":"https:\/\/noticiasveracruz.com\/index.php\/wp-json\/wp\/v2\/types\/post"}],"author":[{"embeddable":true,"href":"https:\/\/noticiasveracruz.com\/index.php\/wp-json\/wp\/v2\/users\/4"}],"replies":[{"embeddable":true,"href":"https:\/\/noticiasveracruz.com\/index.php\/wp-json\/wp\/v2\/comments?post=11554"}],"version-history":[{"count":0,"href":"https:\/\/noticiasveracruz.com\/index.php\/wp-json\/wp\/v2\/posts\/11554\/revisions"}],"wp:featuredmedia":[{"embeddable":true,"href":"https:\/\/noticiasveracruz.com\/index.php\/wp-json\/wp\/v2\/media\/3786"}],"wp:attachment":[{"href":"https:\/\/noticiasveracruz.com\/index.php\/wp-json\/wp\/v2\/media?parent=11554"}],"wp:term":[{"taxonomy":"category","embeddable":true,"href":"https:\/\/noticiasveracruz.com\/index.php\/wp-json\/wp\/v2\/categories?post=11554"},{"taxonomy":"post_tag","embeddable":true,"href":"https:\/\/noticiasveracruz.com\/index.php\/wp-json\/wp\/v2\/tags?post=11554"}],"curies":[{"name":"wp","href":"https:\/\/api.w.org\/{rel}","templated":true}]}}