{"id":11551,"date":"2023-01-09T00:25:24","date_gmt":"2023-01-09T06:25:24","guid":{"rendered":"https:\/\/noticiasveracruz.com\/?p=11551"},"modified":"2023-01-09T00:25:31","modified_gmt":"2023-01-09T06:25:31","slug":"insostenible","status":"publish","type":"post","link":"https:\/\/noticiasveracruz.com\/index.php\/2023\/01\/09\/insostenible\/","title":{"rendered":"Insostenible"},"content":{"rendered":"<p>&nbsp;<\/p>\n<p class=\"p3\"><span style=\"font-size: 18pt;\"><b>Por M\u00f3nica Camarena Crespo<\/b><\/span><\/p>\n<p class=\"p3\"><span style=\"font-size: 14pt;\">En la carrera por la presidencia de M\u00e9xico en 2024, la candidata predilecta colision\u00f3; la nueva tragedia en el metro la deja herida de muerte como aspirante a gobernar un pa\u00eds, cuando ya demostr\u00f3 de manera fehaciente su incapacidad en la Ciudad de M\u00e9xico.<\/span><\/p>\n<p class=\"p3\"><span style=\"font-size: 14pt;\">Claudia Sheinbaum se olvid\u00f3 de la jefatura de gobierno y emprendi\u00f3 de manera anticipada y ventajosa su campa\u00f1a para convertirse en la primera presidenta de M\u00e9xico. Con dinero a \u201cborbotones\u201d la consentida de Andr\u00e9s Manuel L\u00f3pez Obrador inund\u00f3 el pa\u00eds de su imagen, menuda suerte, porque ahora es f\u00e1cil se\u00f1alar a la de la coleta, \u201cEs Claudia\u201d, la responsable de cuatro tragedias en el metro que han arrojado hasta el momento 29 muertos, de acuerdo a una revisi\u00f3n hemerogr\u00e1fica del Financiero.<\/span><\/p>\n<p class=\"p3\"><span style=\"font-size: 14pt;\">Los primeros accidentes durante el gobierno de Claudia Sheinbaum debieron encender las alarmas y canalizar de manera prioritaria, recursos para mantenimiento y adquisici\u00f3n de nuevos equipos y vagones, pero no fue as\u00ed, la jefa de gobierno, al parecer, prefiri\u00f3 invertir en su precampa\u00f1a y abandonar la ciudad cada fin de semana para darse a conocer en los estados.<\/span><\/p>\n<p>&nbsp;<\/p>\n<p class=\"p3\"><span style=\"font-size: 18pt; color: #e42d33;\"><b>ALTO PRECIO POR ESTAR AUSENTE<\/b><\/span><\/p>\n<p class=\"p3\"><span style=\"font-size: 14pt;\">En esta \u00faltima tragedia producto del choque de vagones del metro, Sheinbaum estaba en Michoac\u00e1n para hablar de \u201cpol\u00edticas exitosas\u201d, muy lejos como para encabezar los primeros trabajos de rescate de personas atrapadas, las cuales narraron, que pas\u00f3 m\u00e1s de media para que llegara alguien a auxiliarlos.<\/span><\/p>\n<p>&nbsp;<\/p>\n<p class=\"p3\"><span style=\"font-size: 18pt; color: #e42d33;\"><b>IGNORARON AVISOS<\/b><\/span><\/p>\n<p class=\"p3\"><span style=\"font-size: 14pt;\">El accidente del pasado s\u00e1bado pudo haberse evitado; la negligencia perme\u00f3 de nuevo. De acuerdo al portal Animal Pol\u00edtico,\u00a0personal del Sistema de Transporte Colectivo (STC)\u00a0report\u00f3 anomal\u00edas en la operaci\u00f3n justo entre las estaciones Potrero y La Raza de la L\u00ednea 3.<\/span><\/p>\n<p class=\"p3\"><span style=\"font-size: 14pt;\">\u201cLos DBO (Despacho Bajo Orden) establecidos de forma indebida en la Estaci\u00f3n Potrero por ambas v\u00edas, asimismo contin\u00faa el programa no alimentado de la se\u00f1al 12 de La Raza a la se\u00f1al E de la Estaci\u00f3n Potrero por v\u00eda 2, afectando la circulaci\u00f3n de los trenes\u201d, se indic\u00f3 a los trabajadores dos horas antes de que los convoyes chocaran.<\/span><\/p>\n<p class=\"p3\"><span style=\"font-size: 14pt;\">Se conjugan muchas cosas, pero todo apunta hac\u00eda la jefa de gobierno, muy a pesar que empezar\u00e1n a caer funcionarios menores para apaciguar las cr\u00edticas que han sido demoledoras.<\/span><\/p>\n<p class=\"p3\"><span style=\"font-size: 14pt;\">De nada sirven los gobernadores de la 4T en sus desplegados en favor de Claudia, parecen una suerte de \u201cpatas de ahogado\u201d, la \u201ccorcholata\u201d favorita ya cay\u00f3, colision\u00f3 junto con los vagones, solo falta saber si las van a sostener o habr\u00e1 cambio de rumbo en la candidatura de Morena, por donde se vea, ya nada les sali\u00f3 bien.<\/span><\/p>\n<p>&nbsp;<\/p>\n<p class=\"p3\"><span style=\"font-size: 18pt; color: #e42d33;\"><b>\u00c1GORA<\/b><\/span><\/p>\n<p class=\"p3\"><span style=\"font-size: 14pt;\">Muy preocupado debe estar Cuitl\u00e1huac, uno de los mayores inversionistas y \u201caplaudidores\u201d de Claudia y con mucha raz\u00f3n.<\/span><\/p>\n<p>&nbsp;<\/p>\n<hr \/>\n<p>&nbsp;<\/p>\n<p>&nbsp;<\/p>\n<p class=\"p1\"><span style=\"font-size: 18pt;\"><strong>Correo: <a href=\"mailto:parquejuarezweb@yahoo.com.mx\">parquejuarezweb@yahoo.com.mx<\/a><\/strong><\/span><\/p>\n<p class=\"p1\"><span style=\"font-size: 18pt;\"><strong>Twitter: <a href=\"http:\/\/www.twitter.com\/monicamarena\">@monicamarena<\/a><\/strong><\/span><\/p>\n<p>&nbsp;<\/p>\n<p><img loading=\"lazy\" decoding=\"async\" class=\"aligncenter wp-image-11449\" src=\"http:\/\/noticiasveracruz.com\/wp-content\/uploads\/2023\/01\/FIRMA-EDITORIAL-NV-300x37.png\" alt=\"\" width=\"1000\" height=\"122\" srcset=\"https:\/\/noticiasveracruz.com\/wp-content\/uploads\/2023\/01\/FIRMA-EDITORIAL-NV-300x37.png 300w, https:\/\/noticiasveracruz.com\/wp-content\/uploads\/2023\/01\/FIRMA-EDITORIAL-NV-1024x125.png 1024w, https:\/\/noticiasveracruz.com\/wp-content\/uploads\/2023\/01\/FIRMA-EDITORIAL-NV-768x94.png 768w, https:\/\/noticiasveracruz.com\/wp-content\/uploads\/2023\/01\/FIRMA-EDITORIAL-NV-1536x188.png 1536w, https:\/\/noticiasveracruz.com\/wp-content\/uploads\/2023\/01\/FIRMA-EDITORIAL-NV-2048x250.png 2048w\" sizes=\"auto, (max-width: 1000px) 100vw, 1000px\" \/><\/p>\n<p>&nbsp;<\/p>\n<p>&nbsp;<\/p>\n<p>&nbsp;<\/p>\n","protected":false},"excerpt":{"rendered":"<p>&nbsp; Por M\u00f3nica Camarena Crespo En la carrera por la presidencia de M\u00e9xico en 2024, la candidata predilecta colision\u00f3; la<\/p>\n","protected":false},"author":4,"featured_media":3554,"comment_status":"closed","ping_status":"closed","sticky":false,"template":"","format":"standard","meta":{"colormag_page_container_layout":"default_layout","colormag_page_sidebar_layout":"default_layout","_jetpack_memberships_contains_paid_content":false,"footnotes":"","jetpack_publicize_message":"","jetpack_publicize_feature_enabled":true,"jetpack_social_post_already_shared":true,"jetpack_social_options":{"image_generator_settings":{"template":"highway","default_image_id":0,"font":"","enabled":false},"version":2}},"categories":[6],"tags":[],"class_list":["post-11551","post","type-post","status-publish","format-standard","has-post-thumbnail","hentry","category-columnistas"],"jetpack_publicize_connections":[],"jetpack_featured_media_url":"https:\/\/noticiasveracruz.com\/wp-content\/uploads\/2022\/04\/MO\u0301NICA-CAMARENA-CRESPO-1.png","jetpack_sharing_enabled":true,"publishpress_future_action":{"enabled":false,"date":"2026-05-07 14:44:15","action":"change-status","newStatus":"draft","terms":[],"taxonomy":"category","extraData":[]},"publishpress_future_workflow_manual_trigger":{"enabledWorkflows":[]},"_links":{"self":[{"href":"https:\/\/noticiasveracruz.com\/index.php\/wp-json\/wp\/v2\/posts\/11551","targetHints":{"allow":["GET"]}}],"collection":[{"href":"https:\/\/noticiasveracruz.com\/index.php\/wp-json\/wp\/v2\/posts"}],"about":[{"href":"https:\/\/noticiasveracruz.com\/index.php\/wp-json\/wp\/v2\/types\/post"}],"author":[{"embeddable":true,"href":"https:\/\/noticiasveracruz.com\/index.php\/wp-json\/wp\/v2\/users\/4"}],"replies":[{"embeddable":true,"href":"https:\/\/noticiasveracruz.com\/index.php\/wp-json\/wp\/v2\/comments?post=11551"}],"version-history":[{"count":0,"href":"https:\/\/noticiasveracruz.com\/index.php\/wp-json\/wp\/v2\/posts\/11551\/revisions"}],"wp:featuredmedia":[{"embeddable":true,"href":"https:\/\/noticiasveracruz.com\/index.php\/wp-json\/wp\/v2\/media\/3554"}],"wp:attachment":[{"href":"https:\/\/noticiasveracruz.com\/index.php\/wp-json\/wp\/v2\/media?parent=11551"}],"wp:term":[{"taxonomy":"category","embeddable":true,"href":"https:\/\/noticiasveracruz.com\/index.php\/wp-json\/wp\/v2\/categories?post=11551"},{"taxonomy":"post_tag","embeddable":true,"href":"https:\/\/noticiasveracruz.com\/index.php\/wp-json\/wp\/v2\/tags?post=11551"}],"curies":[{"name":"wp","href":"https:\/\/api.w.org\/{rel}","templated":true}]}}