{"id":11538,"date":"2023-01-07T14:19:37","date_gmt":"2023-01-07T20:19:37","guid":{"rendered":"https:\/\/noticiasveracruz.com\/?p=11538"},"modified":"2023-01-07T14:47:41","modified_gmt":"2023-01-07T20:47:41","slug":"para-biden-relacion-eu-mexico-es-una-de-las-mas-importantes-en-todo-mundo-ken-salazar","status":"publish","type":"post","link":"https:\/\/noticiasveracruz.com\/index.php\/2023\/01\/07\/para-biden-relacion-eu-mexico-es-una-de-las-mas-importantes-en-todo-mundo-ken-salazar\/","title":{"rendered":"Para Biden, relaci\u00f3n EU-M\u00e9xico es una de las m\u00e1s importantes en todo el mundo: Ken Salazar"},"content":{"rendered":"<p>&nbsp;<\/p>\n<p class=\"p1\"><span style=\"font-size: 14pt;\"><em><strong>CIUDAD DE M\u00c9XICO.<\/strong> <\/em><strong>El embajador de Estados Unidos<\/strong>, <strong>Ken Salazar<\/strong>,\u00a0afirm\u00f3 que para el <strong>mandatario estadounidense Joe Biden \u201cla relaci\u00f3n entre los Estados Unidos y M\u00e9xico es una de las m\u00e1s importantes en todo el mundo\u201d.<\/strong><\/span><\/p>\n<p class=\"p1\"><span style=\"font-size: 18pt; color: #e42d33;\"><strong>Previo a la llegada de Biden a territorio mexicano, el diplom\u00e1tico record\u00f3 en un video difundido en las redes sociales que \u201chan pasado nueve a\u00f1os desde la \u00faltima vez que un presidente de los\u00a0Estados Unidos visit\u00f3 M\u00e9xico\u201d y asegur\u00f3 que la Cumbre de L\u00edderes de Am\u00e9rica del Norte ser\u00e1 \u201cuna reuni\u00f3n hist\u00f3rica\u201d.<\/strong><\/span><\/p>\n<p>&nbsp;<\/p>\n<div style=\"width: 640px;\" class=\"wp-video\"><video class=\"wp-video-shortcode\" id=\"video-11538-1\" width=\"640\" height=\"360\" preload=\"metadata\" controls=\"controls\"><source type=\"video\/mp4\" src=\"https:\/\/politicosaldesnudo.com.mx\/wp-content\/uploads\/2023\/01\/El-Embajador-Ken-Salazar-envia-un-mensaje-previo-a-la-visita-del-Presidente-Biden-y-la-Pri.mp4?_=1\" \/><a href=\"https:\/\/politicosaldesnudo.com.mx\/wp-content\/uploads\/2023\/01\/El-Embajador-Ken-Salazar-envia-un-mensaje-previo-a-la-visita-del-Presidente-Biden-y-la-Pri.mp4\">https:\/\/politicosaldesnudo.com.mx\/wp-content\/uploads\/2023\/01\/El-Embajador-Ken-Salazar-envia-un-mensaje-previo-a-la-visita-del-Presidente-Biden-y-la-Pri.mp4<\/a><\/video><\/div>\n<p>&nbsp;<\/p>\n<blockquote>\n<p class=\"p1\"><span style=\"font-size: 14pt;\">En este d\u00eda me siento con mucha alegr\u00eda, porque ya en estos d\u00edas viene el presidente Biden ac\u00e1 a M\u00e9xico\u201d, dijo el enviado de Washington en referencia a la visita que arrancar\u00e1 el mandatario la tarde de este domingo, cuando aterrice en el\u00a0Aeropuerto Internacional Felipe \u00c1ngeles\u00a0(AIFA).<\/span><\/p>\n<\/blockquote>\n<p>&nbsp;<\/p>\n<p class=\"p1\"><span style=\"font-size: 18pt;\"><strong>Agreg\u00f3 el diplom\u00e1tico Ken Salazar que el \u201cpresidente Biden desde el comienzo en su trabajo nos ha dirigido que la relaci\u00f3n entre los Estados Unidos y M\u00e9xico es una de las m\u00e1s importantes en todo el mundo\u201d.<\/strong><\/span><\/p>\n<p>&nbsp;<\/p>\n<p class=\"p1\"><span style=\"font-size: 14pt;\">Ken Salazar sostuvo que \u201cen el trabajo que hemos hecho nosotros, yo y los miembros de la embajada en los dos \u00faltimos dos a\u00f1os, es de levantar esta relaci\u00f3n como una relaci\u00f3n para siempre\u201d.<\/span><\/p>\n<p>&nbsp;<\/p>\n<blockquote>\n<p class=\"p1\"><span style=\"font-size: 14pt;\">Sabemos que la gente de los\u00a0Estados Unidos y la de M\u00e9xico\u00a0siempre estar\u00e1 unida; sabemos tambi\u00e9n que nuestra econom\u00eda y nuestras cadenas de suministro est\u00e1n integradas, pero tenemos que hacer hasta m\u00e1s trabajo; y sabemos que cosas que son dif\u00edciles en todo el mundo, como el cambio clim\u00e1tico, lo podemos resolver con el liderazgo de los Estados Unidos y M\u00e9xico\u201d.<\/span><\/p>\n<\/blockquote>\n","protected":false},"excerpt":{"rendered":"<p>&nbsp; CIUDAD DE M\u00c9XICO. El embajador de Estados Unidos, Ken Salazar,\u00a0afirm\u00f3 que para el mandatario estadounidense Joe Biden \u201cla relaci\u00f3n<\/p>\n","protected":false},"author":4,"featured_media":11539,"comment_status":"closed","ping_status":"closed","sticky":false,"template":"","format":"standard","meta":{"colormag_page_container_layout":"default_layout","colormag_page_sidebar_layout":"default_layout","_jetpack_memberships_contains_paid_content":false,"footnotes":"","jetpack_publicize_message":"","jetpack_publicize_feature_enabled":true,"jetpack_social_post_already_shared":true,"jetpack_social_options":{"image_generator_settings":{"template":"highway","default_image_id":0,"font":"","enabled":false},"version":2}},"categories":[4],"tags":[65,92,19,240,31],"class_list":["post-11538","post","type-post","status-publish","format-standard","has-post-thumbnail","hentry","category-nacional","tag-andres-manuel-lopez-obrador","tag-estados-unidos","tag-joe-biden","tag-ken-salazar","tag-mexico"],"jetpack_publicize_connections":[],"jetpack_featured_media_url":"https:\/\/noticiasveracruz.com\/wp-content\/uploads\/2023\/01\/P-KEN-SALAZAR-1.png","jetpack_sharing_enabled":true,"publishpress_future_action":{"enabled":false,"date":"2026-05-07 17:17:01","action":"change-status","newStatus":"draft","terms":[],"taxonomy":"category","extraData":[]},"publishpress_future_workflow_manual_trigger":{"enabledWorkflows":[]},"_links":{"self":[{"href":"https:\/\/noticiasveracruz.com\/index.php\/wp-json\/wp\/v2\/posts\/11538","targetHints":{"allow":["GET"]}}],"collection":[{"href":"https:\/\/noticiasveracruz.com\/index.php\/wp-json\/wp\/v2\/posts"}],"about":[{"href":"https:\/\/noticiasveracruz.com\/index.php\/wp-json\/wp\/v2\/types\/post"}],"author":[{"embeddable":true,"href":"https:\/\/noticiasveracruz.com\/index.php\/wp-json\/wp\/v2\/users\/4"}],"replies":[{"embeddable":true,"href":"https:\/\/noticiasveracruz.com\/index.php\/wp-json\/wp\/v2\/comments?post=11538"}],"version-history":[{"count":0,"href":"https:\/\/noticiasveracruz.com\/index.php\/wp-json\/wp\/v2\/posts\/11538\/revisions"}],"wp:featuredmedia":[{"embeddable":true,"href":"https:\/\/noticiasveracruz.com\/index.php\/wp-json\/wp\/v2\/media\/11539"}],"wp:attachment":[{"href":"https:\/\/noticiasveracruz.com\/index.php\/wp-json\/wp\/v2\/media?parent=11538"}],"wp:term":[{"taxonomy":"category","embeddable":true,"href":"https:\/\/noticiasveracruz.com\/index.php\/wp-json\/wp\/v2\/categories?post=11538"},{"taxonomy":"post_tag","embeddable":true,"href":"https:\/\/noticiasveracruz.com\/index.php\/wp-json\/wp\/v2\/tags?post=11538"}],"curies":[{"name":"wp","href":"https:\/\/api.w.org\/{rel}","templated":true}]}}