{"id":11452,"date":"2023-01-04T04:58:09","date_gmt":"2023-01-04T10:58:09","guid":{"rendered":"https:\/\/noticiasveracruz.com\/?p=11452"},"modified":"2023-01-04T05:02:35","modified_gmt":"2023-01-04T11:02:35","slug":"recrimina-ejecutivo-al-judicial","status":"publish","type":"post","link":"https:\/\/noticiasveracruz.com\/index.php\/2023\/01\/04\/recrimina-ejecutivo-al-judicial\/","title":{"rendered":"Recrimina Ejecutivo al Judicial"},"content":{"rendered":"<p>&nbsp;<\/p>\n<p class=\"p1\"><span style=\"font-size: 18pt;\"><b>Por \u00c1ngel \u00c1lvaro Pe\u00f1a<\/b><\/span><\/p>\n<p class=\"p1\"><span style=\"font-size: 18pt;\"><strong>Andr\u00e9s Manuel L\u00f3pez Obrador, quien se dice respetuoso de la independencia y autonom\u00eda de los tres Poderes de la Uni\u00f3n, recrimin\u00f3 a la nueva presidenta de la Suprema Corte de Justicia de la naci\u00f3n, que nunca vot\u00f3 para favorecer la pol\u00edtica del actual gobierno y que a pesar de esto le daba la bienvenida y que platic\u00f3 con ella por tel\u00e9fono.<\/strong><\/span><\/p>\n<p class=\"p1\"><span style=\"font-size: 14pt;\">Destac\u00f3 que es un hecho hist\u00f3rico de que por primera vez desde 1825 una mujer encabece ese \u00f3rgano y aunque dese\u00f3 que pronto se haga una reforma al Poder Judicial, dijo que <span class=\"s1\">\u201c<\/span>no es posible con esta nueva ministra presidenta. Desgraciadamente, pero no hay que desistir. Ojal\u00e1 me equivoque\u201d.<\/span><\/p>\n<p class=\"p1\"><span style=\"font-size: 18pt; color: #e42d33;\"><strong>La postura de la nueva Presidenta de la Corte fue cuestionada severamente por el Jefe del Ejecutivo, lo cual se convierte en una especie de intromisi\u00f3n, pero, sobre todo, en un regreso a los tiempos en los que el poder se concentraba en M\u00e9xico en una sola persona. Situaciones que el propio Presidente ha dicho que ya quedaron en el pasado.<\/strong><\/span><\/p>\n<p class=\"p1\"><span style=\"font-size: 18pt;\"><strong>Durante la conferencia matutina en Palacio Nacional sostuvo que <span class=\"s1\">\u201c<\/span>los ministros eligieron como lo establece el procedimiento y hubo aceptaci\u00f3n y acuerdo. Es un poder aut\u00f3nomo e independiente como nunca hab\u00eda existido\u201d, pero \u00e9l mismo cuestion\u00f3, como una especie de recordatorio, y de tirar l\u00ednea a sus seguidores que la nueva presidenta de la Corte, debe ser estigmatizada por no ser parte del movimiento que el Presidente encabeza.<\/strong><\/span><\/p>\n<p>&nbsp;<\/p>\n<p><img loading=\"lazy\" decoding=\"async\" class=\"aligncenter wp-image-14366 size-large\" src=\"https:\/\/politicosaldesnudo.com.mx\/wp-content\/uploads\/2023\/01\/P-MINISTRA-PINA-PRESIDENTE-1024x573.png\" alt=\"\" width=\"800\" height=\"448\" \/><\/p>\n<p>&nbsp;<\/p>\n<p class=\"p1\"><span style=\"font-size: 18pt; color: #e42d33;\"><strong>Sostuvo que con la presidenta de la Corte habr\u00e1 una relaci\u00f3n respetuosa, <span class=\"s1\">\u201c<\/span>afortunadamente llevamos a cabo un programa de transformaci\u00f3n, donde no necesariamente se requiere de modificar las leyes\u201d, lo cual implica otro lineamiento que no es precisamente de armon\u00eda sino de enfrentamiento.<\/strong><\/span><\/p>\n<p class=\"p1\"><span style=\"font-size: 18pt;\"><strong>L\u00f3pez Obrador muestra su resentimiento por m\u00e1s de un amparo que la Suprema Corte de e Justicia resuelve contra la actual administraci\u00f3n p\u00fablica y que ha costado mucho dinero al erario y paralizado las obras que tiene proyectadas para este sexenio. Condici\u00f3n que deber\u00eda dejar a un lado y empezar una nueva \u00e9poca de entendimiento con el Poder Judicial, que es el complemento de las actividades de todo estado moderno.<\/strong><\/span><\/p>\n<p class=\"p1\"><span style=\"font-size: 14pt;\">Sin embargo, la postura del Presidente parec\u00eda convertirse en se\u00f1alar al culpable de muchos de los descalabros del actual r\u00e9gimen, as\u00ed como del retraso de obras y gastas suplementarios que implican las derrotas legales en el campo de los amparos y temas que en estos \u00faltimos a\u00f1os ha tenido la suprema Corte la responsabilidad de definir.<\/span><\/p>\n<p class=\"p1\"><span style=\"font-size: 18pt; color: #e42d33;\"><strong>Mencion\u00f3 L\u00f3pez Obrador que la ministra Pi\u00f1a vot\u00f3 en favor de que se quitaran los delitos fiscales como delito grave y con prisi\u00f3n preventiva, <span class=\"s1\">\u201c<\/span>tambi\u00e9n votaron para que no se aplicara el Art\u00edculo 127 y nadie ganara m\u00e1s que el presidente de la Rep\u00fablica, hubo amparos, lo echaron para atr\u00e1s y un ministro gana tres veces m\u00e1s que el Presidente\u201d.<\/strong><\/span><\/p>\n<p class=\"p1\"><span style=\"font-size: 14pt;\">Aprovech\u00f3 para se\u00f1alar con \u00e9nfasis que <span class=\"s1\">\u201c<\/span>ojal\u00e1 de manera independiente y aut\u00f3noma se lleve a cabo una reforma en el poder judicial urge, por la corrupci\u00f3n que impera. Hay que seguir limpiando, todo el gobierno, los tres poderes, purificando la vida p\u00fablica y que cada vez se respete m\u00e1s al pueblo, se atienda m\u00e1s al pueblo, que las instituciones no est\u00e9n al servicio de minor\u00edas rapaces, de la corrupci\u00f3n, del dinero. Vamos avanzando\u201d.<\/span><\/p>\n<p class=\"p1\"><span style=\"font-size: 18pt;\"><strong>Es decir, cuestion\u00f3, acus\u00f3, rememor\u00f3 y hasta amenaz\u00f3 a una presidenta de la Suprema Corte de Justicia de la Naci\u00f3n que no fue la que \u00e9l esperaba.<\/strong><\/span><\/p>\n<p>&nbsp;<\/p>\n<p class=\"p1\"><span style=\"font-size: 18pt; color: #e42d33;\"><b>PEGA Y CORRE<\/b><\/span><\/p>\n<p class=\"p1\"><span style=\"font-size: 14pt;\">El PAN abri\u00f3 puestos de atenci\u00f3n para mujeres maltratadas con fines m\u00e1s electorales que servicio a la comunidad, porque las personas que atiendes estos 346 puntos\u00a0\u00a0de la ciudad de M\u00e9xico, carecen de capacitaci\u00f3n para dichos trabajos; de pronto, de la noche a la ma\u00f1ana los colocaron y los anunciaron como una soluci\u00f3n a la violencia de g\u00e9nero, en sitios que van desde una cantina hasta una veterinaria.<\/span><\/p>\n<p>&nbsp;<\/p>\n<p class=\"p1\"><em><span style=\"font-size: 18pt;\"><strong>Esta columna se publica los lunes, mi\u00e9rcoles y viernes<\/strong><\/span><\/em><\/p>\n<p>&nbsp;<\/p>\n<hr \/>\n<p>&nbsp;<\/p>\n<p><img loading=\"lazy\" decoding=\"async\" class=\"aligncenter wp-image-11449\" src=\"http:\/\/noticiasveracruz.com\/wp-content\/uploads\/2023\/01\/FIRMA-EDITORIAL-NV-300x37.png\" alt=\"\" width=\"1000\" height=\"122\" srcset=\"https:\/\/noticiasveracruz.com\/wp-content\/uploads\/2023\/01\/FIRMA-EDITORIAL-NV-300x37.png 300w, https:\/\/noticiasveracruz.com\/wp-content\/uploads\/2023\/01\/FIRMA-EDITORIAL-NV-1024x125.png 1024w, https:\/\/noticiasveracruz.com\/wp-content\/uploads\/2023\/01\/FIRMA-EDITORIAL-NV-768x94.png 768w, https:\/\/noticiasveracruz.com\/wp-content\/uploads\/2023\/01\/FIRMA-EDITORIAL-NV-1536x188.png 1536w, https:\/\/noticiasveracruz.com\/wp-content\/uploads\/2023\/01\/FIRMA-EDITORIAL-NV-2048x250.png 2048w\" sizes=\"auto, (max-width: 1000px) 100vw, 1000px\" \/><\/p>\n<p>&nbsp;<\/p>\n<p>&nbsp;<\/p>\n<p>&nbsp;<\/p>\n<p>&nbsp;<\/p>\n","protected":false},"excerpt":{"rendered":"<p>&nbsp; Por \u00c1ngel \u00c1lvaro Pe\u00f1a Andr\u00e9s Manuel L\u00f3pez Obrador, quien se dice respetuoso de la independencia y autonom\u00eda de los<\/p>\n","protected":false},"author":4,"featured_media":3187,"comment_status":"closed","ping_status":"closed","sticky":false,"template":"","format":"standard","meta":{"colormag_page_container_layout":"default_layout","colormag_page_sidebar_layout":"default_layout","_jetpack_memberships_contains_paid_content":false,"footnotes":"","jetpack_publicize_message":"","jetpack_publicize_feature_enabled":true,"jetpack_social_post_already_shared":true,"jetpack_social_options":{"image_generator_settings":{"template":"highway","default_image_id":0,"font":"","enabled":false},"version":2}},"categories":[6],"tags":[65,1916,503,1899],"class_list":["post-11452","post","type-post","status-publish","format-standard","has-post-thumbnail","hentry","category-columnistas","tag-andres-manuel-lopez-obrador","tag-ministra-pina","tag-poder-judicial","tag-suprema-corte-de-justicia-de-la-nacion"],"jetpack_publicize_connections":[],"jetpack_featured_media_url":"https:\/\/noticiasveracruz.com\/wp-content\/uploads\/2022\/04\/A\u0301NGEL-A\u0301LVARO-PEN\u0303A.png","jetpack_sharing_enabled":true,"publishpress_future_action":{"enabled":false,"date":"2026-05-09 02:45:40","action":"change-status","newStatus":"draft","terms":[],"taxonomy":"category","extraData":[]},"publishpress_future_workflow_manual_trigger":{"enabledWorkflows":[]},"_links":{"self":[{"href":"https:\/\/noticiasveracruz.com\/index.php\/wp-json\/wp\/v2\/posts\/11452","targetHints":{"allow":["GET"]}}],"collection":[{"href":"https:\/\/noticiasveracruz.com\/index.php\/wp-json\/wp\/v2\/posts"}],"about":[{"href":"https:\/\/noticiasveracruz.com\/index.php\/wp-json\/wp\/v2\/types\/post"}],"author":[{"embeddable":true,"href":"https:\/\/noticiasveracruz.com\/index.php\/wp-json\/wp\/v2\/users\/4"}],"replies":[{"embeddable":true,"href":"https:\/\/noticiasveracruz.com\/index.php\/wp-json\/wp\/v2\/comments?post=11452"}],"version-history":[{"count":0,"href":"https:\/\/noticiasveracruz.com\/index.php\/wp-json\/wp\/v2\/posts\/11452\/revisions"}],"wp:featuredmedia":[{"embeddable":true,"href":"https:\/\/noticiasveracruz.com\/index.php\/wp-json\/wp\/v2\/media\/3187"}],"wp:attachment":[{"href":"https:\/\/noticiasveracruz.com\/index.php\/wp-json\/wp\/v2\/media?parent=11452"}],"wp:term":[{"taxonomy":"category","embeddable":true,"href":"https:\/\/noticiasveracruz.com\/index.php\/wp-json\/wp\/v2\/categories?post=11452"},{"taxonomy":"post_tag","embeddable":true,"href":"https:\/\/noticiasveracruz.com\/index.php\/wp-json\/wp\/v2\/tags?post=11452"}],"curies":[{"name":"wp","href":"https:\/\/api.w.org\/{rel}","templated":true}]}}