{"id":11435,"date":"2023-01-03T11:41:02","date_gmt":"2023-01-03T17:41:02","guid":{"rendered":"https:\/\/noticiasveracruz.com\/?p=11435"},"modified":"2023-01-03T11:42:07","modified_gmt":"2023-01-03T17:42:07","slug":"sanciones-de-eu-contra-china-ha-afectado-la-estabilidad-economica-mundial","status":"publish","type":"post","link":"https:\/\/noticiasveracruz.com\/index.php\/2023\/01\/03\/sanciones-de-eu-contra-china-ha-afectado-la-estabilidad-economica-mundial\/","title":{"rendered":"Global Times: Sanciones de EU contra China ha afectado la estabilidad econ\u00f3mica mundial"},"content":{"rendered":"<p>&nbsp;<\/p>\n<p class=\"p2\"><span style=\"font-size: 14pt;\"><em><strong>PEK\u00cdN, CHINA.<\/strong> <\/em>De acuerdo con una editorial del <strong>Global Times<\/strong>, <strong>las sanciones de Estados Unidos contra China \u201cno solo han afectado los lazos bilaterales, sino que tambi\u00e9n han puesto en peligro la paz y la estabilidad mundiales\u201d, sentenci\u00f3 el medio asi\u00e1tico.<\/strong><\/span><\/p>\n<p class=\"p2\"><span style=\"font-size: 18pt; color: #e42d33;\"><strong>Adem\u00e1s resalt\u00f3 que las relaciones entre Pek\u00edn y Washington se cuentan entre las m\u00e1s importantes del intercambio bilateral del mundo, por lo que es importante su estabilizaci\u00f3n luego de altibajos presentados en el 2022, bajo la atenci\u00f3n de todo el mundo.<\/strong><\/span><\/p>\n<p>&nbsp;<\/p>\n<p><img loading=\"lazy\" decoding=\"async\" class=\"aligncenter wp-image-14328 size-large\" src=\"https:\/\/politicosaldesnudo.com.mx\/wp-content\/uploads\/2023\/01\/P-CHINA-EU-1-1024x573.png\" alt=\"\" width=\"800\" height=\"448\" \/><\/p>\n<p>&nbsp;<\/p>\n<p class=\"p2\"><span style=\"font-size: 14pt;\">Al inicio del 2023,\u00a0comparti\u00f3 Global Times, el titular del Ministerio de Relaciones Exteriores de China, Qin Gang, convers\u00f3 con el titular del Departamento de Estado estadounidense, Antony Blinken, para expresar su esperanza en que se mantenga la colaboraci\u00f3n cercana entre ambas naciones.<\/span><\/p>\n<p class=\"p2\"><span style=\"font-size: 18pt;\"><strong>Luego del encuentro en Bali, Indonesia, entre los presidentes de China y Estados Unidos, Xi Jinping y Joe Biden, respectivamente, analistas del mundo han expresado un optimismo cauteloso sobre un acercamiento m\u00e1s c\u00e1lido entre Pek\u00edn y Washington, destac\u00f3 el medio chino.<\/strong><\/span><\/p>\n<p>&nbsp;<\/p>\n<p class=\"p2\"><span style=\"font-size: 18pt; color: #e42d33;\"><strong>LA HOSTILIDAD GRINGA<\/strong><\/span><\/p>\n<p class=\"p2\"><span style=\"font-size: 18pt;\"><strong>El editorial consider\u00f3 que el 2022 alcanz\u00f3 niveles de hostilidad peligrosos entre ambos pa\u00edses, las principales potencias econ\u00f3micas del mundo de acuerdo con cifras del Banco Mundial, debido a desacuerdos en torno a la isla de Taiw\u00e1n.<\/strong><\/span><\/p>\n<p class=\"p2\"><span style=\"font-size: 18pt;\"><strong>Un punto cumbre de la tensi\u00f3n fue\u00a0la visita de la titular de la C\u00e1mara de Representantes estadounidense, Nancy Pelosi, a Taip\u00e9i, lo que el\u00a0Global Times\u00a0calific\u00f3 como una provocaci\u00f3n.<\/strong><\/span><\/p>\n<p>&nbsp;<\/p>\n<blockquote>\n<p class=\"p2\"><span style=\"font-size: 14pt;\">La visita \u201cha golpeado severamente la fundaci\u00f3n de las relaciones entre China y Estados Unidos y empeorado la ya de por s\u00ed fr\u00e1gil confianza mutua entre ambos pa\u00edses\u201d, estim\u00f3.<\/span><\/p>\n<\/blockquote>\n<p>&nbsp;<\/p>\n<p class=\"p2\"><span style=\"font-size: 18pt;\"><strong>Otro foco de hostilidad fue que la Casa Blanca calific\u00f3 a Pek\u00edn como su competencia estrat\u00e9gica m\u00e1s importante, adem\u00e1s de elevar sanciones contra el comercio del gigante asi\u00e1tico y perseguir una pol\u00edtica de desincorporaci\u00f3n de sus mercados en materia de\u00a0la cadena industrial de alta tecnolog\u00eda.<\/strong><\/span><\/p>\n<p>&nbsp;<\/p>\n<p><img loading=\"lazy\" decoding=\"async\" class=\"aligncenter wp-image-14330 size-large\" src=\"https:\/\/politicosaldesnudo.com.mx\/wp-content\/uploads\/2023\/01\/P-CHINA-EU-3-1024x573.png\" alt=\"\" width=\"800\" height=\"448\" \/><\/p>\n<p>&nbsp;<\/p>\n<p class=\"p2\"><span style=\"font-size: 14pt;\">No obstante, el editorial estim\u00f3 que los mecanismos de comunicaci\u00f3n de la relaci\u00f3n bilateral est\u00e1n recuper\u00e1ndose, ante el consenso de que el deterioro no debe llegar a un punto fuera de control.<\/span><\/p>\n<blockquote>\n<p class=\"p2\"><span style=\"font-size: 14pt;\">Ambas partes encaran los desaf\u00edos de la recuperaci\u00f3n econ\u00f3mica posterior a la pandemia, y Estados Unidos encarar\u00e1 una elecci\u00f3n en 2024. Hay en realidad indicios de que 2023 puede ser el mejor a\u00f1o para suavizar las relaciones entre China y Estados Unidos y ahora es el mejor momento para la cooperaci\u00f3n\u201d, abund\u00f3 Global Times<\/span><\/p>\n<\/blockquote>\n<p class=\"p2\"><span style=\"font-size: 18pt;\"><strong>No obstante, el medio admiti\u00f3 que esta ventana de oportunidad hacia la estabilizaci\u00f3n es a\u00fan muy fr\u00e1gil y requiere la reflexi\u00f3n de Washington. Incluso si Biden trabaja en la aproximaci\u00f3n a China, si el poder legislativo mantiene\u00a0su posici\u00f3n hostil al gigante asi\u00e1tico\u00a0podr\u00eda conducir a una mina con riesgo de detonar en cualquier momento.<\/strong><\/span><\/p>\n<p>&nbsp;<\/p>\n<blockquote>\n<p class=\"p2\"><span style=\"font-size: 14pt;\">A pesar de las se\u00f1ales de calidez en las relaciones entre China y Estados Unidos, no obstante asuntos como la cuesti\u00f3n de Taiw\u00e1n y la cadena industrial no se han resuelto y podr\u00edan deteriorarse repentinamente en cualquier momento debido a factores internos estadounidenses\u201d<\/span><\/p>\n<\/blockquote>\n<p>&nbsp;<\/p>\n<p class=\"p2\"><span style=\"font-size: 14pt;\">Global Times\u00a0agreg\u00f3 que en un mundo de m\u00faltiples desaf\u00edos los pa\u00edses m\u00e1s grandes deben asentar ejemplos de colaboraci\u00f3n, por lo que llam\u00f3 a Washington a fomentar el di\u00e1logo y el intercambio en lugar de la confrontaci\u00f3n y una mentalidad de ganar siempre.<\/span><\/p>\n<p>&nbsp;<\/p>\n<p>&nbsp;<\/p>\n","protected":false},"excerpt":{"rendered":"<p>&nbsp; PEK\u00cdN, CHINA. De acuerdo con una editorial del Global Times, las sanciones de Estados Unidos contra China \u201cno solo<\/p>\n","protected":false},"author":4,"featured_media":11437,"comment_status":"closed","ping_status":"closed","sticky":false,"template":"","format":"standard","meta":{"colormag_page_container_layout":"default_layout","colormag_page_sidebar_layout":"default_layout","_jetpack_memberships_contains_paid_content":false,"footnotes":"","jetpack_publicize_message":"","jetpack_publicize_feature_enabled":true,"jetpack_social_post_already_shared":true,"jetpack_social_options":{"image_generator_settings":{"template":"highway","default_image_id":0,"font":"","enabled":false},"version":2}},"categories":[355],"tags":[17,92,1914,19,409,1372],"class_list":["post-11435","post","type-post","status-publish","format-standard","has-post-thumbnail","hentry","category-internacional","tag-china","tag-estados-unidos","tag-global-times","tag-joe-biden","tag-sanciones","tag-xi-jinping"],"jetpack_publicize_connections":[],"jetpack_featured_media_url":"https:\/\/noticiasveracruz.com\/wp-content\/uploads\/2023\/01\/P-CHINA-EU-2.png","jetpack_sharing_enabled":true,"publishpress_future_action":{"enabled":false,"date":"2026-05-08 08:37:21","action":"change-status","newStatus":"draft","terms":[],"taxonomy":"category","extraData":[]},"publishpress_future_workflow_manual_trigger":{"enabledWorkflows":[]},"_links":{"self":[{"href":"https:\/\/noticiasveracruz.com\/index.php\/wp-json\/wp\/v2\/posts\/11435","targetHints":{"allow":["GET"]}}],"collection":[{"href":"https:\/\/noticiasveracruz.com\/index.php\/wp-json\/wp\/v2\/posts"}],"about":[{"href":"https:\/\/noticiasveracruz.com\/index.php\/wp-json\/wp\/v2\/types\/post"}],"author":[{"embeddable":true,"href":"https:\/\/noticiasveracruz.com\/index.php\/wp-json\/wp\/v2\/users\/4"}],"replies":[{"embeddable":true,"href":"https:\/\/noticiasveracruz.com\/index.php\/wp-json\/wp\/v2\/comments?post=11435"}],"version-history":[{"count":0,"href":"https:\/\/noticiasveracruz.com\/index.php\/wp-json\/wp\/v2\/posts\/11435\/revisions"}],"wp:featuredmedia":[{"embeddable":true,"href":"https:\/\/noticiasveracruz.com\/index.php\/wp-json\/wp\/v2\/media\/11437"}],"wp:attachment":[{"href":"https:\/\/noticiasveracruz.com\/index.php\/wp-json\/wp\/v2\/media?parent=11435"}],"wp:term":[{"taxonomy":"category","embeddable":true,"href":"https:\/\/noticiasveracruz.com\/index.php\/wp-json\/wp\/v2\/categories?post=11435"},{"taxonomy":"post_tag","embeddable":true,"href":"https:\/\/noticiasveracruz.com\/index.php\/wp-json\/wp\/v2\/tags?post=11435"}],"curies":[{"name":"wp","href":"https:\/\/api.w.org\/{rel}","templated":true}]}}