{"id":11427,"date":"2023-01-03T11:05:34","date_gmt":"2023-01-03T17:05:34","guid":{"rendered":"https:\/\/noticiasveracruz.com\/?p=11427"},"modified":"2023-01-10T22:14:09","modified_gmt":"2023-01-11T04:14:09","slug":"empresarios-consideran-a-mexico-el-centro-de-las-inversiones-en-america","status":"publish","type":"post","link":"https:\/\/noticiasveracruz.com\/index.php\/2023\/01\/03\/empresarios-consideran-a-mexico-el-centro-de-las-inversiones-en-america\/","title":{"rendered":"Empresarios consideran a M\u00e9xico el centro de las inversiones en Am\u00e9rica"},"content":{"rendered":"<p class=\"p1\"><span style=\"font-size: 14pt;\"><em><strong>CIUDAD DE M\u00c9XICO.<\/strong> <\/em><strong>M\u00e9xico puede convertirse en el centro de las inversiones para todo el continente americano<\/strong>, consideraron representantes empresariales consultados por\u00a0EFE.<\/span><\/p>\n<blockquote><p>&nbsp;<\/p>\n<p class=\"p1\"><span style=\"font-size: 14pt;\">M\u00e9xico puede ser una gran puerta (de inversiones) para Am\u00e9rica del Norte y para Am\u00e9rica del Sur\u201d, coment\u00f3 el presidente de Consejo Coordinador Empresarial (CCE), Francisco Cervantes.<\/span><\/p>\n<\/blockquote>\n<p>&nbsp;<\/p>\n<p class=\"p1\"><span style=\"font-size: 18pt;\"><strong>As\u00ed, Francisco Cervantes, dijo que la CCE aporta el 80% del Producto Interno Bruto del pa\u00eds, se\u00f1al\u00f3 que M\u00e9xico debe seguir incrementando la confianza en el pa\u00eds para que las inversiones \u201csigan aterrizando\u201d.<\/strong><\/span><\/p>\n<p>&nbsp;<\/p>\n<blockquote>\n<p class=\"p1\"><span style=\"font-size: 14pt;\">Tenemos que seguir generando confianza para que para las inversiones sigan aterrizando\u201d<\/span><\/p>\n<\/blockquote>\n<p>&nbsp;<\/p>\n<p class=\"p1\"><span style=\"font-size: 18pt;\"><strong>Francisco Cervantes tambi\u00e9n consider\u00f3 que ser\u00e1 importante que las inversiones se incrementen en el sur-sureste del territorio mexicano, donde se tiene mayor rezago social.<\/strong><\/span><\/p>\n<p class=\"p1\"><span style=\"font-size: 14pt;\">El presidente del CCE, Francisco Cervantes, sostuvo que, a dos a\u00f1os de la pandemia por la Covid 19 y que provoc\u00f3 una ca\u00edda superior al 8% en la econom\u00eda mexicana, \u201cestamos convirtiendo este problema de crisis en un problema de oportunidades\u201d.<\/span><\/p>\n<p class=\"p1\"><span style=\"font-size: 18pt;\"><strong>Dijo que las principales beneficiadas por el reacomodo de las cadenas de valor en el mundo son la micro, peque\u00f1as y medianas empresas (mipymes) mexicanas que podr\u00e1n aprovechar este \u201cnearshoring\u201d (externalizaci\u00f3n) para poder crecer.<\/strong><\/span><\/p>\n<p>&nbsp;<\/p>\n<blockquote>\n<p class=\"p1\"><span style=\"font-size: 14pt;\">Para las mipymes es muy importante (el reacomodo de las cadenas de valor) porque se est\u00e1n reformando las cadenas de suministro\u201d<\/span><\/p>\n<\/blockquote>\n<p>&nbsp;<\/p>\n<p><img loading=\"lazy\" decoding=\"async\" class=\"aligncenter wp-image-14317 size-large\" src=\"https:\/\/politicosaldesnudo.com.mx\/wp-content\/uploads\/2023\/01\/P-MEXICO-INVERSION-2-1024x573.png\" alt=\"\" width=\"800\" height=\"448\" \/><\/p>\n<p>&nbsp;<\/p>\n<p class=\"p1\"><span style=\"font-size: 18pt; color: #e42d33;\"><strong>CAPTACI\u00d3N R\u00c9CORD<\/strong><\/span><\/p>\n<p class=\"p1\"><span style=\"font-size: 18pt; color: #e42d33;\"><strong>De acuerdo con datos de la Secretar\u00eda de Econom\u00eda, hasta el tercer trimestre de 2022, M\u00e9xico capt\u00f3 un r\u00e9cord de 32,147.4 millones de d\u00f3lares de inversi\u00f3n extranjera directa. Esto represent\u00f3 un aumento de 29.5% frente al mismo periodo de 2021, principalmente impulsado por sus principales socios comerciales: Estados Unidos, Canad\u00e1 y Espa\u00f1a.<\/strong><\/span><\/p>\n<p class=\"p1\"><span style=\"font-size: 14pt;\">Consultado aparte, el presidente de la Confederaci\u00f3n Patronal de la Rep\u00fablica Mexicana (Coparmex), Jos\u00e9 Medina Mora, record\u00f3 que esta organizaci\u00f3n firm\u00f3 con organizaciones empresariales de Latinoam\u00e9rica la Declaraci\u00f3n Guadalajara que, entre otros temas, promueve el flujo de inversiones entre pa\u00edses latinoamericanos.<\/span><\/p>\n<p>&nbsp;<\/p>\n<blockquote>\n<p class=\"p1\"><span style=\"font-size: 14pt;\">La Declaraci\u00f3n Guadalajara fue firmada por organismos empresariales de Chile, Per\u00fa, Colombia, que son parte de la Alianza del Pac\u00edfico, pero adem\u00e1s, Colombia y hay inter\u00e9s de otros pa\u00edses que son observadores de la Alianza, como Ecuador, pero tambi\u00e9n pa\u00edses como Argentina, Uruguay, Paraguay, Brasil\u201d<\/span><\/p>\n<\/blockquote>\n<p>&nbsp;<\/p>\n<p class=\"p1\"><span style=\"font-size: 18pt;\"><strong>Medina Mora expres\u00f3 que es necesario establecer un nuevo modelo de pa\u00eds, el cual busque el desarrollo inclusivo, \u201cno nada m\u00e1s para M\u00e9xico, sino para Latinoam\u00e9rica\u201d.<\/strong><\/span><\/p>\n<p>&nbsp;<\/p>\n<blockquote>\n<p class=\"p1\"><span style=\"font-size: 14pt;\">Desde el sector empresarial estamos convencidos de que el desarrollo econ\u00f3mico es necesario, pero no suficiente. Tiene que ir de la mano del desarrollo social\u201d<\/span><\/p>\n<\/blockquote>\n<p>&nbsp;<\/p>\n<p class=\"p1\"><span style=\"font-size: 18pt;\"><strong>En el marco de la reuni\u00f3n del consejo de empresarios de la Alianza del Pac\u00edfico, la secretar\u00eda de Econom\u00eda mexicana, Raquel Buenrostro, asegur\u00f3 que son bienvenidas \u201ctodas las voluntades de aquellas empresas que miran a la Alianza del Pac\u00edfico como un destino pr\u00f3spero para sus inversiones\u201d.<\/strong><\/span><\/p>\n<p class=\"p1\"><span style=\"font-size: 14pt;\">Asimismo, ofreci\u00f3 el acompa\u00f1amiento de los pa\u00edses miembros en \u201cla realizaci\u00f3n de sus proyectos y para facilitar su aterrizaje y expansi\u00f3n en nuestros territorios\u201d.<\/span><\/p>\n<p>&nbsp;<\/p>\n<blockquote>\n<p class=\"p1\"><span style=\"font-size: 14pt;\">Nos interesa la prosperidad de las empresas que se instalan en nuestros pa\u00edses y que caminen con nosotros en este objetivo\u201d, agreg\u00f3 Buenrostro<\/span><\/p>\n<\/blockquote>\n<p>&nbsp;<\/p>\n<p class=\"p1\"><span style=\"font-size: 18pt;\"><strong>En una entrevista con\u00a0EFE, Pedro Furtado de Oliveira, director de la Organizaci\u00f3n Internacional del Trabajo (OIT) para M\u00e9xico y Cuba, consider\u00f3 que las nuevas leyes laborales de M\u00e9xico establecen una base s\u00f3lida para atraer inversi\u00f3n extranjera directa que genere m\u00e1s empleos dignos.<\/strong><\/span><\/p>\n<p>&nbsp;<\/p>\n<p><img loading=\"lazy\" decoding=\"async\" class=\"aligncenter wp-image-14318 size-large\" src=\"https:\/\/politicosaldesnudo.com.mx\/wp-content\/uploads\/2023\/01\/P-MEXICO-INVERSION-3-1024x573.png\" alt=\"\" width=\"800\" height=\"448\" \/><\/p>\n<p>&nbsp;<\/p>\n<p class=\"p1\"><span style=\"font-size: 18pt;\"><strong>Recientemente, no solo se ha manifestado el inter\u00e9s de empresas en el sur o norte de Am\u00e9rica, sino que los propios empresarios mexicanos han levantado la mano para, de igual forma, impulsar la inversi\u00f3n en el pa\u00eds.<\/strong><\/span><\/p>\n<p class=\"p1\"><span style=\"font-size: 14pt;\">Este es el caso de la Asociaci\u00f3n Mexicana de Energ\u00eda E\u00f3lica que se\u00f1al\u00f3 una oportunidad e inversi\u00f3n en infraestructura e\u00f3lica en el pa\u00eds por 15,000 millones de d\u00f3lares en los pr\u00f3ximos a\u00f1os a fin de descarbonizar la econom\u00eda mexicana.<\/span><\/p>\n<p class=\"p1\"><span style=\"font-size: 14pt;\">Asimismo, la Confederaci\u00f3n de C\u00e1maras Industriales (Concamin) asegur\u00f3 que la inversi\u00f3n necesaria para poder instalar una industria productora de bater\u00edas de litio que impulse la transici\u00f3n a veh\u00edculos el\u00e9ctricos para 2028, como tambi\u00e9n pretende el Gobierno mexicano, declar\u00f3 Jos\u00e9 Abugaber, presidente de dicho organismo.<\/span><\/p>\n<p class=\"p1\"><span style=\"font-size: 18pt; color: #e42d33;\"><strong>De acuerdo con la Secretar\u00eda de Econom\u00eda mexicana, m\u00e1s de 400 empresas estadounidenses en Asia podr\u00edan mover sus plantas hacia M\u00e9xico, impulsadas por el \u201cnearshoring\u201d, mientras que la Secretar\u00eda de Relaciones Exteriores ha previsto la inversi\u00f3n de m\u00e1s de 600 millones de d\u00f3lares de empresas provenientes de China y Corea del Sur.<\/strong><\/span><\/p>\n<p>&nbsp;<\/p>\n<p>&nbsp;<\/p>\n<p>&nbsp;<\/p>\n<p>&nbsp;<\/p>\n<p>&nbsp;<\/p>\n","protected":false},"excerpt":{"rendered":"<p>CIUDAD DE M\u00c9XICO. M\u00e9xico puede convertirse en el centro de las inversiones para todo el continente americano, consideraron representantes empresariales<\/p>\n","protected":false},"author":4,"featured_media":11428,"comment_status":"closed","ping_status":"closed","sticky":false,"template":"","format":"standard","meta":{"colormag_page_container_layout":"default_layout","colormag_page_sidebar_layout":"default_layout","_jetpack_memberships_contains_paid_content":false,"footnotes":"","jetpack_publicize_message":"","jetpack_publicize_feature_enabled":true,"jetpack_social_post_already_shared":true,"jetpack_social_options":{"image_generator_settings":{"template":"highway","default_image_id":0,"font":"","enabled":false},"version":2}},"categories":[1947],"tags":[473,1913,466,791,31,1785],"class_list":["post-11427","post","type-post","status-publish","format-standard","has-post-thumbnail","hentry","category-economia","tag-empresarios","tag-francisco-cervantes","tag-inversion","tag-inversion-extranjera","tag-mexico","tag-nearshoring"],"jetpack_publicize_connections":[],"jetpack_featured_media_url":"https:\/\/noticiasveracruz.com\/wp-content\/uploads\/2023\/01\/P-MEXICO-INVERSION-1.png","jetpack_sharing_enabled":true,"publishpress_future_action":{"enabled":false,"date":"2026-05-08 09:26:44","action":"change-status","newStatus":"draft","terms":[],"taxonomy":"category","extraData":[]},"publishpress_future_workflow_manual_trigger":{"enabledWorkflows":[]},"_links":{"self":[{"href":"https:\/\/noticiasveracruz.com\/index.php\/wp-json\/wp\/v2\/posts\/11427","targetHints":{"allow":["GET"]}}],"collection":[{"href":"https:\/\/noticiasveracruz.com\/index.php\/wp-json\/wp\/v2\/posts"}],"about":[{"href":"https:\/\/noticiasveracruz.com\/index.php\/wp-json\/wp\/v2\/types\/post"}],"author":[{"embeddable":true,"href":"https:\/\/noticiasveracruz.com\/index.php\/wp-json\/wp\/v2\/users\/4"}],"replies":[{"embeddable":true,"href":"https:\/\/noticiasveracruz.com\/index.php\/wp-json\/wp\/v2\/comments?post=11427"}],"version-history":[{"count":0,"href":"https:\/\/noticiasveracruz.com\/index.php\/wp-json\/wp\/v2\/posts\/11427\/revisions"}],"wp:featuredmedia":[{"embeddable":true,"href":"https:\/\/noticiasveracruz.com\/index.php\/wp-json\/wp\/v2\/media\/11428"}],"wp:attachment":[{"href":"https:\/\/noticiasveracruz.com\/index.php\/wp-json\/wp\/v2\/media?parent=11427"}],"wp:term":[{"taxonomy":"category","embeddable":true,"href":"https:\/\/noticiasveracruz.com\/index.php\/wp-json\/wp\/v2\/categories?post=11427"},{"taxonomy":"post_tag","embeddable":true,"href":"https:\/\/noticiasveracruz.com\/index.php\/wp-json\/wp\/v2\/tags?post=11427"}],"curies":[{"name":"wp","href":"https:\/\/api.w.org\/{rel}","templated":true}]}}