{"id":11419,"date":"2023-01-03T10:19:15","date_gmt":"2023-01-03T16:19:15","guid":{"rendered":"https:\/\/noticiasveracruz.com\/?p=11419"},"modified":"2023-01-03T20:32:06","modified_gmt":"2023-01-04T02:32:06","slug":"la-lucha-de-clases-en-brasil","status":"publish","type":"post","link":"https:\/\/noticiasveracruz.com\/index.php\/2023\/01\/03\/la-lucha-de-clases-en-brasil\/","title":{"rendered":"La lucha de clases en Brasil"},"content":{"rendered":"<p>&nbsp;<\/p>\n<p><span style=\"font-size: 18pt;\"><strong>Por Arturo Salcido<\/strong><\/span><\/p>\n<p class=\"p1\"><span style=\"font-size: 18pt; color: #e42d33;\"><strong>Lula, el gran dirigente, incansable luchador social, h\u00e9roe de mil batallas, ha regresado a la presidencia de Brasil, triunfando sobre mil adversidades, derrotando la infamia y la calumnia, venciendo mil tempestades.<\/strong><\/span><\/p>\n<p class=\"p1\"><span style=\"font-size: 18pt;\"><strong>Su discurso de toma de posesi\u00f3n para su tercer per\u00edodo presidencial, con la madurez de quien ha triunfado una y otra vez, y despu\u00e9s ha sufrido persecuci\u00f3n, injusticia, c\u00e1rcel y malos tratos para volver a vencer contra toda la miseria pol\u00edtica de la oligarqu\u00eda brasile\u00f1a apoyada y alentada por el imperialismo norteamericano, ha sido un mensaje claro, preciso, breve; el mensaje de un gran dirigente que tiene muy claro lo que debe decir y sabe perfectamente c\u00f3mo decirlo.<\/strong><\/span><\/p>\n<p class=\"p1\"><span style=\"font-size: 14pt;\">En primer lugar es el mensaje de alguien que conoce muy bien los monstruos que ha desatado; tiene claros los retos, conoce a los miserables que enfrenta, y sabe adem\u00e1s que es el presidente de una gran naci\u00f3n, muy importante en territorio, poblaci\u00f3n, econom\u00eda, pol\u00edtica y con una gran oportunidad hist\u00f3rica.<\/span><\/p>\n<p class=\"p1\"><span style=\"font-size: 18pt;\"><strong>Lula sabe muy bien lo que logr\u00f3 hacer en los dos periodos presidenciales que \u00e9l encabez\u00f3, m\u00e1s el per\u00edodo de Dilma, y sabe tambi\u00e9n dolorosamente que despu\u00e9s de ellos vino un desgraciado a borrar todo y a entregar el pa\u00eds a los peores intereses capitalistas nacionales y extranjeros.<\/strong><\/span><\/p>\n<p>&nbsp;<\/p>\n<p><img loading=\"lazy\" decoding=\"async\" class=\"aligncenter wp-image-14307 size-large\" src=\"https:\/\/politicosaldesnudo.com.mx\/wp-content\/uploads\/2023\/01\/P-LULA-GOBIERNO-1024x573.png\" alt=\"\" width=\"800\" height=\"448\" \/><\/p>\n<p>&nbsp;<\/p>\n<p class=\"p1\"><span style=\"font-size: 18pt;\"><strong>El mensaje de Lula tiene cap\u00edtulos muy claros de una parte el reclamo obligado a los miserables, despu\u00e9s el lamento por todo el da\u00f1o que causaron, y enseguida promete retomar el rumbo y continuar la obra emprendida.<\/strong>\u00a0<\/span><\/p>\n<p class=\"p1\"><span style=\"font-size: 14pt;\">Lula sabe que no tiene mayor\u00eda, ni parlamentaria, ni judicial, ni en los estados, ni entre los capitalistas, sin embargo, hace un llamado a los capitales nacionales y extranjeros. <\/span><span style=\"font-size: 14pt;\">Tampoco tiene mayor\u00eda en la composici\u00f3n de<span class=\"Apple-converted-space\">\u00a0 <\/span>las fuerzas pol\u00edticas que lo han llevado al poder. No resultar\u00e1 f\u00e1cil gobernar ni construir.<\/span><\/p>\n<p class=\"p1\"><span style=\"font-size: 18pt; color: #e42d33;\"><strong>Lula propone continuar su proyecto, hacia una sociedad menos injusta, menos desigual, con progreso econ\u00f3mico y bienestar social. Eso no es socialismo, en el mejor de los casos es un capitalismo m\u00e1s desarrollado: aunque sus detractores lo acusen de llevar al pa\u00eds al comunismo.<\/strong><\/span><\/p>\n<p class=\"p1\"><span style=\"font-size: 14pt;\">Brasil es una potencia econ\u00f3mica y tiene todo para construir una sociedad pr\u00f3spera y moderna, pero necesita el permiso norteamericano, o saber avanzar sin su permiso.<\/span><\/p>\n<p class=\"p1\"><span style=\"font-size: 14pt;\">En este 2023 la correlaci\u00f3n de fuerzas en el mundo se ha movido, la importancia de los BRICS ahora fortalecidos y ampliados puede ser de gran importancia para el Brasil de Lula.<\/span><\/p>\n<p class=\"p1\"><span style=\"font-size: 18pt; color: #e42d33;\"><strong>En Brasil se da una tremenda polarizaci\u00f3n de los grupos sociales, 60 millones de votos contra 58. Tal vez los m\u00e1s pobres, los m\u00e1s manipulados por las organizaciones clericales, se fueron en su mayor\u00eda hacia la derecha.<span class=\"Apple-converted-space\">\u00a0 <\/span>Del lado de Lula, una izquierda muy relativa, masas de trabajadores<span class=\"Apple-converted-space\">\u00a0 <\/span>acompa\u00f1ados de intelectuales y estudiantes. no en su totalidad, obviamente.<\/strong><\/span><\/p>\n<p class=\"p1\"><span style=\"font-size: 14pt;\">Ha ganado Lula, es preciso decirlo; no hubiera ganado ning\u00fan otro candidato, aunque fuera del mismo partido. Ha triunfado el milagro electoral, el l\u00edder carism\u00e1tico, el gran dirigente popular. M\u00e1s preciso, ha ganado Lula, no el partido, no el programa.<\/span><\/p>\n<p class=\"p1\"><span style=\"font-size: 18pt;\"><strong>Ocho a\u00f1os de Lula en la presidencia y casi seis de Dilma, no fueron suficientes para construir un aparato pol\u00edtico que garantizara la continuidad; tal vez por creer que el pueblo seguir\u00eda con ellos, por imagen, popularidad, simpat\u00eda, pero al parecer los pueblos necesitan algo m\u00e1s para no irse con el primer desgraciado que calumnia a sus verdaderos representantes.<\/strong><\/span><\/p>\n<p class=\"p1\"><span style=\"font-size: 14pt;\">Bolsonaro huy\u00f3 esperando ser cobijado entre los amigos imaginarios de Biden. <\/span><span style=\"font-size: 14pt;\">No debe ser perdonado, hay que perseguirlo por todos los delitos cometidos desde antes de ser presidente. <\/span><\/p>\n<p class=\"p1\"><span style=\"font-size: 18pt; color: #e42d33;\"><strong>Lula tendr\u00e1 que preguntarse si dejar\u00e1 que todo su esfuerzo y sacrificio sea borrado por el pr\u00f3ximo presidente de derecha. \u00bfLa lucha de clases en Am\u00e9rica Latina es s\u00f3lo electoral?, \u00bfUn pasito a la derecha y luego otro a la izquierda?<\/strong><\/span><\/p>\n<p class=\"p1\"><span style=\"font-size: 14pt;\">En Bolivia, en Per\u00fa, en Ecuador, en Colombia, en Argentina, la derecha ha demostrado siempre que van mas all\u00e1 del juego electoral.<\/span><\/p>\n<p>&nbsp;<\/p>\n<p class=\"p1\"><span style=\"font-size: 14pt;\">En todo proceso de lucha de clases actual, es necesario tener muy presentes el papel que juegan tres fuerzas pol\u00edticas:<\/span><\/p>\n<p class=\"p1\"><span style=\"font-size: 14pt;\">&#8211; El Ej\u00e9rcito<\/span><\/p>\n<p class=\"p1\"><span style=\"font-size: 14pt;\">&#8211; El Poder Judicial<\/span><\/p>\n<p class=\"p1\"><span style=\"font-size: 14pt;\">&#8211; Los medios de comunicaci\u00f3n.<\/span><\/p>\n<p>&nbsp;<\/p>\n<p class=\"p1\"><span style=\"font-size: 18pt;\"><strong>Esos tres aparatos llevan el juego electoral hasta donde les conviene, y si pierden arrebatan. Es obligado actuar en relaci\u00f3n con esos poderes. Son tres temas a desarrollar.<\/strong><\/span><\/p>\n<p>&nbsp;<\/p>\n<p>&nbsp;<\/p>\n<p>&nbsp;<\/p>\n<hr \/>\n<p>&nbsp;<\/p>\n<p class=\"p1\"><strong><span style=\"font-size: 18pt;\"><span class=\"s1\">* <\/span>Director General de publicaciones del Instituto Polit\u00e9cnico Nacional | 2001-2010<\/span><\/strong><\/p>\n<p class=\"p1\"><strong><span style=\"font-size: 18pt;\">* Autor del proyecto de iniciativa de Ley para una Nueva Constituci\u00f3n Pol\u00edtica de los Estados Unidos Mexicanos | 2000<\/span><\/strong><\/p>\n<p class=\"p1\"><strong><span style=\"font-size: 18pt;\">* Diputado federal por el Partido Comunista Mexicano | <\/span><\/strong><strong><span style=\"font-size: 18pt;\">1979-1982<\/span><\/strong><\/p>\n<p class=\"p1\"><strong><span style=\"font-size: 18pt;\">* Presidente del Colegio Nacional de Economistas | <\/span><\/strong><strong><span style=\"font-size: 18pt;\">1989-1992<\/span><\/strong><\/p>\n<p>&nbsp;<\/p>\n<p>&nbsp;<\/p>\n<p class=\"p1\"><strong><span style=\"font-size: 18pt;\">Correo: <a href=\"mailto:asalcido.b@gmail.com\">asalcido.b@gmail.com<\/a><\/span><\/strong><\/p>\n<p class=\"p1\"><strong><span style=\"font-size: 18pt;\">Twitter: <a href=\"https:\/\/twitter.com\/AsalcidoB\">@AsalcidoB<\/a><\/span><\/strong><\/p>\n<p>&nbsp;<\/p>\n<p><img loading=\"lazy\" decoding=\"async\" class=\"aligncenter wp-image-11449\" src=\"http:\/\/noticiasveracruz.com\/wp-content\/uploads\/2023\/01\/FIRMA-EDITORIAL-NV-300x37.png\" alt=\"\" width=\"1000\" height=\"122\" srcset=\"https:\/\/noticiasveracruz.com\/wp-content\/uploads\/2023\/01\/FIRMA-EDITORIAL-NV-300x37.png 300w, https:\/\/noticiasveracruz.com\/wp-content\/uploads\/2023\/01\/FIRMA-EDITORIAL-NV-1024x125.png 1024w, https:\/\/noticiasveracruz.com\/wp-content\/uploads\/2023\/01\/FIRMA-EDITORIAL-NV-768x94.png 768w, https:\/\/noticiasveracruz.com\/wp-content\/uploads\/2023\/01\/FIRMA-EDITORIAL-NV-1536x188.png 1536w, https:\/\/noticiasveracruz.com\/wp-content\/uploads\/2023\/01\/FIRMA-EDITORIAL-NV-2048x250.png 2048w\" sizes=\"auto, (max-width: 1000px) 100vw, 1000px\" \/><\/p>\n<p>&nbsp;<\/p>\n<p>&nbsp;<\/p>\n<p>&nbsp;<\/p>\n","protected":false},"excerpt":{"rendered":"<p>&nbsp; Por Arturo Salcido Lula, el gran dirigente, incansable luchador social, h\u00e9roe de mil batallas, ha regresado a la presidencia<\/p>\n","protected":false},"author":4,"featured_media":10117,"comment_status":"closed","ping_status":"closed","sticky":false,"template":"","format":"standard","meta":{"colormag_page_container_layout":"default_layout","colormag_page_sidebar_layout":"default_layout","_jetpack_memberships_contains_paid_content":false,"footnotes":"","jetpack_publicize_message":"","jetpack_publicize_feature_enabled":true,"jetpack_social_post_already_shared":true,"jetpack_social_options":{"image_generator_settings":{"template":"highway","default_image_id":0,"font":"","enabled":false},"version":2}},"categories":[6],"tags":[765,253,1908,1907],"class_list":["post-11419","post","type-post","status-publish","format-standard","has-post-thumbnail","hentry","category-columnistas","tag-america-latina","tag-brasil","tag-dilma","tag-lula"],"jetpack_publicize_connections":[],"jetpack_featured_media_url":"https:\/\/noticiasveracruz.com\/wp-content\/uploads\/2022\/11\/P-ARTURO-SALCIDO-NV.png","jetpack_sharing_enabled":true,"publishpress_future_action":{"enabled":false,"date":"2026-05-08 11:13:02","action":"change-status","newStatus":"draft","terms":[],"taxonomy":"category","extraData":[]},"publishpress_future_workflow_manual_trigger":{"enabledWorkflows":[]},"_links":{"self":[{"href":"https:\/\/noticiasveracruz.com\/index.php\/wp-json\/wp\/v2\/posts\/11419","targetHints":{"allow":["GET"]}}],"collection":[{"href":"https:\/\/noticiasveracruz.com\/index.php\/wp-json\/wp\/v2\/posts"}],"about":[{"href":"https:\/\/noticiasveracruz.com\/index.php\/wp-json\/wp\/v2\/types\/post"}],"author":[{"embeddable":true,"href":"https:\/\/noticiasveracruz.com\/index.php\/wp-json\/wp\/v2\/users\/4"}],"replies":[{"embeddable":true,"href":"https:\/\/noticiasveracruz.com\/index.php\/wp-json\/wp\/v2\/comments?post=11419"}],"version-history":[{"count":0,"href":"https:\/\/noticiasveracruz.com\/index.php\/wp-json\/wp\/v2\/posts\/11419\/revisions"}],"wp:featuredmedia":[{"embeddable":true,"href":"https:\/\/noticiasveracruz.com\/index.php\/wp-json\/wp\/v2\/media\/10117"}],"wp:attachment":[{"href":"https:\/\/noticiasveracruz.com\/index.php\/wp-json\/wp\/v2\/media?parent=11419"}],"wp:term":[{"taxonomy":"category","embeddable":true,"href":"https:\/\/noticiasveracruz.com\/index.php\/wp-json\/wp\/v2\/categories?post=11419"},{"taxonomy":"post_tag","embeddable":true,"href":"https:\/\/noticiasveracruz.com\/index.php\/wp-json\/wp\/v2\/tags?post=11419"}],"curies":[{"name":"wp","href":"https:\/\/api.w.org\/{rel}","templated":true}]}}