{"id":11414,"date":"2023-01-03T09:01:17","date_gmt":"2023-01-03T15:01:17","guid":{"rendered":"https:\/\/noticiasveracruz.com\/?p=11414"},"modified":"2023-01-03T09:01:42","modified_gmt":"2023-01-03T15:01:42","slug":"unam-titulos-y-facilidades-especiales","status":"publish","type":"post","link":"https:\/\/noticiasveracruz.com\/index.php\/2023\/01\/03\/unam-titulos-y-facilidades-especiales\/","title":{"rendered":"UNAM, t\u00edtulos y facilidades especiales"},"content":{"rendered":"<p>&nbsp;<\/p>\n<p class=\"p1\"><span style=\"font-size: 18pt;\"><strong>Por Jos\u00e9 Ure\u00f1a<\/strong><\/span><\/p>\n<p class=\"p1\"><span style=\"font-size: 14pt;\">Para algunos ser\u00e1 comercio, en estricto sentido. <\/span><span style=\"font-size: 14pt;\">Pero no se practica como ahora se cuestiona a la maestra Martha Rodr\u00edguez Ortiz, prol\u00edfica tutora en la Facultad de Estudios Superiores Arag\u00f3n (FES Arag\u00f3n).<\/span><\/p>\n<p class=\"p1\"><span style=\"font-size: 14pt;\">En el curso de a\u00f1os por sus manos han pasado 499 trabajos de aspirantes a titularse, seg\u00fan el repositorio de la Universidad Nacional Aut\u00f3noma de M\u00e9xico (UNAM).<\/span><\/p>\n<p class=\"p1\"><span style=\"font-size: 14pt;\">Los investigadores han encontrado evidentes similitudes entre ellas \u2013\u201calto nivel de coincidencias\u201d, le dicen en el argot universitario- y eso genera muchas sospechas.<\/span><\/p>\n<p class=\"p1\"><span style=\"font-size: 14pt;\">Su caso est\u00e1 bajo investigaci\u00f3n del Comit\u00e9 de Integridad Acad\u00e9mica y Cient\u00edfica de la FES Arag\u00f3n y todos esperamos con avidez el resultado definitivo.<\/span><\/p>\n<p class=\"p1\"><span style=\"font-size: 14pt;\">Pero no es la constante, dec\u00edamos. <\/span><span style=\"font-size: 14pt;\">En di\u00e1logo con m\u00faltiples maestros de la mayor universidad p\u00fablica de M\u00e9xico es posible describir una pr\u00e1ctica relativamente frecuente pero no tan nociva como las copias de tesis al carb\u00f3n.<\/span><\/p>\n<p class=\"p1\"><span style=\"font-size: 14pt;\">Se les auxilia con recomendaciones, con clases especiales a alumnos rezagados, con asesor\u00edas sobre t\u00edtulos y hasta con trabajos para acreditar conocimientos.<\/span><\/p>\n<p>&nbsp;<\/p>\n<p class=\"p1\"><span style=\"font-size: 18pt; color: #e42d33;\"><strong>CLASES EXTRA AULAS<\/strong><\/span><\/p>\n<p class=\"p1\"><span style=\"font-size: 14pt;\">Pongamos un caso como ejemplo. <\/span><span style=\"font-size: 14pt;\">Alg\u00fan alumno ingres\u00f3 a principios de los setenta a estudiar en la Facultad de Ciencias Pol\u00edticas y desde el principio tuvo problemas para aprobar varias materias.<\/span><\/p>\n<p class=\"p1\"><span style=\"font-size: 14pt;\">Las m\u00e1s dif\u00edciles para \u00e9l eran matem\u00e1ticas y econom\u00eda, circunstancia por la cual acumul\u00f3 rezagos en el resto de sus a\u00f1os de carrera.<\/span><\/p>\n<p class=\"p1\"><span style=\"font-size: 14pt;\">Cuando debi\u00f3 haber terminado, oficialmente ten\u00eda m\u00e1s de una decena de materias pendientes de aprobar: cuatro en administraci\u00f3n y las restantes de otras materias.<\/span><\/p>\n<p class=\"p1\"><span style=\"font-size: 14pt;\">Alg\u00fan amigo suyo, digamos Enrique Gonz\u00e1lez Pedrero, intervino en su favor y habl\u00f3 con varios maestros para recomendar a ese alumno y pedirles trato especial.<\/span><\/p>\n<p class=\"p1\"><span style=\"font-size: 14pt;\">-Se trata guiarlo con mucho cuidado. Lo estimo mucho y le agradecer\u00e9 su ayuda -le dijo a uno de esos acad\u00e9micos, para esta historia identificado con el apellido ficticio de Angoitia,<\/span><\/p>\n<p class=\"p1\"><span style=\"font-size: 14pt;\">\u00c9l y los dem\u00e1s lo hicieron.<\/span><\/p>\n<p class=\"p1\"><span style=\"font-size: 14pt;\">Con un padrino as\u00ed, lo dem\u00e1s era natural: lo llevaron de la mano, materia por materia, hasta poner punto final y titularlo 14 a\u00f1os despu\u00e9s de iniciada la carrera.<\/span><\/p>\n<p class=\"p1\"><span style=\"font-size: 14pt;\">\u00bfAlguna ilegalidad? <\/span><span style=\"font-size: 14pt;\">-Ninguna -al decir de dos de sus tutores-, porque se le ense\u00f1\u00f3, estudi\u00f3, aprendi\u00f3 y al final acredit\u00f3 los conocimientos necesarios para ejercer.<\/span><\/p>\n<p>&nbsp;<\/p>\n<p class=\"p1\"><span style=\"font-size: 18pt; color: #e42d33;\"><strong>TRATO A DEPORTISTAS<\/strong><\/span><\/p>\n<p class=\"p1\"><span style=\"font-size: 14pt;\">\u00bfCaso \u00fanico? Tampoco. Este tipo de orientaci\u00f3n o clases extra universitarias son frecuentes con deportistas como Hugo S\u00e1nchez, Miguel Mej\u00eda Bar\u00f3n y muchos m\u00e1s.<\/span><\/p>\n<p class=\"p1\"><span style=\"font-size: 14pt;\">En esos casos hay una justificaci\u00f3n, me dice Angoitia: <\/span><span style=\"font-size: 14pt;\">-Es merecido. Si entrenan desde las once de la ma\u00f1ana hasta las cinco de la tarde, \u00bfa qu\u00e9 horas estudian?<\/span><\/p>\n<p class=\"p1\"><span style=\"font-size: 14pt;\">Adem\u00e1s, acota, \u201cno puede decirse que ignoren las materias ni que se les regalen los t\u00edtulos, sino que reciben apoyos especiales\u2026 Una especie de beca por ser deportistas de alto rendimiento\u201d.<\/span><\/p>\n<p class=\"p1\"><span style=\"font-size: 14pt;\">En consonancia con este dicho va la advertencia del rector Enrique Graue, quien promete no torcer la decisi\u00f3n universitaria: <\/span><span style=\"font-size: 14pt;\">\u201c\u2026en mi calidad de Rector, no acepto que derivado de disputas ajenas se vulnere el prestigio y la honorabilidad de la Universidad\u201d.<\/span><\/p>\n<p>&nbsp;<\/p>\n<p>&nbsp;<\/p>\n<p><span style=\"font-size: 18pt; color: #e42d33;\"><em><strong>**Las columnas firmadas en este medio son responsabilidad de quienes las firman**<\/strong><\/em><\/span><\/p>\n<p>&nbsp;<\/p>\n","protected":false},"excerpt":{"rendered":"<p>&nbsp; Por Jos\u00e9 Ure\u00f1a Para algunos ser\u00e1 comercio, en estricto sentido. Pero no se practica como ahora se cuestiona a<\/p>\n","protected":false},"author":4,"featured_media":3258,"comment_status":"closed","ping_status":"closed","sticky":false,"template":"","format":"standard","meta":{"colormag_page_container_layout":"default_layout","colormag_page_sidebar_layout":"default_layout","_jetpack_memberships_contains_paid_content":false,"footnotes":"","jetpack_publicize_message":"","jetpack_publicize_feature_enabled":true,"jetpack_social_post_already_shared":true,"jetpack_social_options":{"image_generator_settings":{"template":"highway","default_image_id":0,"font":"","enabled":false},"version":2}},"categories":[6],"tags":[],"class_list":["post-11414","post","type-post","status-publish","format-standard","has-post-thumbnail","hentry","category-columnistas"],"jetpack_publicize_connections":[],"jetpack_featured_media_url":"https:\/\/noticiasveracruz.com\/wp-content\/uploads\/2022\/04\/JOSE\u0301-UREN\u0303A.png","jetpack_sharing_enabled":true,"publishpress_future_action":{"enabled":false,"date":"2026-05-08 12:54:25","action":"change-status","newStatus":"draft","terms":[],"taxonomy":"category","extraData":[]},"publishpress_future_workflow_manual_trigger":{"enabledWorkflows":[]},"_links":{"self":[{"href":"https:\/\/noticiasveracruz.com\/index.php\/wp-json\/wp\/v2\/posts\/11414","targetHints":{"allow":["GET"]}}],"collection":[{"href":"https:\/\/noticiasveracruz.com\/index.php\/wp-json\/wp\/v2\/posts"}],"about":[{"href":"https:\/\/noticiasveracruz.com\/index.php\/wp-json\/wp\/v2\/types\/post"}],"author":[{"embeddable":true,"href":"https:\/\/noticiasveracruz.com\/index.php\/wp-json\/wp\/v2\/users\/4"}],"replies":[{"embeddable":true,"href":"https:\/\/noticiasveracruz.com\/index.php\/wp-json\/wp\/v2\/comments?post=11414"}],"version-history":[{"count":0,"href":"https:\/\/noticiasveracruz.com\/index.php\/wp-json\/wp\/v2\/posts\/11414\/revisions"}],"wp:featuredmedia":[{"embeddable":true,"href":"https:\/\/noticiasveracruz.com\/index.php\/wp-json\/wp\/v2\/media\/3258"}],"wp:attachment":[{"href":"https:\/\/noticiasveracruz.com\/index.php\/wp-json\/wp\/v2\/media?parent=11414"}],"wp:term":[{"taxonomy":"category","embeddable":true,"href":"https:\/\/noticiasveracruz.com\/index.php\/wp-json\/wp\/v2\/categories?post=11414"},{"taxonomy":"post_tag","embeddable":true,"href":"https:\/\/noticiasveracruz.com\/index.php\/wp-json\/wp\/v2\/tags?post=11414"}],"curies":[{"name":"wp","href":"https:\/\/api.w.org\/{rel}","templated":true}]}}