{"id":11411,"date":"2023-01-03T08:56:48","date_gmt":"2023-01-03T14:56:48","guid":{"rendered":"https:\/\/noticiasveracruz.com\/?p=11411"},"modified":"2023-01-03T08:57:20","modified_gmt":"2023-01-03T14:57:20","slug":"impero-la-autonomia-y-la-legalidad","status":"publish","type":"post","link":"https:\/\/noticiasveracruz.com\/index.php\/2023\/01\/03\/impero-la-autonomia-y-la-legalidad\/","title":{"rendered":"Impero la autonom\u00eda y la legalidad"},"content":{"rendered":"<p>&nbsp;<\/p>\n<p class=\"p1\"><span style=\"font-size: 18pt;\"><strong>Por Luis Ram\u00edrez Baqueiro<\/strong><\/span><\/p>\n<p>&nbsp;<\/p>\n<p class=\"p1\" style=\"text-align: center;\"><em><strong><span style=\"font-size: 18pt;\">\u201cDonde reina la justicia est\u00e1 dem\u00e1s la fuerza\u201d <\/span><\/strong><\/em><\/p>\n<p class=\"p1\" style=\"text-align: center;\"><span style=\"font-size: 18pt;\">\u2013\u00a0Enrique IV \u2013\u00a0<\/span><\/p>\n<p>&nbsp;<\/p>\n<p class=\"p1\"><span style=\"font-size: 14pt;\">Comenz\u00f3 bien el a\u00f1o 2023 para las y los mexicanos.<\/span><\/p>\n<p class=\"p1\"><span style=\"font-size: 14pt;\">La determinaci\u00f3n de los ministros de la Suprema Corte de Justicia de la Naci\u00f3n (SCJN) en la elecci\u00f3n de su nueva ministra presidente confirm\u00f3 que la autonom\u00eda del Poder Judicial es y debe ser inmaculada a los intereses externos de ese poder.<\/span><\/p>\n<p class=\"p1\"><span style=\"font-size: 14pt;\">La elecci\u00f3n de la ministra Norma Luc\u00eda Pi\u00f1a Hern\u00e1ndez, evidencia que a pesar de las presiones que impuls\u00f3 el Ejecutivo Federal para intentar llevar a la presidencia de ese poder a la ministra pirata Jazm\u00edn Esquivel no fructificaron, ante la evidente situaci\u00f3n de ilegalidad de la a\u00fan integrante del Poder Judicial.<\/span><\/p>\n<p class=\"p1\"><span style=\"font-size: 14pt;\">Quien, por cierto, por verg\u00fcenza debiera renunciar a su toga y ser juzgada por pretender ocupar un cargo con tan lamentable antecedente \u2013el plagio-.<\/span><\/p>\n<p class=\"p1\"><span style=\"font-size: 14pt;\">Con una carrera judicial inmaculada Pi\u00f1a Hern\u00e1ndez permite garantizar un equilibrio en la determinaci\u00f3n de sus sentencias generando con ello una esperanza de libertad y autonom\u00eda que se vio mermada con la infiltraci\u00f3n de magistrados impulsados por la 4T.<\/span><\/p>\n<p class=\"p1\"><span style=\"font-size: 14pt;\">Y es que ha quedado demostrado que las sentencias de la ministra Pi\u00f1a Hern\u00e1ndez fueron las m\u00e1s alejadas de c\u00f3mo votaron los ministros cuatroteros pues solo voto 3 de 18 a favor; que en comparaci\u00f3n con la ministra pirata Jazm\u00edn Esquivel que vot\u00f3 12 de 18 a favor, evidencian su distancia y equilibrio del Poder Ejecutivo.<\/span><\/p>\n<p class=\"p1\"><span style=\"font-size: 14pt;\">Indispensable que el Poder Judicial retomar\u00e1 el rumbo, distanci\u00e1ndose de las presiones del Poder Ejecutivo al que parec\u00eda estar supeditado tras la presidencia de Arturo Zald\u00edvar.<\/span><\/p>\n<p class=\"p1\"><span style=\"font-size: 14pt;\">Esperemos que bajo la presidencia de la primera mujer al frente del mismo, retome el buen nombre del derecho mexicano, los acontecimientos que le dieron estructura, conciencia y esp\u00edritu al Poder Judicial de la Federaci\u00f3n, desde el origen del Supremo Tribunal de Justicia, hasta la actual Suprema Corte de Justicia.<\/span><\/p>\n<p class=\"p1\"><span style=\"font-size: 14pt;\">Ahora vamos a ver c\u00f3mo le cae a la Fiscal\u00eda General del Estado de Veracruz (FGE) la llegada de una presidenta independiente y alejada de las maromas de la 4T, porque muchos de los presos pol\u00edticos internados en c\u00e1rceles veracruzanas habr\u00e1n de buscar fallos en esa instancia, en donde seguramente encontrar\u00e1n su libertad.<\/span><\/p>\n<p>&nbsp;<\/p>\n<p class=\"p1\"><strong><span style=\"font-size: 18pt;\">Al tiempo.<\/span><\/strong><\/p>\n<p>&nbsp;<\/p>\n<p class=\"p1\"><span style=\"font-size: 18pt;\"><strong>Correo: <a href=\"mailto:astrolabiopoliticomx@gmail.com\">astrolabiopoliticomx@gmail.com<\/a><\/strong><\/span><\/p>\n<p class=\"p1\"><span style=\"font-size: 18pt;\"><strong>Twitter: <a href=\"http:\/\/www.twitter.com\/LuisBaqueiro_mx\">@LuisBaqueiro_mx<\/a><\/strong><\/span><\/p>\n<p>&nbsp;<\/p>\n<p><span style=\"font-size: 18pt; color: #e42d33;\"><em><strong>**Las columnas firmadas en este medio son responsabilidad de quienes las firman**<\/strong><\/em><\/span><\/p>\n<p>&nbsp;<\/p>\n<p>&nbsp;<\/p>\n","protected":false},"excerpt":{"rendered":"<p>&nbsp; Por Luis Ram\u00edrez Baqueiro &nbsp; \u201cDonde reina la justicia est\u00e1 dem\u00e1s la fuerza\u201d \u2013\u00a0Enrique IV \u2013\u00a0 &nbsp; Comenz\u00f3 bien<\/p>\n","protected":false},"author":4,"featured_media":3572,"comment_status":"closed","ping_status":"closed","sticky":false,"template":"","format":"standard","meta":{"colormag_page_container_layout":"default_layout","colormag_page_sidebar_layout":"default_layout","_jetpack_memberships_contains_paid_content":false,"footnotes":"","jetpack_publicize_message":"","jetpack_publicize_feature_enabled":true,"jetpack_social_post_already_shared":true,"jetpack_social_options":{"image_generator_settings":{"template":"highway","default_image_id":0,"font":"","enabled":false},"version":2}},"categories":[6],"tags":[],"class_list":["post-11411","post","type-post","status-publish","format-standard","has-post-thumbnail","hentry","category-columnistas"],"jetpack_publicize_connections":[],"jetpack_featured_media_url":"https:\/\/noticiasveracruz.com\/wp-content\/uploads\/2022\/04\/LUIS-RAMI\u0301REZ-BAQUEIRO.png","jetpack_sharing_enabled":true,"publishpress_future_action":{"enabled":false,"date":"2026-05-08 13:41:57","action":"change-status","newStatus":"draft","terms":[],"taxonomy":"category","extraData":[]},"publishpress_future_workflow_manual_trigger":{"enabledWorkflows":[]},"_links":{"self":[{"href":"https:\/\/noticiasveracruz.com\/index.php\/wp-json\/wp\/v2\/posts\/11411","targetHints":{"allow":["GET"]}}],"collection":[{"href":"https:\/\/noticiasveracruz.com\/index.php\/wp-json\/wp\/v2\/posts"}],"about":[{"href":"https:\/\/noticiasveracruz.com\/index.php\/wp-json\/wp\/v2\/types\/post"}],"author":[{"embeddable":true,"href":"https:\/\/noticiasveracruz.com\/index.php\/wp-json\/wp\/v2\/users\/4"}],"replies":[{"embeddable":true,"href":"https:\/\/noticiasveracruz.com\/index.php\/wp-json\/wp\/v2\/comments?post=11411"}],"version-history":[{"count":0,"href":"https:\/\/noticiasveracruz.com\/index.php\/wp-json\/wp\/v2\/posts\/11411\/revisions"}],"wp:featuredmedia":[{"embeddable":true,"href":"https:\/\/noticiasveracruz.com\/index.php\/wp-json\/wp\/v2\/media\/3572"}],"wp:attachment":[{"href":"https:\/\/noticiasveracruz.com\/index.php\/wp-json\/wp\/v2\/media?parent=11411"}],"wp:term":[{"taxonomy":"category","embeddable":true,"href":"https:\/\/noticiasveracruz.com\/index.php\/wp-json\/wp\/v2\/categories?post=11411"},{"taxonomy":"post_tag","embeddable":true,"href":"https:\/\/noticiasveracruz.com\/index.php\/wp-json\/wp\/v2\/tags?post=11411"}],"curies":[{"name":"wp","href":"https:\/\/api.w.org\/{rel}","templated":true}]}}