{"id":11372,"date":"2023-01-02T10:41:30","date_gmt":"2023-01-02T16:41:30","guid":{"rendered":"https:\/\/noticiasveracruz.com\/?p=11372"},"modified":"2023-01-02T10:41:30","modified_gmt":"2023-01-02T16:41:30","slug":"un-veracruz-independiente","status":"publish","type":"post","link":"https:\/\/noticiasveracruz.com\/index.php\/2023\/01\/02\/un-veracruz-independiente\/","title":{"rendered":"Un Veracruz independiente"},"content":{"rendered":"<p class=\"p2\">\n<p>&nbsp;<\/p>\n<p class=\"p2\"><span style=\"font-size: 18pt;\"><strong>Por Pepe Valencia<\/strong><\/span><\/p>\n<p class=\"p2\"><span style=\"font-size: 14pt;\">A veces las ideas aparentemente m\u00e1s inveros\u00edmiles o simples suelen ser las m\u00e1s trascendentales. Vamos por partes:<\/span><\/p>\n<p class=\"p2\"><span style=\"font-size: 14pt;\">\u2014El candidato a gobernador que proponga y exija la reducci\u00f3n o subsidio a las tarifas de luz en el estado, se ubicar\u00e1 de golpe y porrazo a la cabeza de las preferencias electorales en las encuestas, porque si en Tabasco se condonaron adeudos con la CFE, \u00bfpor qu\u00e9 en Veracruz no podemos obtener energ\u00eda el\u00e9ctrica m\u00e1s barata?<\/span><\/p>\n<p class=\"p2\"><span style=\"font-size: 14pt;\">\u2014En los 4 a\u00f1os del gobierno de Cuitl\u00e1huac Garc\u00eda Jim\u00e9nez han sido reintegrados a la Secretar\u00eda de Hacienda federal miles de millones de pesos deliberadamente no ejercidos. Si el pr\u00f3ximo gobernador se compromete a no devolver un solo peso y aplicar \u00edntegro el presupuesto en beneficio de los veracruzanos, impulsando la producci\u00f3n en el campo, generando empleos y llevando a cabo obra p\u00fablica en todo el estado, conquistar\u00eda el coraz\u00f3n y el apoyo del pueblo.<\/span><\/p>\n<p class=\"p2\"><span style=\"font-size: 14pt;\">\u2014Yucat\u00e1n, empezando por la ciudad de M\u00e9rida, es uno de los estados m\u00e1s seguros de la rep\u00fablica. Y Veracruz se encontrar\u00eda en condiciones de serlo tambi\u00e9n si el pr\u00f3ximo gobernador se lo propone. Basta con un candidato inteligente, decidido y<span class=\"Apple-converted-space\">\u00a0 <\/span>experimentado.<span class=\"Apple-converted-space\">\u00a0 \u00a0<\/span><\/span><\/p>\n<p class=\"p2\"><span style=\"font-size: 14pt;\">\u00bfQui\u00e9n de los aspirantes es el valiente con estos requisitos?<\/span><\/p>\n<p class=\"p2\"><span style=\"font-size: 14pt;\">No son descabelladas ocurrencias ni rom\u00e1nticos o ut\u00f3picos deseos de a\u00f1o nuevo.<\/span><\/p>\n<p class=\"p2\"><span style=\"font-size: 14pt;\">Veracruz merece y debe resurgir del atraso en que se halla inmerso. Incluso podr\u00eda ser, si los veracruzanos lo decidieran, una naci\u00f3n independiente m\u00e1s grande y fuerte econ\u00f3micamente que algunos pa\u00edses de Centroam\u00e9rica y el Caribe. <\/span><\/p>\n<p class=\"p2\"><span style=\"font-size: 14pt;\">Reflexi\u00f3nenlo y llegar\u00e1n a la conclusi\u00f3n de la viabilidad de este atrevido planteamiento.\u00a0<\/span><\/p>\n<p class=\"p2\"><span style=\"font-size: 14pt;\">Hace alg\u00fan tiempo Veracruz fue considerado uno de los principales estados productores de ganado, caf\u00e9, ca\u00f1a de az\u00facar, agua, pesquer\u00eda, tabaco, ma\u00edz, frijol, arroz, c\u00edtricos, papa, etc\u00e9tera. Hasta petr\u00f3leo extra\u00edamos en abundancia. \u00bfD\u00f3nde nos perdimos?<\/span><\/p>\n<p class=\"p2\"><span style=\"font-size: 14pt;\">Por los r\u00edos veracruzanos corre la tercera parte del agua del territorio nacional y poseemos el quinto litoral m\u00e1s extenso de la rep\u00fablica. El de Veracruz es uno de los tres puertos mexicanos m\u00e1s importantes y se enlaza con los de Europa, Estados Unidos, Am\u00e9rica Latina y con Asia a trav\u00e9s del Canal de Panam\u00e1.<\/span><\/p>\n<p class=\"p2\"><span style=\"font-size: 14pt;\">\u00bfQu\u00e9 pasar\u00eda si un candidato o gobernador en funciones propone llevar a cabo una consulta para que los ciudadanos decidan con su voto<span class=\"Apple-converted-space\">\u00a0 <\/span>convertir a Veracruz en estado independiente? <\/span><\/p>\n<p class=\"p2\"><span style=\"font-size: 14pt;\">Este a\u00f1o sabremos qui\u00e9nes ser\u00e1n candidatos a la gubernatura. <\/span><\/p>\n<p class=\"p2\"><span style=\"font-size: 14pt;\">Es un orgullo ser veracruzano y mexicano. \u00a1Viva Veracruz!<\/span><\/p>\n<p>&nbsp;<\/p>\n<p><span style=\"font-size: 18pt; color: #e42d33;\"><em><strong>**Las columnas firmadas en este medio son responsabilidad de quienes las firman**<\/strong><\/em><\/span><\/p>\n<p>&nbsp;<\/p>\n<p>&nbsp;<\/p>\n<p>&nbsp;<\/p>\n<p>&nbsp;<\/p>\n","protected":false},"excerpt":{"rendered":"<p>&nbsp; Por Pepe Valencia A veces las ideas aparentemente m\u00e1s inveros\u00edmiles o simples suelen ser las m\u00e1s trascendentales. Vamos por<\/p>\n","protected":false},"author":4,"featured_media":3786,"comment_status":"closed","ping_status":"closed","sticky":false,"template":"","format":"standard","meta":{"colormag_page_container_layout":"default_layout","colormag_page_sidebar_layout":"default_layout","_jetpack_memberships_contains_paid_content":false,"footnotes":"","jetpack_publicize_message":"","jetpack_publicize_feature_enabled":true,"jetpack_social_post_already_shared":true,"jetpack_social_options":{"image_generator_settings":{"template":"highway","default_image_id":0,"font":"","enabled":false},"version":2}},"categories":[6],"tags":[],"class_list":["post-11372","post","type-post","status-publish","format-standard","has-post-thumbnail","hentry","category-columnistas"],"jetpack_publicize_connections":[],"jetpack_featured_media_url":"https:\/\/noticiasveracruz.com\/wp-content\/uploads\/2022\/05\/PEPE-VALENCIA.png","jetpack_sharing_enabled":true,"publishpress_future_action":{"enabled":false,"date":"2026-05-07 17:04:57","action":"change-status","newStatus":"draft","terms":[],"taxonomy":"category","extraData":[]},"publishpress_future_workflow_manual_trigger":{"enabledWorkflows":[]},"_links":{"self":[{"href":"https:\/\/noticiasveracruz.com\/index.php\/wp-json\/wp\/v2\/posts\/11372","targetHints":{"allow":["GET"]}}],"collection":[{"href":"https:\/\/noticiasveracruz.com\/index.php\/wp-json\/wp\/v2\/posts"}],"about":[{"href":"https:\/\/noticiasveracruz.com\/index.php\/wp-json\/wp\/v2\/types\/post"}],"author":[{"embeddable":true,"href":"https:\/\/noticiasveracruz.com\/index.php\/wp-json\/wp\/v2\/users\/4"}],"replies":[{"embeddable":true,"href":"https:\/\/noticiasveracruz.com\/index.php\/wp-json\/wp\/v2\/comments?post=11372"}],"version-history":[{"count":0,"href":"https:\/\/noticiasveracruz.com\/index.php\/wp-json\/wp\/v2\/posts\/11372\/revisions"}],"wp:featuredmedia":[{"embeddable":true,"href":"https:\/\/noticiasveracruz.com\/index.php\/wp-json\/wp\/v2\/media\/3786"}],"wp:attachment":[{"href":"https:\/\/noticiasveracruz.com\/index.php\/wp-json\/wp\/v2\/media?parent=11372"}],"wp:term":[{"taxonomy":"category","embeddable":true,"href":"https:\/\/noticiasveracruz.com\/index.php\/wp-json\/wp\/v2\/categories?post=11372"},{"taxonomy":"post_tag","embeddable":true,"href":"https:\/\/noticiasveracruz.com\/index.php\/wp-json\/wp\/v2\/tags?post=11372"}],"curies":[{"name":"wp","href":"https:\/\/api.w.org\/{rel}","templated":true}]}}