{"id":11368,"date":"2023-01-02T10:34:05","date_gmt":"2023-01-02T16:34:05","guid":{"rendered":"https:\/\/noticiasveracruz.com\/?p=11368"},"modified":"2023-01-02T10:34:05","modified_gmt":"2023-01-02T16:34:05","slug":"comienza-el-2023","status":"publish","type":"post","link":"https:\/\/noticiasveracruz.com\/index.php\/2023\/01\/02\/comienza-el-2023\/","title":{"rendered":"Comienza el 2023"},"content":{"rendered":"<p class=\"p1\">\n<p>&nbsp;<\/p>\n<p class=\"p1\"><span style=\"font-size: 18pt;\"><strong>Por Ra\u00fal L\u00f3pez G\u00f3mez <\/strong><\/span><\/p>\n<p class=\"p1\"><span style=\"font-size: 14pt;\">Con el nuevo a\u00f1o, inicia una nueva era en el mundo de cambios y de trascendencia para la vida con mayor responsabilidad.<\/span><\/p>\n<p class=\"p1\"><span style=\"font-size: 14pt;\">Quedan en el pasado la mala experiencia de la pandemia, y todos a tener m\u00e1s cuidado con la salud y actuar en responsabilidad cuando se presenten resfriados y gripas.<\/span><\/p>\n<p class=\"p1\"><span style=\"font-size: 14pt;\">Con el 2022 se quedaron nostalgias y tristezas para comenzar de nuevo, muchos desde cero, y otros simplemente a continuar en la lucha.<\/span><\/p>\n<p class=\"p1\"><span style=\"font-size: 14pt;\">En la fiesta de fin de a\u00f1o, retorn\u00f3 a los hogares el encuentro familiar de convivencia como en anta\u00f1o, y<span class=\"Apple-converted-space\">\u00a0 <\/span>continuar as\u00ed todo el a\u00f1o.<\/span><\/p>\n<p class=\"p1\"><span style=\"font-size: 14pt;\">Se trata del esfuerzo renovado de seguir siempre por las nuevas generaciones, y de cuidar con calidez a los que ya dieron todo por los dem\u00e1s y hoy les toca recibir cari\u00f1o y un poco de descanso. <\/span><\/p>\n<p class=\"p1\"><span style=\"font-size: 14pt;\">Es necesario en este a\u00f1o, unir conciencias y dar un ejemplo a los malos pol\u00edticos y servidores p\u00fablicos que confunden poder con \u201cjoder\u201d al pueblo,<span class=\"Apple-converted-space\">\u00a0 <\/span>y a partir de ahora a no dejarse al sometimiento infame de qui\u00e9nes lastiman a la gente y por consecuencia se ensa\u00f1an con los d\u00e9biles.<\/span><\/p>\n<p class=\"p1\"><span style=\"font-size: 14pt;\">Hay que<span class=\"Apple-converted-space\">\u00a0 <\/span>denunciar abusos del sector p\u00fablico y privado para que se d\u00e9 el apego a la legalidad y al derecho, y la honestidad sea la premisa de todos,<span class=\"Apple-converted-space\">\u00a0 <\/span>y dar la espalda a los que no cumplen y desatiendan al pueblo.<\/span><\/p>\n<p class=\"p1\"><span style=\"font-size: 14pt;\">Que el a\u00f1o que comienza de esperanzas y anhelos a todos con salud y prosperidad.<\/span><\/p>\n<p>&nbsp;<\/p>\n<p><img loading=\"lazy\" decoding=\"async\" class=\"aligncenter wp-image-14241 size-large\" src=\"https:\/\/politicosaldesnudo.com.mx\/wp-content\/uploads\/2023\/01\/P-BOCA-DEL-RIO-1024x573.png\" alt=\"\" width=\"800\" height=\"448\" \/><\/p>\n<p>&nbsp;<\/p>\n<p class=\"p1\"><span style=\"font-size: 14pt;\">En Boca del R\u00edo,<span class=\"Apple-converted-space\">\u00a0 <\/span>temprano el alcalde Juan Manuel Un\u00e1nue Abascal,<span class=\"Apple-converted-space\">\u00a0 <\/span>con los colaboradores de las \u00e1reas de servicios recorrieron el bulevar costero Manuel Avila Camacho para coordinar las acciones de limpieza, despu\u00e9s de que<span class=\"Apple-converted-space\">\u00a0 <\/span>la poblaci\u00f3n se re\u00fane a ver el amanecer del nuevo a\u00f1o.<\/span><\/p>\n<p class=\"p1\"><span style=\"font-size: 14pt;\">Todo en orden y con eficacia se procedi\u00f3 a cumplir con la operaci\u00f3n limpieza,<span class=\"Apple-converted-space\">\u00a0 <\/span>y dejar todo listo para qui\u00e9nes comienzan el a\u00f1o con el ejercicio y por la tarde las familias caminen con ni\u00f1os, j\u00f3venes y grandes con toda normalidad.<\/span><\/p>\n<p class=\"p1\"><span style=\"font-size: 14pt;\">La seguridad fue parte del operativo de fin de a\u00f1o en ese lugar de varios kil\u00f3metros.<\/span><\/p>\n<p class=\"p1\"><span style=\"font-size: 14pt;\">Sentido p\u00e9same al arquitecto Luis Campa P\u00e9rez, por el sensible fallecimiento de su hermano Antonio, qui\u00e9n se distingui\u00f3 como una persona apreciada, estimada y reconocida en el \u00e1mbito empresarial en Veracruz. QEPD. As\u00ed las cosas.<\/span><\/p>\n<p>&nbsp;<\/p>\n<p><span style=\"font-size: 18pt; color: #e42d33;\"><em><strong>**Las columnas firmadas en este medio son responsabilidad de quienes las firman**<\/strong><\/em><\/span><\/p>\n<p>&nbsp;<\/p>\n<p>&nbsp;<\/p>\n","protected":false},"excerpt":{"rendered":"<p>&nbsp; Por Ra\u00fal L\u00f3pez G\u00f3mez Con el nuevo a\u00f1o, inicia una nueva era en el mundo de cambios y de<\/p>\n","protected":false},"author":4,"featured_media":3560,"comment_status":"closed","ping_status":"closed","sticky":false,"template":"","format":"standard","meta":{"colormag_page_container_layout":"default_layout","colormag_page_sidebar_layout":"default_layout","_jetpack_memberships_contains_paid_content":false,"footnotes":"","jetpack_publicize_message":"","jetpack_publicize_feature_enabled":true,"jetpack_social_post_already_shared":true,"jetpack_social_options":{"image_generator_settings":{"template":"highway","default_image_id":0,"font":"","enabled":false},"version":2}},"categories":[6],"tags":[],"class_list":["post-11368","post","type-post","status-publish","format-standard","has-post-thumbnail","hentry","category-columnistas"],"jetpack_publicize_connections":[],"jetpack_featured_media_url":"https:\/\/noticiasveracruz.com\/wp-content\/uploads\/2022\/04\/NV-RAU\u0301L-LO\u0301PEZ.png","jetpack_sharing_enabled":true,"publishpress_future_action":{"enabled":false,"date":"2026-05-07 15:31:52","action":"change-status","newStatus":"draft","terms":[],"taxonomy":"category","extraData":[]},"publishpress_future_workflow_manual_trigger":{"enabledWorkflows":[]},"_links":{"self":[{"href":"https:\/\/noticiasveracruz.com\/index.php\/wp-json\/wp\/v2\/posts\/11368","targetHints":{"allow":["GET"]}}],"collection":[{"href":"https:\/\/noticiasveracruz.com\/index.php\/wp-json\/wp\/v2\/posts"}],"about":[{"href":"https:\/\/noticiasveracruz.com\/index.php\/wp-json\/wp\/v2\/types\/post"}],"author":[{"embeddable":true,"href":"https:\/\/noticiasveracruz.com\/index.php\/wp-json\/wp\/v2\/users\/4"}],"replies":[{"embeddable":true,"href":"https:\/\/noticiasveracruz.com\/index.php\/wp-json\/wp\/v2\/comments?post=11368"}],"version-history":[{"count":0,"href":"https:\/\/noticiasveracruz.com\/index.php\/wp-json\/wp\/v2\/posts\/11368\/revisions"}],"wp:featuredmedia":[{"embeddable":true,"href":"https:\/\/noticiasveracruz.com\/index.php\/wp-json\/wp\/v2\/media\/3560"}],"wp:attachment":[{"href":"https:\/\/noticiasveracruz.com\/index.php\/wp-json\/wp\/v2\/media?parent=11368"}],"wp:term":[{"taxonomy":"category","embeddable":true,"href":"https:\/\/noticiasveracruz.com\/index.php\/wp-json\/wp\/v2\/categories?post=11368"},{"taxonomy":"post_tag","embeddable":true,"href":"https:\/\/noticiasveracruz.com\/index.php\/wp-json\/wp\/v2\/tags?post=11368"}],"curies":[{"name":"wp","href":"https:\/\/api.w.org\/{rel}","templated":true}]}}