{"id":11342,"date":"2022-12-28T19:29:11","date_gmt":"2022-12-29T01:29:11","guid":{"rendered":"https:\/\/noticiasveracruz.com\/?p=11342"},"modified":"2022-12-28T19:30:04","modified_gmt":"2022-12-29T01:30:04","slug":"lopez-obrador-mexico-reestructura-el-pago-de-deuda-externa-para-2025","status":"publish","type":"post","link":"https:\/\/noticiasveracruz.com\/index.php\/2022\/12\/28\/lopez-obrador-mexico-reestructura-el-pago-de-deuda-externa-para-2025\/","title":{"rendered":"L\u00f3pez Obrador: M\u00e9xico reestructura el pago de la deuda externa para 2025"},"content":{"rendered":"<p>&nbsp;<\/p>\n<p class=\"p2\"><span style=\"font-size: 14pt;\"><em><strong>CIUDAD DE M\u00c9XICO.<\/strong> <\/em>El presidente <strong>Andr\u00e9s Manuel L\u00f3pez Obrador anunci\u00f3 que el Gobierno de M\u00e9xico reestructur\u00f3 la deuda exterior para que en 2025<\/strong> el pa\u00eds pague la mitad de intereses. <strong>Esta medida ayudar\u00e1 a la pr\u00f3xima administraci\u00f3n federal a no tener presiones financieras.<\/strong><\/span><\/p>\n<p>&nbsp;<\/p>\n<blockquote>\n<p class=\"p2\"><span style=\"font-size: 14pt;\">Yo ya no estoy pensando solo en c\u00f3mo terminar \u2014que estoy seguro vamos a terminar muy bien\u2014, sino c\u00f3mo dejarle al pr\u00f3ximo gobierno holgura. (\u2026) Ya hicimos una reestructuraci\u00f3n de deuda para que en el 2025, el gobierno que llegue pague la mitad de intereses de deuda de lo que nosotros pagamos cuando entramos al gobierno\u201d<\/span><\/p>\n<\/blockquote>\n<p>&nbsp;<\/p>\n<p class=\"p2\"><span style=\"font-size: 18pt;\"><strong>En conferencia de prensa matutina, Andr\u00e9s Manuel L\u00f3pez Obrador\u00a0 afirm\u00f3 que\u00a0este sexenio tiene todo financieramente resuelto hasta su \u00faltimo d\u00eda. Por ello, dijo, es posible actuar de manera responsable hacia 2025.<\/strong><\/span><\/p>\n<p class=\"p2\"><span style=\"font-size: 18pt; color: #e42d33;\"><strong>En breve, el secretario de Hacienda y Cr\u00e9dito P\u00fablico, Rogelio Ram\u00edrez de la O, dar\u00e1 a conocer los detalles de la reestructuraci\u00f3n.\u00a0<\/strong><\/span><\/p>\n<p class=\"p2\"><span style=\"font-size: 18pt;\"><strong>Andr\u00e9s Manuel L\u00f3pez Obrador mencion\u00f3 que M\u00e9xico se encuentra entre las mejores econom\u00edas del mundo y es uno de los pa\u00edses m\u00e1s atractivos para invertir.\u00a0<\/strong><\/span><\/p>\n<p>&nbsp;<\/p>\n<blockquote>\n<p class=\"p2\"><span style=\"font-size: 14pt;\">Estamos en sexto lugar en el mundo en desempe\u00f1o econ\u00f3mico, as\u00ed termin\u00f3 el a\u00f1o. Entonces, vamos bien hacia delante; el 2023 tiene que ser mejor, mucho mejor, porque ya traemos impulso y, en pol\u00edtica, cuenta mucho el impulso y no perderlo, entonces vamos a seguir creciendo\u201d<\/span><\/p>\n<\/blockquote>\n<p>&nbsp;<\/p>\n<p class=\"p2\"><span style=\"font-size: 18pt;\"><strong>Adem\u00e1s, record\u00f3 que el Gobierno de la Cuarta Transformaci\u00f3n no ha recurrido a adquirir deuda adicional, por lo que M\u00e9xico tiene finanzas p\u00fablicas sanas y prioriza el crecimiento econ\u00f3mico con bienestar a trav\u00e9s de la distribuci\u00f3n de la riqueza entre el pueblo.\u00a0<\/strong><\/span><\/p>\n<p>&nbsp;<\/p>\n<blockquote>\n<p class=\"p2\"><span style=\"font-size: 14pt;\">Est\u00e1 creciendo la econom\u00eda, tenemos finanzas sanas; los Programas para el Bienestar ya est\u00e1n funcionando muy bien y van a mejorar mucho en el 2023; esto tiene que ver con la gente, con la econom\u00eda popular, que no le falten recursos al pueblo, tiene que ver con la mesa, con la comida, con lo b\u00e1sico y eso est\u00e1 garantizado\u201d<\/span><\/p>\n<\/blockquote>\n","protected":false},"excerpt":{"rendered":"<p>&nbsp; CIUDAD DE M\u00c9XICO. El presidente Andr\u00e9s Manuel L\u00f3pez Obrador anunci\u00f3 que el Gobierno de M\u00e9xico reestructur\u00f3 la deuda exterior<\/p>\n","protected":false},"author":4,"featured_media":11343,"comment_status":"closed","ping_status":"closed","sticky":false,"template":"","format":"standard","meta":{"colormag_page_container_layout":"default_layout","colormag_page_sidebar_layout":"default_layout","_jetpack_memberships_contains_paid_content":false,"footnotes":"","jetpack_publicize_message":"","jetpack_publicize_feature_enabled":true,"jetpack_social_post_already_shared":true,"jetpack_social_options":{"image_generator_settings":{"template":"highway","default_image_id":0,"font":"","enabled":false},"version":2}},"categories":[4],"tags":[1889,65,1888,31],"class_list":["post-11342","post","type-post","status-publish","format-standard","has-post-thumbnail","hentry","category-nacional","tag-1889","tag-andres-manuel-lopez-obrador","tag-deuda-externa","tag-mexico"],"jetpack_publicize_connections":[],"jetpack_featured_media_url":"https:\/\/noticiasveracruz.com\/wp-content\/uploads\/2022\/12\/P-DEUDA-EXTERNA-1.png","jetpack_sharing_enabled":true,"publishpress_future_action":{"enabled":false,"date":"2026-05-07 17:58:54","action":"change-status","newStatus":"draft","terms":[],"taxonomy":"category","extraData":[]},"publishpress_future_workflow_manual_trigger":{"enabledWorkflows":[]},"_links":{"self":[{"href":"https:\/\/noticiasveracruz.com\/index.php\/wp-json\/wp\/v2\/posts\/11342","targetHints":{"allow":["GET"]}}],"collection":[{"href":"https:\/\/noticiasveracruz.com\/index.php\/wp-json\/wp\/v2\/posts"}],"about":[{"href":"https:\/\/noticiasveracruz.com\/index.php\/wp-json\/wp\/v2\/types\/post"}],"author":[{"embeddable":true,"href":"https:\/\/noticiasveracruz.com\/index.php\/wp-json\/wp\/v2\/users\/4"}],"replies":[{"embeddable":true,"href":"https:\/\/noticiasveracruz.com\/index.php\/wp-json\/wp\/v2\/comments?post=11342"}],"version-history":[{"count":0,"href":"https:\/\/noticiasveracruz.com\/index.php\/wp-json\/wp\/v2\/posts\/11342\/revisions"}],"wp:featuredmedia":[{"embeddable":true,"href":"https:\/\/noticiasveracruz.com\/index.php\/wp-json\/wp\/v2\/media\/11343"}],"wp:attachment":[{"href":"https:\/\/noticiasveracruz.com\/index.php\/wp-json\/wp\/v2\/media?parent=11342"}],"wp:term":[{"taxonomy":"category","embeddable":true,"href":"https:\/\/noticiasveracruz.com\/index.php\/wp-json\/wp\/v2\/categories?post=11342"},{"taxonomy":"post_tag","embeddable":true,"href":"https:\/\/noticiasveracruz.com\/index.php\/wp-json\/wp\/v2\/tags?post=11342"}],"curies":[{"name":"wp","href":"https:\/\/api.w.org\/{rel}","templated":true}]}}