{"id":11275,"date":"2022-12-27T09:33:01","date_gmt":"2022-12-27T15:33:01","guid":{"rendered":"https:\/\/noticiasveracruz.com\/?p=11275"},"modified":"2022-12-28T19:33:14","modified_gmt":"2022-12-29T01:33:14","slug":"11275","status":"publish","type":"post","link":"https:\/\/noticiasveracruz.com\/index.php\/2022\/12\/27\/11275\/","title":{"rendered":"Pol\u00edtica para miopes"},"content":{"rendered":"<p>&nbsp;<\/p>\n<p class=\"p1\"><span style=\"font-size: 18pt;\"><strong>Por Jos\u00e9 Garc\u00eda S\u00e1nchez<\/strong><\/span><\/p>\n<p class=\"p1\"><span style=\"font-size: 18pt;\"><strong>Existe un segmento de la sociedad en M\u00e9xico que sigue pensando que todo pa\u00eds es mejor que M\u00e9xico, desconoce la historia, se medio informa y es por ello que considera que el hecho de que los golpistas de Per\u00fa hayan despedido al embajador de M\u00e9xico en ese pa\u00eds, es el inicio del repudio internacional hacia la Cuarta Transformaci\u00f3n.<\/strong><\/span><\/p>\n<p class=\"p1\"><span style=\"font-size: 14pt;\">Algunos de los que creen eso no saben ni d\u00f3nde se ubica Per\u00fa y mucho menos conocen su historia y menos a\u00fan su pol\u00edtica actual. Acostumbrados a ser aplaudidores del futbol, dividen al mundo y al pa\u00eds en buenos y malos. Aunque ellos no sepan en realidad de qu\u00e9 lado est\u00e1n.<\/span><\/p>\n<p class=\"p1\"><span style=\"font-size: 14pt;\">El rechazo hacia el actual gobierno es para algunos una serie de sumas y restas, igual que en el futbol. Su ingreso a la vida pol\u00edtica es nuevo y dan palos de ciego para tratar de atrapar una realidad de la que siempre han estado alejados, ven el mundo como una suma y una resta de su propia realidad social y lo definen de acuerdo a sus creencias, como si se tratara de un dogma de Fe.<\/span><\/p>\n<p class=\"p1\"><span style=\"font-size: 18pt;\"><strong>El Golpe de Estado en Per\u00fa, a todas luces antidemocr\u00e1tico, fue protagonizado por una minor\u00eda de gente con el poder econ\u00f3mico, que siempre ha mermado la dignidad de los peruanos y los ha saqueado con la complicidad de Estados Unidos. De tal suerte que, si esos fascistas que tomaron el poder pol\u00edtico por asalto rechazan al gobierno de M\u00e9xico, quiere decir que vamos bien, independientemente del signo pol\u00edtico o ideol\u00f3gico. Lo cierto es que un retroceso hist\u00f3rico como el ocurrido en Per\u00fa, afecta a toda Am\u00e9rica Latina y as\u00ed lo ha manifestado M\u00e9xico y otros pa\u00edses, pero el nuestro por tener un liderazgo social s\u00f3lido y popular, incomoda m\u00e1s a los fascistas e impide que avancen en sus medidas represivas y autoritarias.<\/strong><\/span><\/p>\n<p class=\"p1\"><span style=\"font-size: 18pt; color: #e42d33;\"><strong>El Golpe de Estado no es contra un r\u00e9gimen o contra Pedro Castillo, es contra la voluntad de los peruanos, as\u00ed es la democracia que todav\u00eda no entienden. Porque para algunos s\u00f3lo hay democracia cuando gana la derecha, lo dem\u00e1s, seg\u00fan su imaginario, es tiran\u00eda. Porque en su af\u00e1n por ponderar sus creencias dogm\u00e1ticas consideran que Pedro Castillo est\u00e1 muy separado de los peruanos, as\u00ed como consideran que Andr\u00e9s Manuel L\u00f3pez Obrador est\u00e1 muy lejos de los mexicanos.<\/strong><\/span><\/p>\n<p class=\"p1\"><span style=\"font-size: 18pt;\"><strong>Cuando la oposici\u00f3n en M\u00e9xico se\u00f1ala que hay millones de personas atr\u00e1s de ellos, nadie los desmiente, pero hay m\u00e1s millones atr\u00e1s de lo que ataca la derecha, que se muestra cada d\u00eda m\u00e1s desesperad a grado tal que inventa atentados contra periodistas.<\/strong><\/span><\/p>\n<p class=\"p1\"><span style=\"font-size: 14pt;\">Creer que en el mundo hay rechazo por el gobierno de nuestro pa\u00eds es testar totalmente miope respecto a la realidad del planeta. Y as\u00ed parecieran mostrar su miop\u00eda sobre problemas de M\u00e9xico que consideran que s\u00f3lo nosotros lo padecemos, todo como la suma de factores que deber\u00edamos, seg\u00fan ellos, tener para rechazar a la Cuarta Transformaci\u00f3n.<\/span><\/p>\n<p class=\"p1\"><span style=\"font-size: 14pt;\">En problemas como la inflaci\u00f3n, la muerte por pandemia, la inversi\u00f3n nacional o extranjera, la recuperaci\u00f3n econ\u00f3mica, etc. Vamos delante de pa\u00edses que siempre han estado delante de nosotros en esos rubros. La inflaci\u00f3n es mundial y es mayor en pa\u00edses desarrollados como Estados Unidos, Espa\u00f1a, Alemania, Italia, etc. Pero no es manera de ver la realidad les ha sido delimitada por muchos a\u00f1os no pueden ver m\u00e1s all\u00e1.<\/span><\/p>\n<p class=\"p1\"><span style=\"font-size: 14pt;\">La econom\u00eda mundial se contrajo durante y despu\u00e9s de la pandemia, la guerra en Ucrania, las consecuencias de sistemas caducos, etc. Dan la raz\u00f3n a la actual pol\u00edtica que no ha solicitado pr\u00e9stamos ni incrementado impuestos, situaciones que eran comunes en los gobiernos anteriores, que en las circunstancias actuales no ubicar\u00edan en la quiebra total.<\/span><\/p>\n<p class=\"p1\"><span style=\"font-size: 18pt;\"><strong>La inseguridad ha sido disminuida y la vida laboral ha superado la crisis provocada por la pandemia. Esto no quieren verlo algunos que se estrenan en el conocimiento de la pol\u00edtica y no saben m\u00e1s que seguir el ladrido del perro de adelante.<\/strong><\/span><\/p>\n<p>&nbsp;<\/p>\n<p><strong><span style=\"font-size: 18pt;\">Twitter: <a href=\"https:\/\/twitter.com\/Josangasa3\">@Josangasa3<\/a><\/span><\/strong><\/p>\n<p>&nbsp;<\/p>\n<p><span style=\"font-size: 18pt; color: #e42d33;\"><em><strong>**Las columnas firmadas en este medio son responsabilidad de quienes las firman**<\/strong><\/em><\/span><\/p>\n<p>&nbsp;<\/p>\n<p>&nbsp;<\/p>\n","protected":false},"excerpt":{"rendered":"<p>&nbsp; Por Jos\u00e9 Garc\u00eda S\u00e1nchez Existe un segmento de la sociedad en M\u00e9xico que sigue pensando que todo pa\u00eds es<\/p>\n","protected":false},"author":4,"featured_media":3183,"comment_status":"closed","ping_status":"closed","sticky":false,"template":"","format":"standard","meta":{"colormag_page_container_layout":"default_layout","colormag_page_sidebar_layout":"default_layout","_jetpack_memberships_contains_paid_content":false,"footnotes":"","jetpack_publicize_message":"","jetpack_publicize_feature_enabled":true,"jetpack_social_post_already_shared":true,"jetpack_social_options":{"image_generator_settings":{"template":"highway","default_image_id":0,"font":"","enabled":false},"version":2}},"categories":[6],"tags":[65,114,895,31,1744,413],"class_list":["post-11275","post","type-post","status-publish","format-standard","has-post-thumbnail","hentry","category-columnistas","tag-andres-manuel-lopez-obrador","tag-cuarta-transformacion","tag-golpe-de-estado","tag-mexico","tag-pedro-castillo","tag-peru"],"jetpack_publicize_connections":[],"jetpack_featured_media_url":"https:\/\/noticiasveracruz.com\/wp-content\/uploads\/2022\/04\/NV-JOSE\u0301-GARCI\u0301A.png","jetpack_sharing_enabled":true,"publishpress_future_action":{"enabled":false,"date":"2026-05-08 06:31:51","action":"change-status","newStatus":"draft","terms":[],"taxonomy":"category","extraData":[]},"publishpress_future_workflow_manual_trigger":{"enabledWorkflows":[]},"_links":{"self":[{"href":"https:\/\/noticiasveracruz.com\/index.php\/wp-json\/wp\/v2\/posts\/11275","targetHints":{"allow":["GET"]}}],"collection":[{"href":"https:\/\/noticiasveracruz.com\/index.php\/wp-json\/wp\/v2\/posts"}],"about":[{"href":"https:\/\/noticiasveracruz.com\/index.php\/wp-json\/wp\/v2\/types\/post"}],"author":[{"embeddable":true,"href":"https:\/\/noticiasveracruz.com\/index.php\/wp-json\/wp\/v2\/users\/4"}],"replies":[{"embeddable":true,"href":"https:\/\/noticiasveracruz.com\/index.php\/wp-json\/wp\/v2\/comments?post=11275"}],"version-history":[{"count":0,"href":"https:\/\/noticiasveracruz.com\/index.php\/wp-json\/wp\/v2\/posts\/11275\/revisions"}],"wp:featuredmedia":[{"embeddable":true,"href":"https:\/\/noticiasveracruz.com\/index.php\/wp-json\/wp\/v2\/media\/3183"}],"wp:attachment":[{"href":"https:\/\/noticiasveracruz.com\/index.php\/wp-json\/wp\/v2\/media?parent=11275"}],"wp:term":[{"taxonomy":"category","embeddable":true,"href":"https:\/\/noticiasveracruz.com\/index.php\/wp-json\/wp\/v2\/categories?post=11275"},{"taxonomy":"post_tag","embeddable":true,"href":"https:\/\/noticiasveracruz.com\/index.php\/wp-json\/wp\/v2\/tags?post=11275"}],"curies":[{"name":"wp","href":"https:\/\/api.w.org\/{rel}","templated":true}]}}