{"id":11246,"date":"2022-12-24T07:06:28","date_gmt":"2022-12-24T13:06:28","guid":{"rendered":"https:\/\/noticiasveracruz.com\/?p=11246"},"modified":"2022-12-24T07:15:18","modified_gmt":"2022-12-24T13:15:18","slug":"refineria-olmeca-producira-340-mil-barriles-diarios-de-crudo-en-septiembre-de-2023-presidente","status":"publish","type":"post","link":"https:\/\/noticiasveracruz.com\/index.php\/2022\/12\/24\/refineria-olmeca-producira-340-mil-barriles-diarios-de-crudo-en-septiembre-de-2023-presidente\/","title":{"rendered":"Refiner\u00eda Olmeca producir\u00e1 340 mil barriles diarios de crudo en septiembre de 2023: AMLO"},"content":{"rendered":"<p>&nbsp;<\/p>\n<p class=\"p1\"><span style=\"font-size: 14pt;\"><em><strong>CIUDAD DE M\u00c9XICO.<\/strong> <\/em>Durante su gira de trabajo por Tabasco, el presidente <strong>Andr\u00e9s Manuel L\u00f3pez Obrador<\/strong> dio a conocer que la <strong>refiner\u00eda Olmeca en Dos Bocas producir\u00e1 en septiembre de 2023 hasta 340 mil barriles diarios de petr\u00f3leo crudo.<\/strong><\/span><\/p>\n<p class=\"p1\"><span style=\"font-size: 18pt;\"><strong>La primera etapa de producci\u00f3n iniciar\u00e1 el 1 de julio y se podr\u00e1 general hasta 170 mil barriles al d\u00eda; a partir del 15 de septiembre se duplicar\u00e1, detall\u00f3 el mandato a trav\u00e9s de sus redes sociales.<\/strong><\/span><\/p>\n<p>\u00a0<img loading=\"lazy\" decoding=\"async\" class=\"aligncenter wp-image-14094 size-large\" src=\"https:\/\/politicosaldesnudo.com.mx\/wp-content\/uploads\/2022\/12\/P-REFINERIA-OLMECA-2-1024x573.png\" alt=\"\" width=\"800\" height=\"448\" \/><\/p>\n<p>&nbsp;<\/p>\n<p class=\"p1\"><span style=\"font-size: 18pt;\"><strong>El president<span style=\"font-size: 18pt;\">e Andr\u00e9s Manuel L\u00f3pez Obrador <\/span>explic\u00f3 que resultado de esa producci\u00f3n, se obtendr\u00e1n 280 mil barriles diariamente de gasolina y di\u00e9sel, por lo que M\u00e9xico avanza hacia la autosuficiencia energ\u00e9tica.<\/strong><\/span><\/p>\n<p class=\"p1\"><span style=\"font-size: 14pt;\">Andr\u00e9s Manuel L\u00f3pez Obrador supervis\u00f3 este viernes los trabajos de integraci\u00f3n y prueba en las instalaciones, que se construyeron en tiempo r\u00e9cord como un compromiso del Gobierno de M\u00e9xico.<\/span><\/p>\n<p>&nbsp;<\/p>\n<p>&nbsp;<\/p>\n","protected":false},"excerpt":{"rendered":"<p>&nbsp; CIUDAD DE M\u00c9XICO. Durante su gira de trabajo por Tabasco, el presidente Andr\u00e9s Manuel L\u00f3pez Obrador dio a conocer<\/p>\n","protected":false},"author":4,"featured_media":11247,"comment_status":"closed","ping_status":"closed","sticky":false,"template":"","format":"standard","meta":{"colormag_page_container_layout":"default_layout","colormag_page_sidebar_layout":"default_layout","_jetpack_memberships_contains_paid_content":false,"footnotes":"","jetpack_publicize_message":"","jetpack_publicize_feature_enabled":true,"jetpack_social_post_already_shared":true,"jetpack_social_options":{"image_generator_settings":{"template":"highway","default_image_id":0,"font":"","enabled":false},"version":2}},"categories":[4],"tags":[65,536],"class_list":["post-11246","post","type-post","status-publish","format-standard","has-post-thumbnail","hentry","category-nacional","tag-andres-manuel-lopez-obrador","tag-refineria-olmeca"],"jetpack_publicize_connections":[],"jetpack_featured_media_url":"https:\/\/noticiasveracruz.com\/wp-content\/uploads\/2022\/12\/P-REFINERIA-OLMECA-1.png","jetpack_sharing_enabled":true,"publishpress_future_action":{"enabled":false,"date":"2026-05-07 03:15:35","action":"change-status","newStatus":"draft","terms":[],"taxonomy":"category","extraData":[]},"publishpress_future_workflow_manual_trigger":{"enabledWorkflows":[]},"_links":{"self":[{"href":"https:\/\/noticiasveracruz.com\/index.php\/wp-json\/wp\/v2\/posts\/11246","targetHints":{"allow":["GET"]}}],"collection":[{"href":"https:\/\/noticiasveracruz.com\/index.php\/wp-json\/wp\/v2\/posts"}],"about":[{"href":"https:\/\/noticiasveracruz.com\/index.php\/wp-json\/wp\/v2\/types\/post"}],"author":[{"embeddable":true,"href":"https:\/\/noticiasveracruz.com\/index.php\/wp-json\/wp\/v2\/users\/4"}],"replies":[{"embeddable":true,"href":"https:\/\/noticiasveracruz.com\/index.php\/wp-json\/wp\/v2\/comments?post=11246"}],"version-history":[{"count":0,"href":"https:\/\/noticiasveracruz.com\/index.php\/wp-json\/wp\/v2\/posts\/11246\/revisions"}],"wp:featuredmedia":[{"embeddable":true,"href":"https:\/\/noticiasveracruz.com\/index.php\/wp-json\/wp\/v2\/media\/11247"}],"wp:attachment":[{"href":"https:\/\/noticiasveracruz.com\/index.php\/wp-json\/wp\/v2\/media?parent=11246"}],"wp:term":[{"taxonomy":"category","embeddable":true,"href":"https:\/\/noticiasveracruz.com\/index.php\/wp-json\/wp\/v2\/categories?post=11246"},{"taxonomy":"post_tag","embeddable":true,"href":"https:\/\/noticiasveracruz.com\/index.php\/wp-json\/wp\/v2\/tags?post=11246"}],"curies":[{"name":"wp","href":"https:\/\/api.w.org\/{rel}","templated":true}]}}