{"id":11236,"date":"2022-12-23T07:00:23","date_gmt":"2022-12-23T13:00:23","guid":{"rendered":"https:\/\/noticiasveracruz.com\/?p=11236"},"modified":"2023-01-03T19:26:08","modified_gmt":"2023-01-04T01:26:08","slug":"afectara-todo-el-fin-de-semana-proteccion-civil-de-tuxpan-en-alerta-por-el-paso-del-frente-frio-no19","status":"publish","type":"post","link":"https:\/\/noticiasveracruz.com\/index.php\/2022\/12\/23\/afectara-todo-el-fin-de-semana-proteccion-civil-de-tuxpan-en-alerta-por-el-paso-del-frente-frio-no19\/","title":{"rendered":"Afectar\u00e1 toda la semana, Protecci\u00f3n Civil de Tuxpan en alerta por el Frente Fr\u00edo N\u00ba19"},"content":{"rendered":"<p>&nbsp;<\/p>\n<p>&nbsp;<\/p>\n<p class=\"p1\" style=\"text-align: center;\"><span style=\"font-size: 18pt;\"><strong>&lt;&lt; Desde temprana hora se atiende ca\u00edda de \u00e1rboles en colonias y comunidades &gt;&gt;<\/strong><\/span><\/p>\n<p class=\"p1\" style=\"text-align: center;\"><span style=\"font-size: 18pt;\"><strong>&lt;&lt; PC, Bomberos y SSPM realizan recorridos para asistir a personas en situaci\u00f3n de calle &gt;&gt;<\/strong><\/span><\/p>\n<p>&nbsp;<\/p>\n<p>&nbsp;<\/p>\n<p class=\"p1\"><span style=\"font-size: 14pt;\"><em><strong>TUXPAN, VERACRUZ.<\/strong> <\/em><strong>Por instrucciones del presidente municipal Jos\u00e9 Manuel Pozos Castro todas las dependencias del gobierno municipal se encuentran en alerta permanente<\/strong>, as\u00ed como Protecci\u00f3n Civil, para <strong>atender en forma inmediata cualquier solicitud de ayuda de la poblaci\u00f3n, ante los efectos del Frente Fr\u00edo N\u00ba19 y su masa de aire \u00e1rtica.<\/strong><\/span><\/p>\n<p class=\"p1\"><span style=\"font-size: 18pt;\"><strong>Desde temprana hora, elementos de Protecci\u00f3n Civil, Bomberos y de Seguridad P\u00fablica Municipal acudieron a la comunidad Banderas y a la calle \u00c1lvaro Obreg\u00f3n de la colonia Adolfo Ruiz Cortines, donde realizaron labores para retirar \u00e1rboles que cayeron a causa de los fuertes vientos.<\/strong><\/span><\/p>\n<p class=\"p1\"><span style=\"font-size: 14pt;\">Asimismo, las cuadrillas de auxilio se encuentran realizando recorridos por toda la ciudad para apoyar en forma inmediata a la poblaci\u00f3n m\u00e1s vulnerable. <\/span><\/p>\n<p class=\"p1\"><span style=\"font-size: 18pt; color: #e42d33;\"><strong>Se exhorta a la ciudadan\u00eda a cuidar y abrigar a los ni\u00f1os, adultos mayores y animales de compa\u00f1\u00eda, ya que la temperatura continuar\u00e1 descendiendo en las pr\u00f3ximas horas y las condiciones g\u00e9lidas seguir\u00e1n durante todo el fin de semana.<\/strong><\/span><\/p>\n<p class=\"p1\"><span style=\"font-size: 14pt;\">Se mantendr\u00e1n habilitados los albergues que sean necesarios, y las personas en situaci\u00f3n de calle recibir\u00e1n especial atenci\u00f3n. <\/span><\/p>\n<p class=\"p1\"><span style=\"font-size: 18pt;\"><strong>Quedan a disposici\u00f3n de la poblaci\u00f3n los tel\u00e9fonos de emergencia 911, 783-83 50127 (Protecci\u00f3n Civil), 783-83 40646 (Bomberos), para realizar reportes o solicitar auxilios.<\/strong><\/span><\/p>\n<p>&nbsp;<\/p>\n<p><img loading=\"lazy\" decoding=\"async\" class=\"aligncenter wp-image-14079\" src=\"https:\/\/politicosaldesnudo.com.mx\/wp-content\/uploads\/2022\/12\/WhatsApp-Image-2022-12-23-at-2.48.53-PM-300x300.jpeg\" alt=\"\" width=\"600\" height=\"600\" \/><\/p>\n<p>&nbsp;<\/p>\n<p>&nbsp;<\/p>\n<p>&nbsp;<\/p>\n","protected":false},"excerpt":{"rendered":"<p>&nbsp; &nbsp; &lt;&lt; Desde temprana hora se atiende ca\u00edda de \u00e1rboles en colonias y comunidades &gt;&gt; &lt;&lt; PC, Bomberos y<\/p>\n","protected":false},"author":4,"featured_media":11237,"comment_status":"closed","ping_status":"closed","sticky":false,"template":"","format":"standard","meta":{"colormag_page_container_layout":"default_layout","colormag_page_sidebar_layout":"default_layout","_jetpack_memberships_contains_paid_content":false,"footnotes":"","jetpack_publicize_message":"","jetpack_publicize_feature_enabled":true,"jetpack_social_post_already_shared":true,"jetpack_social_options":{"image_generator_settings":{"template":"highway","default_image_id":0,"font":"","enabled":false},"version":2}},"categories":[356],"tags":[1281,1877,701,803,72,73],"class_list":["post-11236","post","type-post","status-publish","format-standard","has-post-thumbnail","hentry","category-veracruz","tag-bomberos","tag-frente-frio-19","tag-jose-manuel-pozos","tag-proteccion-civil","tag-tuxpan","tag-veracruz"],"jetpack_publicize_connections":[],"jetpack_featured_media_url":"https:\/\/noticiasveracruz.com\/wp-content\/uploads\/2022\/12\/P-PC-TUXPAN-1.png","jetpack_sharing_enabled":true,"publishpress_future_action":{"enabled":false,"date":"2026-05-07 00:26:23","action":"change-status","newStatus":"draft","terms":[],"taxonomy":"category","extraData":[]},"publishpress_future_workflow_manual_trigger":{"enabledWorkflows":[]},"_links":{"self":[{"href":"https:\/\/noticiasveracruz.com\/index.php\/wp-json\/wp\/v2\/posts\/11236","targetHints":{"allow":["GET"]}}],"collection":[{"href":"https:\/\/noticiasveracruz.com\/index.php\/wp-json\/wp\/v2\/posts"}],"about":[{"href":"https:\/\/noticiasveracruz.com\/index.php\/wp-json\/wp\/v2\/types\/post"}],"author":[{"embeddable":true,"href":"https:\/\/noticiasveracruz.com\/index.php\/wp-json\/wp\/v2\/users\/4"}],"replies":[{"embeddable":true,"href":"https:\/\/noticiasveracruz.com\/index.php\/wp-json\/wp\/v2\/comments?post=11236"}],"version-history":[{"count":0,"href":"https:\/\/noticiasveracruz.com\/index.php\/wp-json\/wp\/v2\/posts\/11236\/revisions"}],"wp:featuredmedia":[{"embeddable":true,"href":"https:\/\/noticiasveracruz.com\/index.php\/wp-json\/wp\/v2\/media\/11237"}],"wp:attachment":[{"href":"https:\/\/noticiasveracruz.com\/index.php\/wp-json\/wp\/v2\/media?parent=11236"}],"wp:term":[{"taxonomy":"category","embeddable":true,"href":"https:\/\/noticiasveracruz.com\/index.php\/wp-json\/wp\/v2\/categories?post=11236"},{"taxonomy":"post_tag","embeddable":true,"href":"https:\/\/noticiasveracruz.com\/index.php\/wp-json\/wp\/v2\/tags?post=11236"}],"curies":[{"name":"wp","href":"https:\/\/api.w.org\/{rel}","templated":true}]}}