{"id":11211,"date":"2022-12-22T11:04:40","date_gmt":"2022-12-22T17:04:40","guid":{"rendered":"https:\/\/noticiasveracruz.com\/?p=11211"},"modified":"2022-12-22T11:04:50","modified_gmt":"2022-12-22T17:04:50","slug":"11211","status":"publish","type":"post","link":"https:\/\/noticiasveracruz.com\/index.php\/2022\/12\/22\/11211\/","title":{"rendered":"Privatizar la democracia"},"content":{"rendered":"<p>&nbsp;<\/p>\n<p class=\"p1\"><span style=\"font-size: 18pt;\"><strong>Por Jos\u00e9 Garc\u00eda S\u00e1nchez<\/strong><\/span><\/p>\n<p class=\"p1\"><span style=\"font-size: 14pt;\">La oferta o pod\u00eda ser mejor: tres partidos por el precio de uno. La neoprivatizaci\u00f3n de los partidos pol\u00edticos en M\u00e9xico se expresa con todo descaro y sin discreci\u00f3n. No falt\u00f3 quien aprovechara esta oportunidad, uno de los viejos propietarios de partidos pol\u00edticos que ahora aprovechaba la promoci\u00f3n.<\/span><\/p>\n<p class=\"p1\"><span style=\"font-size: 18pt;\"><strong>Los empresarios ya lograron embolsarse buena parte de la democracia que representan los medios de informaci\u00f3n. Ning\u00fan medio en los \u00faltimos cien a\u00f1os dialogo con la verdad, ahora en tiempos de la post verdad y las <em>Fake News<\/em> simplemente ampl\u00edan su panorama de dominio.<\/strong><\/span><\/p>\n<p class=\"p1\"><span style=\"font-size: 14pt;\">La tercera guerra mundial inici\u00f3 con la conquista de las mentes, con la manipulaci\u00f3n de la realidad, con la alteraci\u00f3n de la percepci\u00f3n. As\u00ed, desde la perspectiva de la cantidad que se impone a la calidad, en un mundo de simplistas sumas y restas, surge la oportunidad de poder adquirir con poco dinero, tres partidos que antes peleaban entre s\u00ed por el poder, y ahora deben compartirlo, con un objetivo com\u00fan en nombre de la democracia fingida y los intereses ocultos.<\/span><\/p>\n<p class=\"p1\"><span style=\"font-size: 18pt;\"><strong>Sin regateo de por medio, Claudio X. Gonz\u00e1lez advirti\u00f3 una mercanc\u00eda pol\u00edtica a punto de echarse a perder y compr\u00f3 partidos en ruinas para fortalecerlos con la unidad, pero no contaba con el protagonismo de sus integrantes que se pelean por liderazgos, candidaturas, espacios, curules, medios, reflectores.<\/strong><\/span><\/p>\n<p>&nbsp;<\/p>\n<p><img loading=\"lazy\" decoding=\"async\" class=\"aligncenter wp-image-14039 size-large\" src=\"https:\/\/politicosaldesnudo.com.mx\/wp-content\/uploads\/2022\/12\/P-CLAUDIO-X-GONZALEZ-1024x573.png\" alt=\"\" width=\"800\" height=\"448\" \/><\/p>\n<p>&nbsp;<\/p>\n<p class=\"p1\"><span style=\"font-size: 18pt; color: #e42d33;\"><strong>Claudio X. Gonz\u00e1lez patrocin\u00f3 la unidad de los partidos. Le conviene m\u00e1s que pierda Morena que pagarles los gastos y los moches a los l\u00edderes del PAN, PRI y PRD, cueste lo que cueste. Porque con el triunfo de cualquiera de los tres partidos que acaba de adquirir como si se tratara de equipos de futbol, los compr\u00f3 con todo y jugadores a cambio de seguir sus il\u00edcitos de evasi\u00f3n de impuestos y alcanzar la impunidad en pleitos laborales, abuso de empleados y empleadas, malas condiciones de trabajo, da\u00f1os a la naturaleza, etc.<\/strong><\/span><\/p>\n<p class=\"p1\"><span style=\"font-size: 18pt;\"><strong>Lo que hace Claudio X. Gonz\u00e1lez no es nuevo, es s\u00f3lo una muestra de la relaci\u00f3n de complicidad que se llev\u00f3 a cabo desde hace muchos a\u00f1os en nuestro pa\u00eds. Unos y otros encubr\u00edan sus delitos, en un mundo de corruptelas que todav\u00eda no son descubiertas en su totalidad.<\/strong><\/span><\/p>\n<p class=\"p1\"><span style=\"font-size: 14pt;\">El empresario se dedic\u00f3 a privatizar la vida pol\u00edtica del pa\u00eds, as\u00ed de ganar las elecciones ten\u00edan derecho a privatizar hasta la democracia que, a trav\u00e9s de los consejeros del INE, es cosa f\u00e1cil. Y as\u00ed seguir avanzando en adue\u00f1arse de la estructura del Estado que hab\u00edan iniciado con los organismos descentralizados, fundaciones, asociaciones civiles, etc. <\/span><\/p>\n<p class=\"p1\"><span style=\"font-size: 14pt;\">Aunque no tenga el poder pol\u00edtico un empresario en M\u00e9xico puede adquirir tres partidos pol\u00edticos con una m\u00ednima inversi\u00f3n y garantizar no s\u00f3lo un c\u00famulo de votos que le dar\u00edan voz, voto e influencia en la pol\u00edtica sino la sumisi\u00f3n de una oposici\u00f3n que carente de l\u00edderes, lo venera como el salvador de sus registros.<\/span><\/p>\n<p class=\"p1\"><span style=\"font-size: 18pt; color: #e42d33;\"><strong>La privatizaci\u00f3n es enemiga de la democracia, pero es en nombre de la democracia que ahora el empresario Claudio X. Gonz\u00e1lez, quiere privatizar hasta el voto.<\/strong><\/span><\/p>\n<p class=\"p1\"><span style=\"font-size: 18pt;\"><strong>A los l\u00edderes y militantes no les interesa sobrevivir como partido con ideas sino vivir como organizaciones con intereses. No se identifican con el nacionalismo y de eso han dado pruebas, s\u00f3lo quieren ganancias personales o, en el mejor de los casos, de grupo, por eso se venden al mejor postor.<\/strong><\/span><\/p>\n<p class=\"p1\"><span style=\"font-size: 14pt;\">Para contrarrestar la privatizaci\u00f3n de la vida pol\u00edtica es necesario colocar un factor democr\u00e1tico que en realidad impulse el camino hacia la democracia y es el hecho de convertir los cargos del Poder Judicial en cargos de elecci\u00f3n popular, es decir, elegir a los jueces como si fueran presidentes municipales, en las urnas; y a los ministerios p\u00fablicos como si se tratara de regidores; A los magistrados estatales como si se tratara de gobernadores y a los ministros dela Suprema Corte de Justicia como se elige, en las urnas, al Presidente de la Rep\u00fablica.<\/span><\/p>\n<p class=\"p1\"><span style=\"font-size: 18pt;\"><strong>Esta ser\u00eda una vacuna contra la privatizaci\u00f3n de la vida p\u00fablica del pa\u00eds que, en M\u00e9xico avanza y pocos se dan cuenta.<\/strong><\/span><\/p>\n<p>&nbsp;<\/p>\n<p>&nbsp;<\/p>\n<p><strong><span style=\"font-size: 18pt;\">Twitter: <a href=\"https:\/\/twitter.com\/Josangasa3\">@Josangasa3<\/a><\/span><\/strong><\/p>\n<p>&nbsp;<\/p>\n<p><span style=\"font-size: 18pt; color: #e42d33;\"><em><strong>**Las columnas firmadas en este medio son responsabilidad de quienes las firman**<\/strong><\/em><\/span><\/p>\n<p>&nbsp;<\/p>\n","protected":false},"excerpt":{"rendered":"<p>&nbsp; Por Jos\u00e9 Garc\u00eda S\u00e1nchez La oferta o pod\u00eda ser mejor: tres partidos por el precio de uno. La neoprivatizaci\u00f3n<\/p>\n","protected":false},"author":4,"featured_media":3183,"comment_status":"closed","ping_status":"closed","sticky":false,"template":"","format":"standard","meta":{"colormag_page_container_layout":"default_layout","colormag_page_sidebar_layout":"default_layout","_jetpack_memberships_contains_paid_content":false,"footnotes":"","jetpack_publicize_message":"","jetpack_publicize_feature_enabled":true,"jetpack_social_post_already_shared":true,"jetpack_social_options":{"image_generator_settings":{"template":"highway","default_image_id":0,"font":"","enabled":false},"version":2}},"categories":[6],"tags":[854,154,659,1121,1869],"class_list":["post-11211","post","type-post","status-publish","format-standard","has-post-thumbnail","hentry","category-columnistas","tag-claudio-x-gonzalez","tag-democracia","tag-fake-news","tag-partidos-politicos","tag-privatizacion"],"jetpack_publicize_connections":[],"jetpack_featured_media_url":"https:\/\/noticiasveracruz.com\/wp-content\/uploads\/2022\/04\/NV-JOSE\u0301-GARCI\u0301A.png","jetpack_sharing_enabled":true,"publishpress_future_action":{"enabled":false,"date":"2026-05-06 23:31:48","action":"change-status","newStatus":"draft","terms":[],"taxonomy":"category","extraData":[]},"publishpress_future_workflow_manual_trigger":{"enabledWorkflows":[]},"_links":{"self":[{"href":"https:\/\/noticiasveracruz.com\/index.php\/wp-json\/wp\/v2\/posts\/11211","targetHints":{"allow":["GET"]}}],"collection":[{"href":"https:\/\/noticiasveracruz.com\/index.php\/wp-json\/wp\/v2\/posts"}],"about":[{"href":"https:\/\/noticiasveracruz.com\/index.php\/wp-json\/wp\/v2\/types\/post"}],"author":[{"embeddable":true,"href":"https:\/\/noticiasveracruz.com\/index.php\/wp-json\/wp\/v2\/users\/4"}],"replies":[{"embeddable":true,"href":"https:\/\/noticiasveracruz.com\/index.php\/wp-json\/wp\/v2\/comments?post=11211"}],"version-history":[{"count":0,"href":"https:\/\/noticiasveracruz.com\/index.php\/wp-json\/wp\/v2\/posts\/11211\/revisions"}],"wp:featuredmedia":[{"embeddable":true,"href":"https:\/\/noticiasveracruz.com\/index.php\/wp-json\/wp\/v2\/media\/3183"}],"wp:attachment":[{"href":"https:\/\/noticiasveracruz.com\/index.php\/wp-json\/wp\/v2\/media?parent=11211"}],"wp:term":[{"taxonomy":"category","embeddable":true,"href":"https:\/\/noticiasveracruz.com\/index.php\/wp-json\/wp\/v2\/categories?post=11211"},{"taxonomy":"post_tag","embeddable":true,"href":"https:\/\/noticiasveracruz.com\/index.php\/wp-json\/wp\/v2\/tags?post=11211"}],"curies":[{"name":"wp","href":"https:\/\/api.w.org\/{rel}","templated":true}]}}