{"id":11199,"date":"2022-12-22T10:18:17","date_gmt":"2022-12-22T16:18:17","guid":{"rendered":"https:\/\/noticiasveracruz.com\/?p=11199"},"modified":"2022-12-22T10:18:17","modified_gmt":"2022-12-22T16:18:17","slug":"inami-entrega-documentos-migratorios-a-familia-del-expresidente-de-peru-pedro-castillo","status":"publish","type":"post","link":"https:\/\/noticiasveracruz.com\/index.php\/2022\/12\/22\/inami-entrega-documentos-migratorios-a-familia-del-expresidente-de-peru-pedro-castillo\/","title":{"rendered":"INAMI entrega documentos migratorios a familia del expresidente de Per\u00fa, Pedro Castillo\u00a0"},"content":{"rendered":"<p class=\"p1\"><span style=\"font-size: 14pt;\"><em><strong>CIUDAD DE M\u00c9XICO.<\/strong> <\/em><strong>El Instituto Nacional de Migraci\u00f3n\u00a0<\/strong>(INAMI) <strong>entreg\u00f3 los documentos correspondientes a la familia del presidente de puesto de\u00a0Per\u00fa, Pedro Castillo.<\/strong><\/span><\/p>\n<p class=\"p1\"><span style=\"font-size: 14pt;\">Luego de que este d\u00eda arribara la esposa del expresidente as\u00ed como sus hijos, de inmediato se atendi\u00f3 su situaci\u00f3n para que cuenten con los documentos correspondientes.<\/span><\/p>\n<p class=\"p1\"><span style=\"font-size: 18pt;\"><strong>A trav\u00e9s de sus redes sociales, dicho instituto dio a conocer que el mismo con el comisionado del Instituto Nacional de Migraci\u00f3n, Francisco\u00a0Gardu\u00f1o, les entreg\u00f3 en mano sus documentos para vivir en el pa\u00eds.<\/strong><\/span><\/p>\n<p>&nbsp;<\/p>\n<p><img loading=\"lazy\" decoding=\"async\" class=\"aligncenter wp-image-14022 size-large\" src=\"https:\/\/politicosaldesnudo.com.mx\/wp-content\/uploads\/2022\/12\/P-FAMILIA-PEDRO-CASTILLO-2-1024x573.png\" alt=\"\" width=\"800\" height=\"448\" \/><\/p>\n<p>&nbsp;<\/p>\n<blockquote>\n<p class=\"p1\"><span style=\"font-size: 14pt;\">El comisionado del @INAMI_mx, @fgymexico, entreg\u00f3 hoy documentos migratorios a la esposa y dos hijos del presidente depuesto de Per\u00fa, Pedro Castillo Terrones, luego de que arribaran a #CDMX procedentes de Lima\u201d<\/span><\/p>\n<\/blockquote>\n<p>&nbsp;<\/p>\n<p class=\"p1\"><span style=\"font-size: 18pt;\"><strong>Antes,\u00a0el canciller de M\u00e9xico, Marcelo Ebrard, anunci\u00f3 v\u00eda Twitter que la familia de Pedro Castillo, ex presidente destituido en Per\u00fa y ahora detenido, ya se encontraba en la Ciudad de M\u00e9xico.<\/strong><\/span><\/p>\n<p class=\"p1\"><span style=\"font-size: 14pt;\">Tambi\u00e9n el presidente Andr\u00e9s Manuel L\u00f3pez Obrador, les dio la bienvenida en la ma\u00f1anera.<\/span><\/p>\n<p>&nbsp;<\/p>\n<p>&nbsp;<\/p>\n<p>&nbsp;<\/p>\n<p>&nbsp;<\/p>\n","protected":false},"excerpt":{"rendered":"<p>CIUDAD DE M\u00c9XICO. El Instituto Nacional de Migraci\u00f3n\u00a0(INAMI) entreg\u00f3 los documentos correspondientes a la familia del presidente de puesto de\u00a0Per\u00fa,<\/p>\n","protected":false},"author":4,"featured_media":11200,"comment_status":"closed","ping_status":"closed","sticky":false,"template":"","format":"standard","meta":{"colormag_page_container_layout":"default_layout","colormag_page_sidebar_layout":"default_layout","_jetpack_memberships_contains_paid_content":false,"footnotes":"","jetpack_publicize_message":"","jetpack_publicize_feature_enabled":true,"jetpack_social_post_already_shared":true,"jetpack_social_options":{"image_generator_settings":{"template":"highway","default_image_id":0,"font":"","enabled":false},"version":2}},"categories":[4],"tags":[1866,1865,31,1744,413],"class_list":["post-11199","post","type-post","status-publish","format-standard","has-post-thumbnail","hentry","category-nacional","tag-familia-pedro-castillo","tag-inami","tag-mexico","tag-pedro-castillo","tag-peru"],"jetpack_publicize_connections":[],"jetpack_featured_media_url":"https:\/\/noticiasveracruz.com\/wp-content\/uploads\/2022\/12\/P-FAMILIA-PEDRO-CASTILLO-1.png","jetpack_sharing_enabled":true,"publishpress_future_action":{"enabled":false,"date":"2026-05-07 02:15:08","action":"change-status","newStatus":"draft","terms":[],"taxonomy":"category","extraData":[]},"publishpress_future_workflow_manual_trigger":{"enabledWorkflows":[]},"_links":{"self":[{"href":"https:\/\/noticiasveracruz.com\/index.php\/wp-json\/wp\/v2\/posts\/11199","targetHints":{"allow":["GET"]}}],"collection":[{"href":"https:\/\/noticiasveracruz.com\/index.php\/wp-json\/wp\/v2\/posts"}],"about":[{"href":"https:\/\/noticiasveracruz.com\/index.php\/wp-json\/wp\/v2\/types\/post"}],"author":[{"embeddable":true,"href":"https:\/\/noticiasveracruz.com\/index.php\/wp-json\/wp\/v2\/users\/4"}],"replies":[{"embeddable":true,"href":"https:\/\/noticiasveracruz.com\/index.php\/wp-json\/wp\/v2\/comments?post=11199"}],"version-history":[{"count":0,"href":"https:\/\/noticiasveracruz.com\/index.php\/wp-json\/wp\/v2\/posts\/11199\/revisions"}],"wp:featuredmedia":[{"embeddable":true,"href":"https:\/\/noticiasveracruz.com\/index.php\/wp-json\/wp\/v2\/media\/11200"}],"wp:attachment":[{"href":"https:\/\/noticiasveracruz.com\/index.php\/wp-json\/wp\/v2\/media?parent=11199"}],"wp:term":[{"taxonomy":"category","embeddable":true,"href":"https:\/\/noticiasveracruz.com\/index.php\/wp-json\/wp\/v2\/categories?post=11199"},{"taxonomy":"post_tag","embeddable":true,"href":"https:\/\/noticiasveracruz.com\/index.php\/wp-json\/wp\/v2\/tags?post=11199"}],"curies":[{"name":"wp","href":"https:\/\/api.w.org\/{rel}","templated":true}]}}