{"id":11174,"date":"2022-12-20T17:46:09","date_gmt":"2022-12-20T23:46:09","guid":{"rendered":"https:\/\/noticiasveracruz.com\/?p=11174"},"modified":"2022-12-20T17:46:56","modified_gmt":"2022-12-20T23:46:56","slug":"presidente-estima-crecimiento-de-mexico-del-3-5-hay-condiciones-inmejorables","status":"publish","type":"post","link":"https:\/\/noticiasveracruz.com\/index.php\/2022\/12\/20\/presidente-estima-crecimiento-de-mexico-del-3-5-hay-condiciones-inmejorables\/","title":{"rendered":"Presidente: \u201chay condiciones inmejorables\u201d, estima crecimiento de M\u00e9xico del 3.5%"},"content":{"rendered":"<p class=\"p1\"><span style=\"font-size: 14pt;\"><em><strong>CIUDAD DE M\u00c9XICO.<\/strong> <\/em>El <strong>Gobierno de M\u00e9xico impulsa el crecimiento econ\u00f3mico<\/strong> del pa\u00eds con una <strong>mejor distribuci\u00f3n de la riqueza a trav\u00e9s de los\u00a0Programas para el Bienestar<\/strong>, afirm\u00f3 el presidente <strong>Andr\u00e9s Manuel L\u00f3pez Obrador<\/strong>.<\/span><\/p>\n<p>&nbsp;<\/p>\n<blockquote>\n<p class=\"p1\"><span style=\"font-size: 14pt;\">Es crecimiento y ahora con el a\u00f1adido de una mejor distribuci\u00f3n del ingreso. (\u2026) El pron\u00f3stico es bueno para la econom\u00eda, nos va a ir bien este a\u00f1o y espero que sigamos adelante\u201d<\/span><\/p>\n<\/blockquote>\n<p>&nbsp;<\/p>\n<blockquote>\n<p class=\"p1\"><span style=\"font-size: 14pt;\">El presupuesto est\u00e1 llegando a 30 millones de familias, de 35 millones que somos \u2013lo puedo probar\u2013 y los 5 millones de familias que no reciben de manera directa apoyos se benefician porque no hay aumento de impuestos, en el precio de las gasolinas, de la luz y no hay inestabilidad pol\u00edtica\u201d<\/span><\/p>\n<\/blockquote>\n<p>&nbsp;<\/p>\n<p class=\"p1\"><span style=\"font-size: 18pt;\"><strong>Andr\u00e9s Manuel L\u00f3pez Obrador estim\u00f3 un\u00a0crecimiento econ\u00f3mico para 2022 por arriba del 3 por ciento.<\/strong><\/span><\/p>\n<p>&nbsp;<\/p>\n<blockquote>\n<p class=\"p1\"><span style=\"font-size: 14pt;\">Hay condiciones inmejorables para el crecimiento econ\u00f3mico de M\u00e9xico. (\u2026) Es cosa de ver resultados, nadie pens\u00f3 que iba a superar el crecimiento de este a\u00f1o el 3 por ciento, nadie. (\u2026) Claro que estoy pensando que vamos a crecer de 3.2 a 3.5 este a\u00f1o\u201d<\/span><\/p>\n<\/blockquote>\n<p>&nbsp;<\/p>\n<p class=\"p1\"><span style=\"font-size: 18pt;\"><strong>Andr\u00e9s Manuel L\u00f3pez Obrador resalt\u00f3 que el turismo, la inversi\u00f3n extranjera y la fortaleza del peso mexicano son virtudes del panorama econ\u00f3mico del pa\u00eds.<\/strong><\/span><\/p>\n<blockquote><p>&nbsp;<\/p>\n<p class=\"p1\"><span style=\"font-size: 14pt;\">Ya tenemos r\u00e9cord en el n\u00famero de operaciones de entradas y salidas de aviones en Canc\u00fan, ya estamos cerca de 700 operaciones diarias. El turismo est\u00e1 creciendo como nunca, vamos a tener un cierre de a\u00f1o con mucho turismo en el pa\u00eds, entonces todo esto ayuda\u201d<\/span><\/p>\n<\/blockquote>\n<p>&nbsp;<\/p>\n<p>&nbsp;<\/p>\n<p>&nbsp;<\/p>\n<p>&nbsp;<\/p>\n","protected":false},"excerpt":{"rendered":"<p>CIUDAD DE M\u00c9XICO. El Gobierno de M\u00e9xico impulsa el crecimiento econ\u00f3mico del pa\u00eds con una mejor distribuci\u00f3n de la riqueza<\/p>\n","protected":false},"author":4,"featured_media":11175,"comment_status":"closed","ping_status":"closed","sticky":false,"template":"","format":"standard","meta":{"colormag_page_container_layout":"default_layout","colormag_page_sidebar_layout":"default_layout","_jetpack_memberships_contains_paid_content":false,"footnotes":"","jetpack_publicize_message":"","jetpack_publicize_feature_enabled":true,"jetpack_social_post_already_shared":true,"jetpack_social_options":{"image_generator_settings":{"template":"highway","default_image_id":0,"font":"","enabled":false},"version":2}},"categories":[4],"tags":[65,1864,31],"class_list":["post-11174","post","type-post","status-publish","format-standard","has-post-thumbnail","hentry","category-nacional","tag-andres-manuel-lopez-obrador","tag-crecimiento-economico","tag-mexico"],"jetpack_publicize_connections":[],"jetpack_featured_media_url":"https:\/\/noticiasveracruz.com\/wp-content\/uploads\/2022\/12\/P-PRESIDENTE-ANDRES-MANUEL.png","jetpack_sharing_enabled":true,"publishpress_future_action":{"enabled":false,"date":"2026-05-08 08:01:42","action":"change-status","newStatus":"draft","terms":[],"taxonomy":"category","extraData":[]},"publishpress_future_workflow_manual_trigger":{"enabledWorkflows":[]},"_links":{"self":[{"href":"https:\/\/noticiasveracruz.com\/index.php\/wp-json\/wp\/v2\/posts\/11174","targetHints":{"allow":["GET"]}}],"collection":[{"href":"https:\/\/noticiasveracruz.com\/index.php\/wp-json\/wp\/v2\/posts"}],"about":[{"href":"https:\/\/noticiasveracruz.com\/index.php\/wp-json\/wp\/v2\/types\/post"}],"author":[{"embeddable":true,"href":"https:\/\/noticiasveracruz.com\/index.php\/wp-json\/wp\/v2\/users\/4"}],"replies":[{"embeddable":true,"href":"https:\/\/noticiasveracruz.com\/index.php\/wp-json\/wp\/v2\/comments?post=11174"}],"version-history":[{"count":0,"href":"https:\/\/noticiasveracruz.com\/index.php\/wp-json\/wp\/v2\/posts\/11174\/revisions"}],"wp:featuredmedia":[{"embeddable":true,"href":"https:\/\/noticiasveracruz.com\/index.php\/wp-json\/wp\/v2\/media\/11175"}],"wp:attachment":[{"href":"https:\/\/noticiasveracruz.com\/index.php\/wp-json\/wp\/v2\/media?parent=11174"}],"wp:term":[{"taxonomy":"category","embeddable":true,"href":"https:\/\/noticiasveracruz.com\/index.php\/wp-json\/wp\/v2\/categories?post=11174"},{"taxonomy":"post_tag","embeddable":true,"href":"https:\/\/noticiasveracruz.com\/index.php\/wp-json\/wp\/v2\/tags?post=11174"}],"curies":[{"name":"wp","href":"https:\/\/api.w.org\/{rel}","templated":true}]}}