{"id":11168,"date":"2022-12-20T17:23:53","date_gmt":"2022-12-20T23:23:53","guid":{"rendered":"https:\/\/noticiasveracruz.com\/?p=11168"},"modified":"2022-12-20T17:23:53","modified_gmt":"2022-12-20T23:23:53","slug":"consejos-de-proteccion-civil-y-seguridad-publica-de-tuxpan-entregan-balances-de-resultados","status":"publish","type":"post","link":"https:\/\/noticiasveracruz.com\/index.php\/2022\/12\/20\/consejos-de-proteccion-civil-y-seguridad-publica-de-tuxpan-entregan-balances-de-resultados\/","title":{"rendered":"Consejos de Protecci\u00f3n Civil y Seguridad P\u00fablica\u00a0de Tuxpan entregan balances de resultados"},"content":{"rendered":"<p>&nbsp;<\/p>\n<p class=\"p2\"><span style=\"font-size: 14pt;\"><em><strong>TUXPAN, VERACRUZ.<\/strong> <\/em>Sesionan los <strong>Consejos de Protecci\u00f3n Civil y el Consejo Municipal de Seguridad P\u00fablica y Comit\u00e9 de Participaci\u00f3n Ciudadana, presentando informes finales 2022.<\/strong><\/span><\/p>\n<p class=\"p2\"><span style=\"font-size: 18pt;\"><strong>En los balances se dieron a conocer los resultados de las diversas acciones en materia de Protecci\u00f3n Civil y Seguridad, en los cuales participan diferentes sectores de la sociedad a trav\u00e9s de un trabajo coordinado entre la ciudadan\u00eda y las autoridades de los tres niveles de Gobierno.\u00a0<\/strong><\/span><\/p>\n<p><img loading=\"lazy\" decoding=\"async\" class=\"aligncenter wp-image-13986\" src=\"https:\/\/politicosaldesnudo.com.mx\/wp-content\/uploads\/2022\/12\/P-CONSEJOS-TUXPAN-5-1024x461.png\" alt=\"\" width=\"1000\" height=\"450\" \/><\/p>\n<p>&nbsp;<\/p>\n<p class=\"p2\"><span style=\"font-size: 18pt; color: #e42d33;\"><strong>CONSEJO DE PROTECCI\u00d3N CIVIL <\/strong><\/span><\/p>\n<p class=\"p2\"><span style=\"font-size: 14pt;\">El alcalde Jos\u00e9 Manuel Pozos Castro agradeci\u00f3 a las autoridades civiles, militares federales y estatales por asistir a esta \u00faltima sesi\u00f3n del a\u00f1o. As\u00ed como a los entes municipales y representantes de organizaciones sociales y privadas que colaboran en materia de Protecci\u00f3n Civil. <\/span><\/p>\n<p class=\"p2\"><span style=\"font-size: 18pt;\"><strong>Se\u00f1al\u00f3 Jos\u00e9 Manuel Pozos que el prop\u00f3sito de la reuni\u00f3n es analizar los resultados obtenidos en el a\u00f1o 2022, intercambiar ideas y planificar estrategias para aplicarlas el pr\u00f3ximo a\u00f1o.<\/strong><\/span><\/p>\n<p class=\"p2\"><span style=\"font-size: 14pt;\">Destac\u00f3 que gracias al trabajo coordinado que se realiza se obtuvieron resultados positivos en la temporada de lluvias y ciclones; por lo que se continuar\u00e1 trabajando de esa manera para garantizar la seguridad y la atenci\u00f3n a la ciudadan\u00eda, y entregar buenos resultados al pueblo de Tuxpan. <\/span><\/p>\n<p class=\"p2\"><span style=\"font-size: 18pt; color: #e42d33;\"><strong>En este primer a\u00f1o, la Unidad Municipal de Protecci\u00f3n Civil atendi\u00f3 365 incendios de Pastizales, 108 quemas de basura, 32 incendios a viviendas, 18 incendios a negocios y\/o bodegas, 36 incendios de veh\u00edculos, 83 reportes de fugas en tanque de gas, 63 reportes de perros, 166 reubicaciones de animales de fauna silvestre, 28 reportes de postes de luz y tel\u00e9fono, y 26 accidentes vehiculares.\u00a0<\/strong><\/span><\/p>\n<p class=\"p2\"><span style=\"font-size: 18pt;\"><strong>Adem\u00e1s, 175 reporte de abejas o avispas, 19 volcaduras de pipas, 5 atenciones a causa de combustible regado, se atendi\u00f3 el reporte de 3 personas ahogadas y de 15 rescates en zonas de playa.<span class=\"Apple-converted-space\"> \u00a0<\/span>Se realizaron 57 capacitaciones, 98 cortes de \u00e1rbol, 25 simulacros, 228 atenciones y finalmente se brind\u00f3 el apoyo y la atenci\u00f3n en los 21 eventos.<\/strong><\/span><\/p>\n<p>&nbsp;<\/p>\n<p><img loading=\"lazy\" decoding=\"async\" class=\"aligncenter wp-image-13985 size-large\" src=\"https:\/\/politicosaldesnudo.com.mx\/wp-content\/uploads\/2022\/12\/P-CONSEJOS-TUXPAN-3-1024x573.png\" alt=\"\" width=\"800\" height=\"448\" \/><\/p>\n<p>&nbsp;<\/p>\n<p class=\"p2\"><span style=\"font-size: 18pt; color: #e42d33;\"><strong>CONSEJO DE SEGURIDAD P\u00daBLICA <\/strong><\/span><\/p>\n<p class=\"p2\"><span style=\"font-size: 14pt;\">A esta reuni\u00f3n se integraron el Cap. de Corbeta I.M.P. Guillermo Al\u00e1n V\u00e1zquez Guti\u00e9rrez, secretario de Seguridad P\u00fablica Municipal; Tte. de Fragata I.M.P. Raymundo Torres Cruz, director de la Polic\u00eda Municipal.<\/span><\/p>\n<p class=\"p2\"><span style=\"font-size: 14pt;\">Ang\u00e9lica Leos Valente, delegada regional de la Comisi\u00f3n Estatal de Derechos Humanos; Eduardo Antonio Ortega Vega, presidente de Canaco Servytur Tuxpan, presidente del Comit\u00e9 de Participaci\u00f3n Ciudadana y Samuel Garc\u00eda Olvera, vocal dos de dicho comit\u00e9. <\/span><\/p>\n<p class=\"p2\"><span style=\"font-size: 18pt;\"><strong>El alcalde Jos\u00e9 Manuel Pozos Castro indic\u00f3 que esta reuni\u00f3n marca el cierre de un a\u00f1o lleno de buenos resultados y acciones exitosas que se llevaron a cabo en Tuxpan con la participaci\u00f3n de todas y todos.<\/strong><\/span><\/p>\n<p class=\"p2\"><span style=\"font-size: 14pt;\">En ese sentido, expres\u00f3 su reconocimiento a las dependencias de los tres niveles de gobierno, porque \u201choy vivimos un Tuxpan muy diferente, un Tuxpan m\u00e1s seguro\u201d. <\/span><\/p>\n<p class=\"p2\"><span style=\"font-size: 18pt;\"><strong>Destac\u00f3 que los trabajos realizados durante el presente a\u00f1o tuvieron como objetivo establecer mecanismos y acciones coordinadas en materia de prevenci\u00f3n y reducci\u00f3n de hechos delictivos propios de esta demarcaci\u00f3n.<\/strong><\/span><\/p>\n<p class=\"p2\"><span style=\"font-size: 14pt;\">En esta sesi\u00f3n se dio a conocer el reporte y comparativa correspondiente a los meses de septiembre a diciembre de 2022.<\/span><\/p>\n<p class=\"p2\"><span style=\"font-size: 18pt; color: #e42d33;\"><strong>Destaca la disminuci\u00f3n de la violencia familiar; ya que gracias a la confianza que ahora se tiene en las autoridades se han incrementado los reportes de este delito.<\/strong><\/span><\/p>\n<p class=\"p2\"><span style=\"font-size: 18pt; color: #e42d33;\"><strong>Adem\u00e1s, se mostr\u00f3 una disminuci\u00f3n en la incidencia delictiva en comparaci\u00f3n con el a\u00f1o pasado y una baja en delitos de alto impacto como el homicidio y decomisos de droga.<\/strong><\/span><\/p>\n<p>&nbsp;<\/p>\n<p><img loading=\"lazy\" decoding=\"async\" class=\"aligncenter wp-image-13983 size-large\" src=\"https:\/\/politicosaldesnudo.com.mx\/wp-content\/uploads\/2022\/12\/P-CONSEJOS-TUXPAN-1-1024x573.png\" alt=\"\" width=\"800\" height=\"448\" \/><\/p>\n<p>&nbsp;<\/p>\n<p class=\"p2\"><span style=\"font-size: 14pt;\">Ambas reuniones estuvieron encabezadas por el alcalde Jos\u00e9 Manuel Pozos Castro; el Vicealmirante de Infanter\u00eda de Marina D.E.M. Jos\u00e9 Manuel Guido Romero, comandante de la Fuerza Naval del Golfo; Gral. de Brigada D.E.M. Fernando Antonio Solares Lammel, comandante de la 19\u00aa Zona Militar; Vicealmirante C.G. D.E.M, Juan Carlos Vera Salinas, comandante de la Quinta Zona Naval.<\/span><\/p>\n<p class=\"p2\"><span style=\"font-size: 14pt;\">El coronel de Infanter\u00eda D.E.M. Jos\u00e9 Luis Fern\u00e1ndez Morales, comandante del 39 Batall\u00f3n de Infanter\u00eda; coronel de zapadores D.E.M. Jorge Velazco Vera, comandante del Quinto Batall\u00f3n de Ingenieros de Combate de Cerro Azul; el Capit\u00e1n de Nav\u00edo C.G. D.E.M. H\u00e9ctor Jacobo Hern\u00e1ndez, Capit\u00e1n de Puerto. <\/span><\/p>\n<p class=\"p2\"><span style=\"font-size: 14pt;\">Tambi\u00e9n participaron el Primer Inspector Jos\u00e9 Omar Rinc\u00f3n Aquino, comandante de la Guardia Nacional en Tuxpan; Adalani Cruz Zepeda, cabo de Infanter\u00eda de la Subzona Tuxpan del Pentatl\u00f3n; Francisco Azuara Osorio, representante de la Central Termoel\u00e9ctrica.<\/span><\/p>\n<p class=\"p2\"><span style=\"font-size: 14pt;\">La s\u00edndica Beatriz Pi\u00f1a Vergara; Jos\u00e9 Armando Huesca Ovando, secretario del Ayuntamiento; el regidor Amado Guti\u00e9rrez Lima, comisionado en Protecci\u00f3n Civil y secretario ejecutivo del Consejo, Jos\u00e9 Ren\u00e9 T\u00e9llez Medina, titular de la Unidad de Protecci\u00f3n Civil Municipal y secretario t\u00e9cnico del Consejo.<\/span><\/p>\n<p class=\"p2\"><span style=\"font-size: 14pt;\">Las regidoras y regidores Mar\u00eda del Pilar Mart\u00ednez Matesanz, Maryanela Monroy Flores, Anah\u00ed Aguilar L\u00f3pez, Juan G\u00f3mez Garc\u00eda, Lucero Res\u00e9ndis Ambrocio, Luis Demetrio L\u00f3pez Mar\u00edn, Axel Bernal Herrera y Luciano Folgueras Pioli.<\/span><\/p>\n","protected":false},"excerpt":{"rendered":"<p>&nbsp; TUXPAN, VERACRUZ. Sesionan los Consejos de Protecci\u00f3n Civil y el Consejo Municipal de Seguridad P\u00fablica y Comit\u00e9 de Participaci\u00f3n<\/p>\n","protected":false},"author":4,"featured_media":11170,"comment_status":"closed","ping_status":"closed","sticky":false,"template":"","format":"standard","meta":{"colormag_page_container_layout":"default_layout","colormag_page_sidebar_layout":"default_layout","_jetpack_memberships_contains_paid_content":false,"footnotes":"","jetpack_publicize_message":"","jetpack_publicize_feature_enabled":true,"jetpack_social_post_already_shared":true,"jetpack_social_options":{"image_generator_settings":{"template":"highway","default_image_id":0,"font":"","enabled":false},"version":2}},"categories":[356],"tags":[1863,1862,701,72,73],"class_list":["post-11168","post","type-post","status-publish","format-standard","has-post-thumbnail","hentry","category-veracruz","tag-consejo-de-proteccion-civil","tag-consejo-de-seguridad-publica","tag-jose-manuel-pozos","tag-tuxpan","tag-veracruz"],"jetpack_publicize_connections":[],"jetpack_featured_media_url":"https:\/\/noticiasveracruz.com\/wp-content\/uploads\/2022\/12\/P-CONSEJOS-TUXPAN-2.png","jetpack_sharing_enabled":true,"publishpress_future_action":{"enabled":false,"date":"2026-05-08 07:17:49","action":"change-status","newStatus":"draft","terms":[],"taxonomy":"category","extraData":[]},"publishpress_future_workflow_manual_trigger":{"enabledWorkflows":[]},"_links":{"self":[{"href":"https:\/\/noticiasveracruz.com\/index.php\/wp-json\/wp\/v2\/posts\/11168","targetHints":{"allow":["GET"]}}],"collection":[{"href":"https:\/\/noticiasveracruz.com\/index.php\/wp-json\/wp\/v2\/posts"}],"about":[{"href":"https:\/\/noticiasveracruz.com\/index.php\/wp-json\/wp\/v2\/types\/post"}],"author":[{"embeddable":true,"href":"https:\/\/noticiasveracruz.com\/index.php\/wp-json\/wp\/v2\/users\/4"}],"replies":[{"embeddable":true,"href":"https:\/\/noticiasveracruz.com\/index.php\/wp-json\/wp\/v2\/comments?post=11168"}],"version-history":[{"count":0,"href":"https:\/\/noticiasveracruz.com\/index.php\/wp-json\/wp\/v2\/posts\/11168\/revisions"}],"wp:featuredmedia":[{"embeddable":true,"href":"https:\/\/noticiasveracruz.com\/index.php\/wp-json\/wp\/v2\/media\/11170"}],"wp:attachment":[{"href":"https:\/\/noticiasveracruz.com\/index.php\/wp-json\/wp\/v2\/media?parent=11168"}],"wp:term":[{"taxonomy":"category","embeddable":true,"href":"https:\/\/noticiasveracruz.com\/index.php\/wp-json\/wp\/v2\/categories?post=11168"},{"taxonomy":"post_tag","embeddable":true,"href":"https:\/\/noticiasveracruz.com\/index.php\/wp-json\/wp\/v2\/tags?post=11168"}],"curies":[{"name":"wp","href":"https:\/\/api.w.org\/{rel}","templated":true}]}}