{"id":11109,"date":"2022-12-19T00:13:25","date_gmt":"2022-12-19T06:13:25","guid":{"rendered":"https:\/\/noticiasveracruz.com\/?p=11109"},"modified":"2022-12-19T00:23:24","modified_gmt":"2022-12-19T06:23:24","slug":"heroes-o-delincuentes","status":"publish","type":"post","link":"https:\/\/noticiasveracruz.com\/index.php\/2022\/12\/19\/heroes-o-delincuentes\/","title":{"rendered":"H\u00e9roes o delincuentes"},"content":{"rendered":"<p class=\"p1\">\n<p>&nbsp;<\/p>\n<p class=\"p1\"><span style=\"font-size: 18pt;\"><b>Por Jos\u00e9 P\u00e1ramo Castro<\/b><\/span><\/p>\n<p class=\"p1\"><span style=\"font-size: 18pt;\"><strong>La estigmatizaci\u00f3n de la lucha social quiere ser incluida en la delincuencia, Hay opiniones que descalifican la calidad moral de la actual presidenta de la actual Comisi\u00f3n Nacional de los Derechos Humanos, Rosario Piedra Ibarra, por haber tenido un hermano guerrillero. La opresi\u00f3n de los reg\u00edmenes pasados obligaba a estas posturas en toda Am\u00e9rica Latina.<\/strong><\/span><\/p>\n<p class=\"p1\"><span style=\"font-size: 14pt;\">Por otro lado, esos mismos grupos, defienden a los delincuentes comunes que por el simple hecho de militar en un partido pol\u00edtico son autodenominados perseguidos pol\u00edticos y para alcanzar esta categor\u00eda y tener argumentos no dejan de criticar hasta el insulto al gobierno, de tal suerte que parezca que los encarcelan por cuestionar al gobierno y n o por los delitos comunes que cometes.<\/span><\/p>\n<p><img loading=\"lazy\" decoding=\"async\" class=\"aligncenter wp-image-13919 size-large\" src=\"https:\/\/politicosaldesnudo.com.mx\/wp-content\/uploads\/2022\/12\/P-ROSARIO-PIEDRA-IBARRA-1024x573.png\" alt=\"\" width=\"800\" height=\"448\" \/><\/p>\n<p>&nbsp;<\/p>\n<p class=\"p1\"><span style=\"font-size: 18pt;\"><strong>En cambio, ven en la historia la manera de hacer de los h\u00e9roes delincuentes. Las guerrillas en Am\u00e9rica Latina surgen como producto de un autoritarismo que obliga a la radicalizaci\u00f3n de posturas sociales, entre ellas la guerrilla. La propia derecha protagoniz\u00f3, hace un mes una marcha callejera, lo cual significa que han radicalizado sus tradicionales posturas de apat\u00eda social y organizativa.<\/strong><\/span><\/p>\n<p class=\"p1\"><span style=\"font-size: 14pt;\">El extrav\u00edo hist\u00f3rico de algunos, afortunadamente pocos, sobre la necesidad de levantarse en armas por la opresi\u00f3n que llegaba a la tortura, la c\u00e1rcel, la desaparici\u00f3n, la muerte lo colocan ene le terreno de la delincuencia. En ese rango se encuentra el hermano de la actual presidenta de la CNDH, quien ocupa el lugar de verdaderos represores, por decir lo menos, como Jorge Carpizo, o Jorge Madrazo Cu\u00e9llar, uno fue antes procurador de Justicia en tiempos de represi\u00f3n y el otro posteriormente a su trabajo como ombudsman, cuando la entonces PGR era un centro de tortura, una f\u00e1brica de delincuentes a la medida, un dise\u00f1o de delincuentes a la conveniencia de los gobernantes. Pero resulta que a Rosario Piedra le ven el grave problema de haber tenido un hermano guerrillero, como tambi\u00e9n lo fueron en su momento Hidalgo, Morelos, los hermanos Serd\u00e1n, Villa, Zapata. No ha proporciones guardadas hay pr\u00e1cticas similares ante la opresi\u00f3n que aniquilaba al pueblo.<\/span><\/p>\n<p>&nbsp;<\/p>\n<p class=\"p1\"><span style=\"font-size: 18pt; color: #e42d33;\"><b>PANISTAS PERDIDOS <\/b><\/span><\/p>\n<p class=\"p1\"><span style=\"font-size: 18pt;\"><strong>Los conservadores, los amantes de la inmovilidad hist\u00f3rica, insisten en ver delincuentes donde no los hay y h\u00e9roes donde hay delincuentes como podr\u00edan ser los implicados en el c\u00e1rtel inmobiliarios donde Jorge Romero, Santiago Taboada, Christian Von Roehrich, Mariana G\u00f3mez del Campo, etc. Todos panistas todos con delitos comprobados. Todos se dicen perseguidos pol\u00edticos.<\/strong><\/span><\/p>\n<p class=\"p1\"><span style=\"font-size: 14pt;\">Pueden nombrarse a otros panistas que se sirvieron del poder para delinquir, desde Guillermo Padr\u00e9s hasta Cabeza de Vaca, pasando por Ricardo Anaya y Luis Ernesto Derbez. Y hay una larga lista, acompa\u00f1ados por otros delincuentes pri\u00edstas que tienen delitos comprobados y que no dudan ni un segundo en autodenominarse perseguidos pol\u00edticos en el momento mismo en que son descubiertos sus delitos.<\/span><\/p>\n<p class=\"p1\"><span style=\"font-size: 18pt; color: #e42d33;\"><strong>La lucha social est\u00e1 llena de delincuentes para los ladrones de cuello blanco. Quieren hacer ver a quienes transforman como unos transgresores de la ley, cuando en realidad en nombre de la inmovilidad ellos son los que saquean a los ciudadanos.<\/strong><\/span><\/p>\n<p class=\"p1\"><span style=\"font-size: 14pt;\">Las luchas sociales son para ellos un delito, ll\u00e1mese revoluci\u00f3n, independencia, guerrilla, rechazo al invasor. En cambio, son actos heroicos la permanencia, la pasividad social, el estancamiento democr\u00e1tico, la eterna pausa en la evoluci\u00f3n, aunque en ese alto total de la historia ellos hagan y deshagan de las leyes y la justicia.<\/span><\/p>\n<p class=\"p1\"><span style=\"font-size: 14pt;\">Si no hubiera habido cambio de r\u00e9gimen el c\u00e1rtel inmobiliario no hubiera sido castigado, aunque s\u00ed hubiera sido descubierto por las demandas de los afectados, cuyas vidas corrieron peligro ante la corrupci\u00f3n de los panistas al colocar las tuber\u00edas de gas ocultas, para tener m\u00e1s espacios para construir un mayor n\u00famero de departamentos, edificaron m\u00e1s pisos de los permitidos sin importar la calidad del suelo ni la posibilidad de que se cayeran.<\/span><\/p>\n<p class=\"p1\"><span style=\"font-size: 18pt;\"><strong>Pero la continuidad del poder como lo demostr\u00f3 el PAN y Fox en 2000 no fue m\u00e1s un nuevo maquillaje de la corrupci\u00f3n. La costumbre de los conservadores es criminalizar los movimientos sociales en cualquiera de sus expresiones y otorgar impunidad a los delitos comunes que se hagan bajo la sombra de la inmovilidad y el autoritarismo.<\/strong><\/span><\/p>\n<p>&nbsp;<\/p>\n<p>&nbsp;<\/p>\n<p><span style=\"font-size: 18pt; color: #e42d33;\"><em><strong>**Las columnas firmadas en este medio son responsabilidad de quienes las firman**<\/strong><\/em><\/span><\/p>\n<p>&nbsp;<\/p>\n<p>&nbsp;<\/p>\n","protected":false},"excerpt":{"rendered":"<p>&nbsp; Por Jos\u00e9 P\u00e1ramo Castro La estigmatizaci\u00f3n de la lucha social quiere ser incluida en la delincuencia, Hay opiniones que<\/p>\n","protected":false},"author":4,"featured_media":3569,"comment_status":"closed","ping_status":"closed","sticky":false,"template":"","format":"standard","meta":{"colormag_page_container_layout":"default_layout","colormag_page_sidebar_layout":"default_layout","_jetpack_memberships_contains_paid_content":false,"footnotes":"","jetpack_publicize_message":"","jetpack_publicize_feature_enabled":true,"jetpack_social_post_already_shared":true,"jetpack_social_options":{"image_generator_settings":{"template":"highway","default_image_id":0,"font":"","enabled":false},"version":2}},"categories":[6],"tags":[],"class_list":["post-11109","post","type-post","status-publish","format-standard","has-post-thumbnail","hentry","category-columnistas"],"jetpack_publicize_connections":[],"jetpack_featured_media_url":"https:\/\/noticiasveracruz.com\/wp-content\/uploads\/2022\/04\/NV-JOSE\u0301-PA\u0301RAMO.png","jetpack_sharing_enabled":true,"publishpress_future_action":{"enabled":false,"date":"2026-05-08 02:15:31","action":"change-status","newStatus":"draft","terms":[],"taxonomy":"category","extraData":[]},"publishpress_future_workflow_manual_trigger":{"enabledWorkflows":[]},"_links":{"self":[{"href":"https:\/\/noticiasveracruz.com\/index.php\/wp-json\/wp\/v2\/posts\/11109","targetHints":{"allow":["GET"]}}],"collection":[{"href":"https:\/\/noticiasveracruz.com\/index.php\/wp-json\/wp\/v2\/posts"}],"about":[{"href":"https:\/\/noticiasveracruz.com\/index.php\/wp-json\/wp\/v2\/types\/post"}],"author":[{"embeddable":true,"href":"https:\/\/noticiasveracruz.com\/index.php\/wp-json\/wp\/v2\/users\/4"}],"replies":[{"embeddable":true,"href":"https:\/\/noticiasveracruz.com\/index.php\/wp-json\/wp\/v2\/comments?post=11109"}],"version-history":[{"count":0,"href":"https:\/\/noticiasveracruz.com\/index.php\/wp-json\/wp\/v2\/posts\/11109\/revisions"}],"wp:featuredmedia":[{"embeddable":true,"href":"https:\/\/noticiasveracruz.com\/index.php\/wp-json\/wp\/v2\/media\/3569"}],"wp:attachment":[{"href":"https:\/\/noticiasveracruz.com\/index.php\/wp-json\/wp\/v2\/media?parent=11109"}],"wp:term":[{"taxonomy":"category","embeddable":true,"href":"https:\/\/noticiasveracruz.com\/index.php\/wp-json\/wp\/v2\/categories?post=11109"},{"taxonomy":"post_tag","embeddable":true,"href":"https:\/\/noticiasveracruz.com\/index.php\/wp-json\/wp\/v2\/tags?post=11109"}],"curies":[{"name":"wp","href":"https:\/\/api.w.org\/{rel}","templated":true}]}}