{"id":11093,"date":"2022-12-19T00:00:25","date_gmt":"2022-12-19T06:00:25","guid":{"rendered":"https:\/\/noticiasveracruz.com\/?p=11093"},"modified":"2022-12-18T23:51:16","modified_gmt":"2022-12-19T05:51:16","slug":"la-vulnerabilidad-de-la-prensa-inducida","status":"publish","type":"post","link":"https:\/\/noticiasveracruz.com\/index.php\/2022\/12\/19\/la-vulnerabilidad-de-la-prensa-inducida\/","title":{"rendered":"La vulnerabilidad de la prensa\u2026 inducida"},"content":{"rendered":"<p class=\"p1\">\n<p>&nbsp;<\/p>\n<p class=\"p1\"><span style=\"font-size: 18pt;\"><b>Por Ricardo Homs<\/b><\/span><\/p>\n<p class=\"p1\"><span style=\"font-size: 14pt;\">La vulnerabilidad de la prensa nace de las mismas descalificaciones presidenciales en las multicitadas \u201cma\u00f1aneras\u201d. Al se\u00f1alar a los periodistas como un gremio de deshonestos y corruptos y un problema para su gobierno, pone a los comunicadores en la plaza p\u00fablica para que alg\u00fan fundamentalista desequilibrado se sienta autorizado para agredirlos. <\/span><\/p>\n<p class=\"p1\"><span style=\"font-size: 14pt;\">Sin embargo, si adem\u00e1s, con nombre y apellido los califica como un estorbo, nunca faltar\u00e1 el supuesto \u201ch\u00e9roe de la transformaci\u00f3n\u201d que se decida a silenciarlos.<\/span><\/p>\n<p class=\"p1\"><span style=\"font-size: 14pt;\">No es necesario dar una autorizaci\u00f3n t\u00e1cita para la agresi\u00f3n, pues los peores casos se dan cuando alguien cree interpretar los deseos profundos del l\u00edder al cual admira y por ello act\u00faa en consecuencia.<\/span><\/p>\n<p class=\"p1\"><span style=\"font-size: 14pt;\">Si el presidente realmente est\u00e1 preocupado por la seguridad de la prensa y se ve a s\u00ed mismo como respetuoso de la libertad de expresi\u00f3n, entonces debe dejar de dar nombres de periodistas en las ma\u00f1aneras o en cualquier discurso. Al se\u00f1alarlos, los exhibe y los muestra como sus enemigos personales y ante la percepci\u00f3n subjetiva p\u00fablica, induce la interpretaci\u00f3n de que son traidores a la patria. De ah\u00ed a que surja alguien que se quiera sentir h\u00e9roe y los agreda, no hay m\u00e1s que un paso.<\/span><\/p>\n<p class=\"p1\"><span style=\"font-size: 14pt;\">La agresi\u00f3n a Ciro G\u00f3mez Leyva es la primera llamada de este fen\u00f3meno de violencia contra la prensa de impacto nacional, criticada desde las ma\u00f1aneras.<\/span><\/p>\n<p class=\"p1\"><span style=\"font-size: 14pt;\">Los asesinatos de periodistas en provincia pueden acreditarse al fen\u00f3meno imperante y creciente de contubernio entre autoridades locales, -que se sienten amenazadas por la prensa que obstaculiza sus intereses particulares-, y el crimen organizado. Entonces estos funcionarios se apoyan en los criminales locales para ejecutar su venganza. <\/span><\/p>\n<p class=\"p1\"><span style=\"font-size: 14pt;\">En estos casos, -de agresiones a periodistas-, la responsabilidad del gobierno federal radica en no proteger eficientemente a los comunicadores amenazados y adem\u00e1s, por no realizar las investigaciones correspondientes para dar con los culpables y as\u00ed evitar la impunidad.<\/span><\/p>\n<p class=\"p1\"><span style=\"font-size: 14pt;\">A final de cuentas la inacci\u00f3n es una respuesta, pues pone sobre la prensa una presi\u00f3n que estimula el temor, seguramente para generar autocensura por parte de los comunicadores.<\/span><\/p>\n<p class=\"p1\"><span style=\"font-size: 14pt;\">Sin embargo, la responsabilidad sobre la seguridad de los periodistas se\u00f1alados directamente por el presidente L\u00f3pez Obrador recae total y absolutamente sobre el gobierno federal.<\/span><\/p>\n<p class=\"p1\"><span style=\"font-size: 14pt;\">Si el impacto internacional del asesinato de periodistas en M\u00e9xico hasta hoy ha sido grupal, -y como parte de un contexto de violencia-, cuando un periodista se\u00f1alado con nombre y apellido sea agredido, el esc\u00e1ndalo recaer\u00e1 de forma demoledora sobre quien lo puso en peligro y no habr\u00e1 disculpas que valgan, -ni palabritas cari\u00f1osas y solidarias-, que evadan la responsabilidad.<\/span><\/p>\n<p class=\"p1\"><span style=\"font-size: 14pt;\">Primera llamada\u2026 primera llamada\u2026 primera llamada.\u00a0<\/span><\/p>\n<p>&nbsp;<\/p>\n<p>&nbsp;<\/p>\n<p class=\"p1\"><span style=\"font-size: 18pt;\"><strong>\u00bfA usted qu\u00e9 le parece?<\/strong><\/span><\/p>\n<p>&nbsp;<\/p>\n<p class=\"p1\"><span style=\"font-size: 18pt;\"><strong>Facebook:<a href=\"https:\/\/www.facebook.com\/Ricardo.Homs1\">@Ricardo.Homs1<\/a><\/strong><\/span><\/p>\n<p class=\"p1\"><span style=\"font-size: 18pt;\"><strong>Twitter:\u00a0<\/strong><a href=\"https:\/\/twitter.com\/homsricardo\"><strong>@homsricardo<\/strong><\/a><\/span><\/p>\n<p class=\"p1\"><span style=\"font-size: 18pt;\"><strong>Linkedin:\u00a0<a href=\"https:\/\/www.linkedin.com\/in\/ricardo-homs-3920449\/?originalSubdomain=mx\">RicardoHoms<\/a><\/strong><\/span><\/p>\n<p class=\"p1\"><span style=\"font-size: 18pt;\"><a href=\"https:\/\/ricardohoms.com\/\"><strong>www.ricardohoms.com<\/strong><\/a><\/span><\/p>\n<p>&nbsp;<\/p>\n<p><span style=\"font-size: 18pt; color: #e42d33;\"><em><strong>**Las columnas firmadas en este medio son responsabilidad de quienes las firman**<\/strong><\/em><\/span><\/p>\n<p>&nbsp;<\/p>\n","protected":false},"excerpt":{"rendered":"<p>&nbsp; Por Ricardo Homs La vulnerabilidad de la prensa nace de las mismas descalificaciones presidenciales en las multicitadas \u201cma\u00f1aneras\u201d. Al<\/p>\n","protected":false},"author":4,"featured_media":3190,"comment_status":"closed","ping_status":"closed","sticky":false,"template":"","format":"standard","meta":{"colormag_page_container_layout":"default_layout","colormag_page_sidebar_layout":"default_layout","_jetpack_memberships_contains_paid_content":false,"footnotes":"","jetpack_publicize_message":"","jetpack_publicize_feature_enabled":true,"jetpack_social_post_already_shared":true,"jetpack_social_options":{"image_generator_settings":{"template":"highway","default_image_id":0,"font":"","enabled":false},"version":2}},"categories":[6],"tags":[],"class_list":["post-11093","post","type-post","status-publish","format-standard","has-post-thumbnail","hentry","category-columnistas"],"jetpack_publicize_connections":[],"jetpack_featured_media_url":"https:\/\/noticiasveracruz.com\/wp-content\/uploads\/2022\/04\/NV-RICARDO-HOMS.png","jetpack_sharing_enabled":true,"publishpress_future_action":{"enabled":false,"date":"2026-05-05 20:32:29","action":"change-status","newStatus":"draft","terms":[],"taxonomy":"category","extraData":[]},"publishpress_future_workflow_manual_trigger":{"enabledWorkflows":[]},"_links":{"self":[{"href":"https:\/\/noticiasveracruz.com\/index.php\/wp-json\/wp\/v2\/posts\/11093","targetHints":{"allow":["GET"]}}],"collection":[{"href":"https:\/\/noticiasveracruz.com\/index.php\/wp-json\/wp\/v2\/posts"}],"about":[{"href":"https:\/\/noticiasveracruz.com\/index.php\/wp-json\/wp\/v2\/types\/post"}],"author":[{"embeddable":true,"href":"https:\/\/noticiasveracruz.com\/index.php\/wp-json\/wp\/v2\/users\/4"}],"replies":[{"embeddable":true,"href":"https:\/\/noticiasveracruz.com\/index.php\/wp-json\/wp\/v2\/comments?post=11093"}],"version-history":[{"count":0,"href":"https:\/\/noticiasveracruz.com\/index.php\/wp-json\/wp\/v2\/posts\/11093\/revisions"}],"wp:featuredmedia":[{"embeddable":true,"href":"https:\/\/noticiasveracruz.com\/index.php\/wp-json\/wp\/v2\/media\/3190"}],"wp:attachment":[{"href":"https:\/\/noticiasveracruz.com\/index.php\/wp-json\/wp\/v2\/media?parent=11093"}],"wp:term":[{"taxonomy":"category","embeddable":true,"href":"https:\/\/noticiasveracruz.com\/index.php\/wp-json\/wp\/v2\/categories?post=11093"},{"taxonomy":"post_tag","embeddable":true,"href":"https:\/\/noticiasveracruz.com\/index.php\/wp-json\/wp\/v2\/tags?post=11093"}],"curies":[{"name":"wp","href":"https:\/\/api.w.org\/{rel}","templated":true}]}}