{"id":11058,"date":"2022-12-16T08:10:14","date_gmt":"2022-12-16T14:10:14","guid":{"rendered":"https:\/\/noticiasveracruz.com\/?p=11058"},"modified":"2022-12-16T08:10:14","modified_gmt":"2022-12-16T14:10:14","slug":"el-papa-devuelve-a-grecia-los-marmoles-del-partenon","status":"publish","type":"post","link":"https:\/\/noticiasveracruz.com\/index.php\/2022\/12\/16\/el-papa-devuelve-a-grecia-los-marmoles-del-partenon\/","title":{"rendered":"El Papa devuelve a Grecia los m\u00e1rmoles del Parten\u00f3n"},"content":{"rendered":"<p>&nbsp;<\/p>\n<p class=\"p1\"><span style=\"font-size: 14pt;\"><em><strong>CIUDAD DEL VATICANO.<\/strong> <\/em>El <strong>papa Francisco devolver\u00e1 a Grecia tres fragmentos de los m\u00e1rmoles del Parten\u00f3n<\/strong> que llevan siglos en los Museos Vaticanos, seg\u00fan anunci\u00f3 el Vaticano el viernes.<\/span><\/p>\n<p class=\"p1\"><span style=\"font-size: 18pt;\"><strong>La Santa Sede calific\u00f3 el gesto como una \u201cdonaci\u00f3n\u201d del pont\u00edfice a Jer\u00f3nimo II, el arzobispo de la iglesia ortodoxa de Atenas y de toda Grecia, \u201ccomo un s\u00edmbolo concreto de su deseo sincero de seguir en el camino ecum\u00e9nico de la verdad\u201d.<\/strong><\/span><\/p>\n<p class=\"p1\"><span style=\"font-size: 14pt;\">El Vaticano se convierte as\u00ed en el \u00faltimo estado occidental en devolver sus piezas de los m\u00e1rmoles del Parten\u00f3n, dejando al Museo Brit\u00e1nico entre los rezagados.<\/span><\/p>\n<p class=\"p1\"><span style=\"font-size: 14pt;\">Pero el comunicado sugiere una intenci\u00f3n de la Santa Sede para dejar claro que no se trata de una decisi\u00f3n bilateral de devolver los fragmentos del estado Vaticano a Grecia, sino de una donaci\u00f3n de inspiraci\u00f3n religiosa. Es posible que el texto se haya redactado para no crear un precedente que pueda afectar a otras piezas de valor incalculable de los Museos Vaticanos.<\/span><\/p>\n<p><img loading=\"lazy\" decoding=\"async\" class=\"aligncenter wp-image-13796 size-large\" src=\"https:\/\/politicosaldesnudo.com.mx\/wp-content\/uploads\/2022\/12\/P-VATICANO-PARTENON-3-1024x573.png\" alt=\"\" width=\"800\" height=\"448\" \/><\/p>\n<p>&nbsp;<\/p>\n<p class=\"p1\"><span style=\"font-size: 18pt; color: #e42d33;\"><strong>Las esculturas son los restos de un friso de 160 metros (520 pies) de largo que rodeaba el muro exterior del Parten\u00f3n, un templo dedicado a Atenea, la diosa de la sabidur\u00eda, en la Acr\u00f3polis de Atenas. La mayor\u00eda se perdi\u00f3 en un bombardeo en el siglo XVII y cerca de la mitad de las obras que sobrevivieron fueron retiradas a principios del siglo XIX por un diplom\u00e1tico brit\u00e1nico, Lord Elgin.<\/strong><\/span><\/p>\n<p>&nbsp;<\/p>\n<p><img loading=\"lazy\" decoding=\"async\" class=\"aligncenter wp-image-13797 size-large\" src=\"https:\/\/politicosaldesnudo.com.mx\/wp-content\/uploads\/2022\/12\/P-VATICANO-PARTENON-4-1024x573.png\" alt=\"\" width=\"800\" height=\"448\" \/><\/p>\n<p>&nbsp;<\/p>\n<p class=\"p1\"><span style=\"font-size: 18pt;\"><strong>El Museo Brit\u00e1nico prometi\u00f3 recientemente que no desmantelar\u00e1 su colecci\u00f3n, tras conocerse que el presidente de la instituci\u00f3n mantuvo conversaciones secretas con el primer ministro de Grecia para la devoluci\u00f3n de las esculturas, tambi\u00e9n conocidas como los m\u00e1rmoles de Elgin.<\/strong><\/span><\/p>\n<p>&nbsp;<\/p>\n<p><img loading=\"lazy\" decoding=\"async\" class=\"aligncenter wp-image-9430 size-large\" src=\"http:\/\/politicosaldesnudoqroo.com.mx\/wp-content\/uploads\/2022\/12\/P-PAPA-PARTENON-4-1024x573.png\" alt=\"\" width=\"800\" height=\"448\" \/><\/p>\n<p>&nbsp;<\/p>\n<p class=\"p1\"><span style=\"font-size: 18pt;\"><strong>El Parten\u00f3n se construy\u00f3 entre el 447 y el 432 a.C. y est\u00e1 considerada la obra cumbre de la arquitectura cl\u00e1sica. El friso representaba una procesi\u00f3n en honor a Atenea. Algunos fragmentos peque\u00f1os, y otras esculturas del templo, est\u00e1n en otros museos europeos.<\/strong><\/span><\/p>\n<p>&nbsp;<\/p>\n","protected":false},"excerpt":{"rendered":"<p>&nbsp; CIUDAD DEL VATICANO. El papa Francisco devolver\u00e1 a Grecia tres fragmentos de los m\u00e1rmoles del Parten\u00f3n que llevan siglos<\/p>\n","protected":false},"author":4,"featured_media":11060,"comment_status":"closed","ping_status":"closed","sticky":false,"template":"","format":"standard","meta":{"colormag_page_container_layout":"default_layout","colormag_page_sidebar_layout":"default_layout","_jetpack_memberships_contains_paid_content":false,"footnotes":"","jetpack_publicize_message":"","jetpack_publicize_feature_enabled":true,"jetpack_social_post_already_shared":true,"jetpack_social_options":{"image_generator_settings":{"template":"highway","default_image_id":0,"font":"","enabled":false},"version":2}},"categories":[358],"tags":[1848,231,1847],"class_list":["post-11058","post","type-post","status-publish","format-standard","has-post-thumbnail","hentry","category-cultura","tag-museo-del-vaticano","tag-papa-francisco","tag-partenon"],"jetpack_publicize_connections":[],"jetpack_featured_media_url":"https:\/\/noticiasveracruz.com\/wp-content\/uploads\/2022\/12\/P-VATICANO-PARTENON-2.png","jetpack_sharing_enabled":true,"publishpress_future_action":{"enabled":false,"date":"2026-05-06 18:21:52","action":"change-status","newStatus":"draft","terms":[],"taxonomy":"category","extraData":[]},"publishpress_future_workflow_manual_trigger":{"enabledWorkflows":[]},"_links":{"self":[{"href":"https:\/\/noticiasveracruz.com\/index.php\/wp-json\/wp\/v2\/posts\/11058","targetHints":{"allow":["GET"]}}],"collection":[{"href":"https:\/\/noticiasveracruz.com\/index.php\/wp-json\/wp\/v2\/posts"}],"about":[{"href":"https:\/\/noticiasveracruz.com\/index.php\/wp-json\/wp\/v2\/types\/post"}],"author":[{"embeddable":true,"href":"https:\/\/noticiasveracruz.com\/index.php\/wp-json\/wp\/v2\/users\/4"}],"replies":[{"embeddable":true,"href":"https:\/\/noticiasveracruz.com\/index.php\/wp-json\/wp\/v2\/comments?post=11058"}],"version-history":[{"count":0,"href":"https:\/\/noticiasveracruz.com\/index.php\/wp-json\/wp\/v2\/posts\/11058\/revisions"}],"wp:featuredmedia":[{"embeddable":true,"href":"https:\/\/noticiasveracruz.com\/index.php\/wp-json\/wp\/v2\/media\/11060"}],"wp:attachment":[{"href":"https:\/\/noticiasveracruz.com\/index.php\/wp-json\/wp\/v2\/media?parent=11058"}],"wp:term":[{"taxonomy":"category","embeddable":true,"href":"https:\/\/noticiasveracruz.com\/index.php\/wp-json\/wp\/v2\/categories?post=11058"},{"taxonomy":"post_tag","embeddable":true,"href":"https:\/\/noticiasveracruz.com\/index.php\/wp-json\/wp\/v2\/tags?post=11058"}],"curies":[{"name":"wp","href":"https:\/\/api.w.org\/{rel}","templated":true}]}}