{"id":11055,"date":"2022-12-16T07:39:47","date_gmt":"2022-12-16T13:39:47","guid":{"rendered":"https:\/\/noticiasveracruz.com\/?p=11055"},"modified":"2022-12-16T07:39:47","modified_gmt":"2022-12-16T13:39:47","slug":"juez-imponen-a-pedro-castillo-18-meses-de-prision-preventiva","status":"publish","type":"post","link":"https:\/\/noticiasveracruz.com\/index.php\/2022\/12\/16\/juez-imponen-a-pedro-castillo-18-meses-de-prision-preventiva\/","title":{"rendered":"Juez imponen a Pedro Castillo 18 meses de prisi\u00f3n preventiva"},"content":{"rendered":"<p class=\"p1\">\n<p class=\"p1\"><span style=\"font-size: 14pt;\"><em><strong>LIMA, PER\u00da.<\/strong> <\/em><strong>El expresidente de Per\u00fa es acusado de rebeli\u00f3n, abuso de autoridad y otros, luego de que intentara disolver el Congreso de dicho pa\u00eds<\/strong>. El Poder Judicial de Per\u00fa le ha impuesto 18 meses de prisi\u00f3n preventiva.<\/span><\/p>\n<p class=\"p1\"><span style=\"font-size: 18pt;\"><strong>El\u00a0juez supremo Juan Carlos Checkley\u00a0fue el encargado de desahogar los argumentos en contra de Castillo, quien fue destituido el pasado 7 de diciembre.<\/strong><\/span><\/p>\n<p class=\"p1\"><span style=\"font-size: 14pt;\">Como parte de las pruebas que el juez present\u00f3 en contra de Pedro Castillo es que el presidente peruano busc\u00f3 asilo pol\u00edtico en la embajada de M\u00e9xico tras su mensaje a la naci\u00f3n en donde anunci\u00f3 la disoluci\u00f3n del Congreso.<\/span><\/p>\n<p class=\"p1\"><span style=\"font-size: 18pt;\"><strong>Esta informaci\u00f3n fue revelada por el\u00a0presidente de M\u00e9xico, Andr\u00e9s Manuel L\u00f3pez Obrador,\u00a0el pasado 9 de diciembre durante su conferencia de prensa diaria. El mexicano revel\u00f3 que el expresidente peruano le llam\u00f3 para avisarle de que iba rumbo a la\u00a0Embajada de M\u00e9xico\u00a0para solicitar\u00a0asilo pol\u00edtico. Sin embargo, dijo, es muy posible que el tel\u00e9fono del exmandatario ya estuviera intervenido.<\/strong><\/span><\/p>\n<p class=\"p1\"><span style=\"font-size: 14pt;\">L\u00f3pez Obrador\u00a0indic\u00f3 que, tras la llamada de\u00a0Pedro Castillo, le pidi\u00f3 al canciller\u00a0Marcelo Ebrard\u00a0que diera la instrucci\u00f3n a los diplom\u00e1ticos mexicanos en\u00a0Lima\u00a0de abrir la puerta de la Embajada mexicana al peruano.<\/span><\/p>\n<p class=\"p1\"><span style=\"font-size: 18pt;\"><strong>El Congreso peruano\u00a0destituy\u00f3\u00a0al presidente Pedro Castillo en la tarde del 7 de diciembre por una abrumadora mayor\u00eda en una sesi\u00f3n prevista que se llev\u00f3 a cabo pese a que en la ma\u00f1ana el mandatario hab\u00eda disuelto el Parlamento.<\/strong><\/span><\/p>\n<p class=\"p1\"><span style=\"font-size: 14pt;\">Castillo\u00a0fue posteriormente detenido\u00a0por el Ministerio P\u00fablico (fiscal\u00eda) para ser procesado por el presunto delito de rebeli\u00f3n. Desde hace poco m\u00e1s de una semana, Castillo permanece detenido en la sede de la Diroes, en Ate.<\/span><\/p>\n<p class=\"p1\"><span style=\"font-size: 14pt;\">Ese mismo d\u00eda, la vicepresidenta Dina Boluarte\u00a0jurament\u00f3\u00a0ante el Congreso como nueva jefa de Estado.<\/span><\/p>\n<p class=\"p1\"><span style=\"font-size: 18pt;\"><strong>Casi a la par de que inici\u00f3 la sesi\u00f3n, Castillo se hizo presente en Twitter, desde donde tuite\u00f3 un escrito en donde se\u00f1al\u00f3 a EU de estar detr\u00e1s de la presencia militar en las protestas que se han registrado desde hace unos d\u00edas en Per\u00fa.<\/strong><\/span><\/p>\n","protected":false},"excerpt":{"rendered":"<p>LIMA, PER\u00da. El expresidente de Per\u00fa es acusado de rebeli\u00f3n, abuso de autoridad y otros, luego de que intentara disolver<\/p>\n","protected":false},"author":4,"featured_media":11056,"comment_status":"closed","ping_status":"closed","sticky":false,"template":"","format":"standard","meta":{"colormag_page_container_layout":"default_layout","colormag_page_sidebar_layout":"default_layout","_jetpack_memberships_contains_paid_content":false,"footnotes":"","jetpack_publicize_message":"","jetpack_publicize_feature_enabled":true,"jetpack_social_post_already_shared":true,"jetpack_social_options":{"image_generator_settings":{"template":"highway","default_image_id":0,"font":"","enabled":false},"version":2}},"categories":[355],"tags":[1744,413],"class_list":["post-11055","post","type-post","status-publish","format-standard","has-post-thumbnail","hentry","category-internacional","tag-pedro-castillo","tag-peru"],"jetpack_publicize_connections":[],"jetpack_featured_media_url":"https:\/\/noticiasveracruz.com\/wp-content\/uploads\/2022\/12\/P-PEDRO-CASTILLO-1.png","jetpack_sharing_enabled":true,"publishpress_future_action":{"enabled":false,"date":"2026-05-06 17:36:09","action":"change-status","newStatus":"draft","terms":[],"taxonomy":"category","extraData":[]},"publishpress_future_workflow_manual_trigger":{"enabledWorkflows":[]},"_links":{"self":[{"href":"https:\/\/noticiasveracruz.com\/index.php\/wp-json\/wp\/v2\/posts\/11055","targetHints":{"allow":["GET"]}}],"collection":[{"href":"https:\/\/noticiasveracruz.com\/index.php\/wp-json\/wp\/v2\/posts"}],"about":[{"href":"https:\/\/noticiasveracruz.com\/index.php\/wp-json\/wp\/v2\/types\/post"}],"author":[{"embeddable":true,"href":"https:\/\/noticiasveracruz.com\/index.php\/wp-json\/wp\/v2\/users\/4"}],"replies":[{"embeddable":true,"href":"https:\/\/noticiasveracruz.com\/index.php\/wp-json\/wp\/v2\/comments?post=11055"}],"version-history":[{"count":0,"href":"https:\/\/noticiasveracruz.com\/index.php\/wp-json\/wp\/v2\/posts\/11055\/revisions"}],"wp:featuredmedia":[{"embeddable":true,"href":"https:\/\/noticiasveracruz.com\/index.php\/wp-json\/wp\/v2\/media\/11056"}],"wp:attachment":[{"href":"https:\/\/noticiasveracruz.com\/index.php\/wp-json\/wp\/v2\/media?parent=11055"}],"wp:term":[{"taxonomy":"category","embeddable":true,"href":"https:\/\/noticiasveracruz.com\/index.php\/wp-json\/wp\/v2\/categories?post=11055"},{"taxonomy":"post_tag","embeddable":true,"href":"https:\/\/noticiasveracruz.com\/index.php\/wp-json\/wp\/v2\/tags?post=11055"}],"curies":[{"name":"wp","href":"https:\/\/api.w.org\/{rel}","templated":true}]}}