{"id":11050,"date":"2022-12-16T06:02:56","date_gmt":"2022-12-16T12:02:56","guid":{"rendered":"https:\/\/noticiasveracruz.com\/?p=11050"},"modified":"2022-12-16T07:05:52","modified_gmt":"2022-12-16T13:05:52","slug":"los-falsos-democratas","status":"publish","type":"post","link":"https:\/\/noticiasveracruz.com\/index.php\/2022\/12\/16\/los-falsos-democratas\/","title":{"rendered":"Los falsos dem\u00f3cratas"},"content":{"rendered":"<p>&nbsp;<\/p>\n<p class=\"p1\"><span style=\"font-size: 18pt;\"><strong>Por Aurelio Contreras Moreno<\/strong><\/span><\/p>\n<p class=\"p1\"><span style=\"font-size: 14pt;\">La discusi\u00f3n y aprobaci\u00f3n del llamado \u201cplan B\u201d electoral del lopezobradorismo fue una clar\u00edsima muestra de lo que representa el r\u00e9gimen que busca perpetuarse en el poder: sinraz\u00f3n, caprichos, componendas y un brutal hedor autoritario.<\/span><\/p>\n<p class=\"p1\"><span style=\"font-size: 14pt;\">Al estilo salinista del \u201cni los veo, ni los oigo\u201d, la infinita soberbia del lopezobradorismo hizo que sus legisladores ignoraran de plano cualquier llamado a la negociaci\u00f3n, al an\u00e1lisis, a la pol\u00edtica y al m\u00ednimo respeto a las formas legales, incurriendo en su lugar en sendos actos inconstitucionales en una reforma que refleja otra de las caracter\u00edsticas dominantes del r\u00e9gimen: su supina ignorancia y desprecio por la legalidad.<\/span><\/p>\n<p class=\"p1\"><span style=\"font-size: 14pt;\">A sabiendas de que la reforma es un rosario de ilegalidades que violentan la Constituci\u00f3n \u2013algunas de las cuales referimos en una entrega anterior de la R\u00fabrica-, Morena y sus r\u00e9moras \u2013que le salieron respondonas- aprobaron una enmienda legal hecha no sobre las rodillas, sino con las patas, en la que privaron dos objetivos: por un lado, desmantelar las instituciones del sistema electoral del pa\u00eds para hacerlas inoperantes, y por el otro, privilegiar los m\u00e1s mezquinos intereses de los grup\u00fasculos que se disputan rabiosos, a mordidas, los cotos de poder.<\/span><\/p>\n<p class=\"p1\"><span style=\"font-size: 14pt;\">La transferencia de votos con la que sanguijuelas como los partidos del Trabajo y Verde Ecologista pretendieron asegurarse \u201cvida eterna\u201d es una de las aberraciones pol\u00edticas y legales m\u00e1s insultantes que se han aprobado en un Congreso de la Uni\u00f3n convertido en circo de varias pistas, con un bloque oficialista insolente, burl\u00f3n y autoritario, y una oposici\u00f3n que sigue pagando su carencia de ideas, de visi\u00f3n de Estado y de unidad, as\u00ed como sus m\u00faltiples desatinos cometidos en un pasado no tan lejano. <\/span><\/p>\n<p class=\"p1\"><span style=\"font-size: 14pt;\">Aunque por la noche de este jueves el PVEM \u201crenunci\u00f3\u201d a la \u201cvida artificial\u201d luego de la amenaza de veto del presidente Andr\u00e9s Manuel L\u00f3pez Obrador, el Pleno de los diputados aprob\u00f3 el dictamen enviado de regreso por el Senado con dicha cl\u00e1usula incluida. Una muestra m\u00e1s de lo poco o nada que les importa la voluntad popular, lo cual tambi\u00e9n qued\u00f3 de manifiesto en otro bodrio jur\u00eddico incluido en el \u201cplan B\u201d.<\/span><\/p>\n<p class=\"p1\"><span style=\"font-size: 14pt;\">Se incluy\u00f3 un apartado en el que se permitir\u00e1 que los diputados busquen la reelecci\u00f3n \u2013como ya sucede- \u00a1pero por distritos diferentes a aquellos por los que fueron electos originalmente! Con lo cual, se echa a la basura lo \u00fanico que justificaba la existencia de esa figura: que los representantes populares rindieran cuentas ante sus electores para que \u00e9stos les refrenden o no la confianza.<\/span><\/p>\n<p class=\"p1\"><span style=\"font-size: 14pt;\">Vilmente, la reforma lopezobradorista le escamotea otro derecho a los mexicanos. Aunque finalmente, el principal derecho que la extraviada reformita electoral \u2013la constitucional era todav\u00eda peor- le conculca a los ciudadanos y ciudadanas de la Rep\u00fablica Mexicana es el de tener la certeza de que el resultado de las elecciones ser\u00e1 el que los votos otorguen y que a trav\u00e9s del sufragio se puede decidir cambiar al partido en el poder si lo hace mal.<\/span><\/p>\n<p class=\"p1\"><span style=\"font-size: 14pt;\">Quienes durante a\u00f1os desde la oposici\u00f3n y la \u201cizquierda\u201d lucharon por la equidad y legalidad en los procesos electorales, porque se escuchara la voz de las minor\u00edas excluidas, y que enarbolaron principios democr\u00e1ticos y de justicia para demandar pluralidad, hoy, ebrios, estupidizados de poder, quieren cancelar todo lo que construyeron, pues ya que llegaron a la cima, se quieren quedar ah\u00ed de por vida. Exactamente como aquellos a los que combatieron durante siete d\u00e9cadas.<\/span><\/p>\n<p class=\"p1\"><span style=\"font-size: 14pt;\">Hoy los vemos como lo que son: unos farsantes, unos falsos dem\u00f3cratas que han decidido igualarse con aquellos que dec\u00edan odiar. Pero que en realidad, era lo que aspiraban ser.<\/span><\/p>\n<p>&nbsp;<\/p>\n<p class=\"p1\"><span style=\"font-size: 18pt; color: #e42d33;\"><b>ASUETO\u00a0<\/b><\/span><\/p>\n<p class=\"p1\"><span style=\"font-size: 14pt;\">La R\u00fabrica y su autor se tomar\u00e1n un necesario descanso el resto del 2022, para reponer energ\u00eda y abrazar a la familia. A sus lectores y editores, gracias y felices fiestas.<\/span><\/p>\n<p>&nbsp;<\/p>\n<p>&nbsp;<\/p>\n<p>&nbsp;<\/p>\n<p class=\"p1\"><span style=\"font-size: 18pt;\"><strong>Correo: <a href=\"mailto:aureliocontreras@gmail.com\">aureliocontreras@gmail.com<\/a><\/strong><\/span><\/p>\n<p class=\"p1\"><span style=\"font-size: 18pt;\"><strong>Twitter: <a href=\"http:\/\/www.twitter.com\/yeyocontreras\">@yeyocontreras<\/a><\/strong><\/span><\/p>\n<p>&nbsp;<\/p>\n<p><span style=\"font-size: 18pt; color: #e42d33;\"><em><strong>**Las columnas firmadas en este medio son responsabilidad de quienes las firman**<\/strong><\/em><\/span><\/p>\n<p>&nbsp;<\/p>\n<p>&nbsp;<\/p>\n<p class=\"p1\">\n","protected":false},"excerpt":{"rendered":"<p>&nbsp; Por Aurelio Contreras Moreno La discusi\u00f3n y aprobaci\u00f3n del llamado \u201cplan B\u201d electoral del lopezobradorismo fue una clar\u00edsima muestra<\/p>\n","protected":false},"author":4,"featured_media":3578,"comment_status":"closed","ping_status":"closed","sticky":false,"template":"","format":"standard","meta":{"colormag_page_container_layout":"default_layout","colormag_page_sidebar_layout":"default_layout","_jetpack_memberships_contains_paid_content":false,"footnotes":"","jetpack_publicize_message":"","jetpack_publicize_feature_enabled":true,"jetpack_social_post_already_shared":true,"jetpack_social_options":{"image_generator_settings":{"template":"highway","default_image_id":0,"font":"","enabled":false},"version":2}},"categories":[6],"tags":[],"class_list":["post-11050","post","type-post","status-publish","format-standard","has-post-thumbnail","hentry","category-columnistas"],"jetpack_publicize_connections":[],"jetpack_featured_media_url":"https:\/\/noticiasveracruz.com\/wp-content\/uploads\/2022\/04\/P-AURELIO-CONTRERAS.png","jetpack_sharing_enabled":true,"publishpress_future_action":{"enabled":false,"date":"2026-05-06 16:07:48","action":"change-status","newStatus":"draft","terms":[],"taxonomy":"category","extraData":[]},"publishpress_future_workflow_manual_trigger":{"enabledWorkflows":[]},"_links":{"self":[{"href":"https:\/\/noticiasveracruz.com\/index.php\/wp-json\/wp\/v2\/posts\/11050","targetHints":{"allow":["GET"]}}],"collection":[{"href":"https:\/\/noticiasveracruz.com\/index.php\/wp-json\/wp\/v2\/posts"}],"about":[{"href":"https:\/\/noticiasveracruz.com\/index.php\/wp-json\/wp\/v2\/types\/post"}],"author":[{"embeddable":true,"href":"https:\/\/noticiasveracruz.com\/index.php\/wp-json\/wp\/v2\/users\/4"}],"replies":[{"embeddable":true,"href":"https:\/\/noticiasveracruz.com\/index.php\/wp-json\/wp\/v2\/comments?post=11050"}],"version-history":[{"count":0,"href":"https:\/\/noticiasveracruz.com\/index.php\/wp-json\/wp\/v2\/posts\/11050\/revisions"}],"wp:featuredmedia":[{"embeddable":true,"href":"https:\/\/noticiasveracruz.com\/index.php\/wp-json\/wp\/v2\/media\/3578"}],"wp:attachment":[{"href":"https:\/\/noticiasveracruz.com\/index.php\/wp-json\/wp\/v2\/media?parent=11050"}],"wp:term":[{"taxonomy":"category","embeddable":true,"href":"https:\/\/noticiasveracruz.com\/index.php\/wp-json\/wp\/v2\/categories?post=11050"},{"taxonomy":"post_tag","embeddable":true,"href":"https:\/\/noticiasveracruz.com\/index.php\/wp-json\/wp\/v2\/tags?post=11050"}],"curies":[{"name":"wp","href":"https:\/\/api.w.org\/{rel}","templated":true}]}}