{"id":11011,"date":"2022-12-15T07:40:31","date_gmt":"2022-12-15T13:40:31","guid":{"rendered":"https:\/\/noticiasveracruz.com\/?p=11011"},"modified":"2022-12-15T07:40:31","modified_gmt":"2022-12-15T13:40:31","slug":"en-apoyo-a-pedro-castillo-movimientos-sociales-en-peru-realizaran-un-paro-nacional","status":"publish","type":"post","link":"https:\/\/noticiasveracruz.com\/index.php\/2022\/12\/15\/en-apoyo-a-pedro-castillo-movimientos-sociales-en-peru-realizaran-un-paro-nacional\/","title":{"rendered":"En apoyo a Pedro Castillo, movimientos sociales en Per\u00fa realizar\u00e1n un paro nacional\u00a0"},"content":{"rendered":"<p class=\"p1\">\n<p class=\"p1\"><span style=\"font-size: 14pt;\"><em><strong>LIMA, PER\u00da.<\/strong><\/em> <strong>Organizaciones sociales, gremiales y movimientos ind\u00edgenas convocaron para este jueves un paro nacional en varias regiones de Per\u00fa<\/strong> en rechazo al gobierno de Dina Boluarte y en apoyo al expresidente Pedro Castillo.<\/span><\/p>\n<p class=\"p1\"><span style=\"font-size: 14pt;\">A pesar de que en la v\u00edspera el gobierno peruano declar\u00f3 el estado de emergencia por 30 d\u00edas en todo el pa\u00eds, los convocantes de las movilizaciones invitaron a los ciudadanos a sumarse a las protestas.<\/span><\/p>\n<p class=\"p1\"><span style=\"font-size: 18pt;\"><strong>Adem\u00e1s de expresar su rechazo a la presidenta Dina Boluarte, los manifestantes reclaman tambi\u00e9n el cierre del Congreso y el adelanto de las elecciones para el pr\u00f3ximo a\u00f1o.<\/strong><\/span><\/p>\n<p>&nbsp;<\/p>\n<blockquote class=\"twitter-tweet\" data-width=\"550\" data-dnt=\"true\">\n<p lang=\"es\" dir=\"ltr\">Este 15 de diciembre, a nivel nacional, la clase trabajadora toma las calles por el cierre del Congreso, elecciones generales y nueva Constituci\u00f3n. En Lima, nos vemos a las 4 de la tarde, en la Plaza Dos de Mayo.<\/p>\n<p>\u00a1Todo el poder para el pueblo!<br \/>\u00a1Abajo el Congreso ileg\u00edtimo! <a href=\"https:\/\/t.co\/xOdge9v9JT\">pic.twitter.com\/xOdge9v9JT<\/a><\/p>\n<p>&mdash; CGTP PERU (@cgt_peru) <a href=\"https:\/\/twitter.com\/cgt_peru\/status\/1601673060255666177?ref_src=twsrc%5Etfw\">December 10, 2022<\/a><\/p><\/blockquote>\n<p><script async src=\"https:\/\/platform.twitter.com\/widgets.js\" charset=\"utf-8\"><\/script><\/p>\n<p>&nbsp;<\/p>\n<p class=\"p1\"><span style=\"font-size: 18pt;\"><strong>Los convocantes al paro nacional indicaron que esperan masivas movilizaciones en las regiones de La Libertad, Arequipa, Lima, Cusco y Cajamarca.<\/strong><\/span><\/p>\n<p class=\"p1\"><span style=\"font-size: 18pt; color: #e42d33;\"><strong>De acuerdo a fuentes oficiales y de la Coordinadora Nacional de Derechos Humanos (Cnddhh) al menos ocho personas han muerto producto de la represi\u00f3n policial a las protestas.<\/strong><\/span><\/p>\n<p class=\"p1\"><span style=\"font-size: 18pt;\"><strong>En relaci\u00f3n al tema de las elecciones, el Pleno del Congreso debatir\u00e1 este jueves los proyectos de reforma constitucional que permitan el adelanto de elecciones generales y el recorte de los mandatos presidencial y parlamentario.\u00a0<\/strong><\/span><\/p>\n<p>&nbsp;<\/p>\n<blockquote class=\"twitter-tweet\" data-width=\"550\" data-dnt=\"true\">\n<p lang=\"es\" dir=\"ltr\">Ma\u00f1ana \u270a\ufe0f <a href=\"https:\/\/t.co\/NDQeuqONRT\">pic.twitter.com\/NDQeuqONRT<\/a><\/p>\n<p>&mdash; Patria Roja (@patriaroja) <a href=\"https:\/\/twitter.com\/patriaroja\/status\/1603163083765153792?ref_src=twsrc%5Etfw\">December 14, 2022<\/a><\/p><\/blockquote>\n<p><script async src=\"https:\/\/platform.twitter.com\/widgets.js\" charset=\"utf-8\"><\/script><\/p>\n<p>&nbsp;<\/p>\n<p class=\"p1\"><span style=\"font-size: 14pt;\">Al tratarse de una reforma a la Constituci\u00f3n se requiere votaci\u00f3n calificada (87 votos) en dos legislaturas o 66 votos y ratificada en refer\u00e9ndum.<\/span><\/p>\n<p class=\"p1\"><span style=\"font-size: 14pt;\">Las movilizaciones en Per\u00fa iniciaron luego que el Congreso destituyera a Pedro Castillo, despu\u00e9s que el expresidente anunciara la disoluci\u00f3n temporal del ente, y juramentara a Boluarte como presidenta.<\/span><\/p>\n<p class=\"p1\"><span style=\"font-size: 14pt;\">Sectores de la sociedad peruana tambi\u00e9n se han trasladado a la sede de la Direcci\u00f3n de Operaciones Especiales de la Polic\u00eda (Diroes) para expresar su respaldo a Castillo y exigir su liberaci\u00f3n.<\/span><\/p>\n<p>&nbsp;<\/p>\n<blockquote class=\"twitter-tweet\" data-width=\"550\" data-dnt=\"true\">\n<p lang=\"es\" dir=\"ltr\"><a href=\"https:\/\/twitter.com\/hashtag\/Per%C3%BA?src=hash&amp;ref_src=twsrc%5Etfw\">#Per\u00fa<\/a> Convocan a movilizaci\u00f3n y paro nacional para el 13, 14 y 15 de diciembre. Piden:<\/p>\n<p>&#8211; Castillo Libertad<br \/>&#8211; Cierre del Congreso<br \/>&#8211; Nuevas elecciones generales<br \/>&#8211; Asaamblea Constituyente <a href=\"https:\/\/t.co\/y9EKGXPNuq\">pic.twitter.com\/y9EKGXPNuq<\/a><\/p>\n<p>&mdash; JAIME HERRERA (@JaimeHerreraCaj) <a href=\"https:\/\/twitter.com\/JaimeHerreraCaj\/status\/1601595869853548544?ref_src=twsrc%5Etfw\">December 10, 2022<\/a><\/p><\/blockquote>\n<p><script async src=\"https:\/\/platform.twitter.com\/widgets.js\" charset=\"utf-8\"><\/script><\/p>\n<p>&nbsp;<\/p>\n<p>&nbsp;<\/p>\n","protected":false},"excerpt":{"rendered":"<p>LIMA, PER\u00da. Organizaciones sociales, gremiales y movimientos ind\u00edgenas convocaron para este jueves un paro nacional en varias regiones de Per\u00fa<\/p>\n","protected":false},"author":4,"featured_media":11012,"comment_status":"closed","ping_status":"closed","sticky":false,"template":"","format":"standard","meta":{"colormag_page_container_layout":"default_layout","colormag_page_sidebar_layout":"default_layout","_jetpack_memberships_contains_paid_content":false,"footnotes":"","jetpack_publicize_message":"","jetpack_publicize_feature_enabled":true,"jetpack_social_post_already_shared":true,"jetpack_social_options":{"image_generator_settings":{"template":"highway","default_image_id":0,"font":"","enabled":false},"version":2}},"categories":[355],"tags":[947,1744,413],"class_list":["post-11011","post","type-post","status-publish","format-standard","has-post-thumbnail","hentry","category-internacional","tag-paro-nacional","tag-pedro-castillo","tag-peru"],"jetpack_publicize_connections":[],"jetpack_featured_media_url":"https:\/\/noticiasveracruz.com\/wp-content\/uploads\/2022\/12\/P-PERU-MANIFESTACIONES.png","jetpack_sharing_enabled":true,"publishpress_future_action":{"enabled":false,"date":"2026-05-07 07:49:50","action":"change-status","newStatus":"draft","terms":[],"taxonomy":"category","extraData":[]},"publishpress_future_workflow_manual_trigger":{"enabledWorkflows":[]},"_links":{"self":[{"href":"https:\/\/noticiasveracruz.com\/index.php\/wp-json\/wp\/v2\/posts\/11011","targetHints":{"allow":["GET"]}}],"collection":[{"href":"https:\/\/noticiasveracruz.com\/index.php\/wp-json\/wp\/v2\/posts"}],"about":[{"href":"https:\/\/noticiasveracruz.com\/index.php\/wp-json\/wp\/v2\/types\/post"}],"author":[{"embeddable":true,"href":"https:\/\/noticiasveracruz.com\/index.php\/wp-json\/wp\/v2\/users\/4"}],"replies":[{"embeddable":true,"href":"https:\/\/noticiasveracruz.com\/index.php\/wp-json\/wp\/v2\/comments?post=11011"}],"version-history":[{"count":0,"href":"https:\/\/noticiasveracruz.com\/index.php\/wp-json\/wp\/v2\/posts\/11011\/revisions"}],"wp:featuredmedia":[{"embeddable":true,"href":"https:\/\/noticiasveracruz.com\/index.php\/wp-json\/wp\/v2\/media\/11012"}],"wp:attachment":[{"href":"https:\/\/noticiasveracruz.com\/index.php\/wp-json\/wp\/v2\/media?parent=11011"}],"wp:term":[{"taxonomy":"category","embeddable":true,"href":"https:\/\/noticiasveracruz.com\/index.php\/wp-json\/wp\/v2\/categories?post=11011"},{"taxonomy":"post_tag","embeddable":true,"href":"https:\/\/noticiasveracruz.com\/index.php\/wp-json\/wp\/v2\/tags?post=11011"}],"curies":[{"name":"wp","href":"https:\/\/api.w.org\/{rel}","templated":true}]}}