{"id":11006,"date":"2022-12-15T07:21:42","date_gmt":"2022-12-15T13:21:42","guid":{"rendered":"https:\/\/noticiasveracruz.com\/?p=11006"},"modified":"2022-12-15T07:22:26","modified_gmt":"2022-12-15T13:22:26","slug":"ayuntamiento-de-tuxpan-dara-banderazo-de-inicio-de-la-operacion-salvavidas-invierno-2022","status":"publish","type":"post","link":"https:\/\/noticiasveracruz.com\/index.php\/2022\/12\/15\/ayuntamiento-de-tuxpan-dara-banderazo-de-inicio-de-la-operacion-salvavidas-invierno-2022\/","title":{"rendered":"Este s\u00e1bado, Ayuntamiento de Tuxpan dar\u00e1 banderazo a la \u201cOperaci\u00f3n Salvavidas Invierno 2022\u201d"},"content":{"rendered":"<p class=\"p1\"><span style=\"font-size: 14pt;\"><em><strong>TUXPAN, VERACRUZ.<\/strong><span class=\"Apple-converted-space\"><strong>\u00a0<\/strong> <\/span><\/em><strong>El Ayuntamiento de Tuxpan y la Quinta Zona Naval<\/strong> invitan a la ciudadan\u00eda al <strong>banderazo de salida de la \u201cOperaci\u00f3n Salvavidas Invierno 2022\u201d<\/strong>, que implementar\u00e1 la Secretar\u00eda de Marina Armada de M\u00e9xico.<\/span><\/p>\n<p class=\"p1\"><span style=\"font-size: 18pt;\"><strong>El banderazo se llevar\u00e1 a cabo este s\u00e1bado 17 de diciembre a las 10:30 horas en la Plaza C\u00edvica Municipal. <\/strong><\/span><\/p>\n<p>&nbsp;<\/p>\n<p><img loading=\"lazy\" decoding=\"async\" class=\"aligncenter wp-image-13743 size-large\" src=\"https:\/\/politicosaldesnudo.com.mx\/wp-content\/uploads\/2022\/12\/P-OPERACION-SALVAVIDAS-2-1024x573.png\" alt=\"\" width=\"800\" height=\"448\" \/><\/p>\n<p>&nbsp;<\/p>\n<p class=\"p1\"><span style=\"font-size: 18pt;\"><strong>Adem\u00e1s, habr\u00e1 un desfile naval y una demostraci\u00f3n de b\u00fasqueda y rescate y desembarco; as\u00ed como una actividad especial para fortalecer nuestros valores y nuestra identidad. <\/strong><\/span><\/p>\n<p class=\"p1\"><span style=\"font-size: 14pt;\">Este operativo tiene como objetivo proporcionar seguridad y vigilancia, protegiendo la integridad de los vacacionistas nacionales e internacionales que visiten nuestro municipio durante la temporada vacacional de invierno.<\/span><\/p>\n<p>&nbsp;<\/p>\n<p>&nbsp;<\/p>\n","protected":false},"excerpt":{"rendered":"<p>TUXPAN, VERACRUZ.\u00a0 El Ayuntamiento de Tuxpan y la Quinta Zona Naval invitan a la ciudadan\u00eda al banderazo de salida de<\/p>\n","protected":false},"author":4,"featured_media":11007,"comment_status":"closed","ping_status":"closed","sticky":false,"template":"","format":"standard","meta":{"colormag_page_container_layout":"default_layout","colormag_page_sidebar_layout":"default_layout","_jetpack_memberships_contains_paid_content":false,"footnotes":"","jetpack_publicize_message":"","jetpack_publicize_feature_enabled":true,"jetpack_social_post_already_shared":true,"jetpack_social_options":{"image_generator_settings":{"template":"highway","default_image_id":0,"font":"","enabled":false},"version":2}},"categories":[356],"tags":[1842,72,73],"class_list":["post-11006","post","type-post","status-publish","format-standard","has-post-thumbnail","hentry","category-veracruz","tag-operacion-salvavidas","tag-tuxpan","tag-veracruz"],"jetpack_publicize_connections":[],"jetpack_featured_media_url":"https:\/\/noticiasveracruz.com\/wp-content\/uploads\/2022\/12\/P-OPERACION-SALVAVIDAS-1.png","jetpack_sharing_enabled":true,"publishpress_future_action":{"enabled":false,"date":"2026-05-07 06:53:36","action":"change-status","newStatus":"draft","terms":[],"taxonomy":"category","extraData":[]},"publishpress_future_workflow_manual_trigger":{"enabledWorkflows":[]},"_links":{"self":[{"href":"https:\/\/noticiasveracruz.com\/index.php\/wp-json\/wp\/v2\/posts\/11006","targetHints":{"allow":["GET"]}}],"collection":[{"href":"https:\/\/noticiasveracruz.com\/index.php\/wp-json\/wp\/v2\/posts"}],"about":[{"href":"https:\/\/noticiasveracruz.com\/index.php\/wp-json\/wp\/v2\/types\/post"}],"author":[{"embeddable":true,"href":"https:\/\/noticiasveracruz.com\/index.php\/wp-json\/wp\/v2\/users\/4"}],"replies":[{"embeddable":true,"href":"https:\/\/noticiasveracruz.com\/index.php\/wp-json\/wp\/v2\/comments?post=11006"}],"version-history":[{"count":0,"href":"https:\/\/noticiasveracruz.com\/index.php\/wp-json\/wp\/v2\/posts\/11006\/revisions"}],"wp:featuredmedia":[{"embeddable":true,"href":"https:\/\/noticiasveracruz.com\/index.php\/wp-json\/wp\/v2\/media\/11007"}],"wp:attachment":[{"href":"https:\/\/noticiasveracruz.com\/index.php\/wp-json\/wp\/v2\/media?parent=11006"}],"wp:term":[{"taxonomy":"category","embeddable":true,"href":"https:\/\/noticiasveracruz.com\/index.php\/wp-json\/wp\/v2\/categories?post=11006"},{"taxonomy":"post_tag","embeddable":true,"href":"https:\/\/noticiasveracruz.com\/index.php\/wp-json\/wp\/v2\/tags?post=11006"}],"curies":[{"name":"wp","href":"https:\/\/api.w.org\/{rel}","templated":true}]}}