{"id":11004,"date":"2022-12-15T07:14:17","date_gmt":"2022-12-15T13:14:17","guid":{"rendered":"https:\/\/noticiasveracruz.com\/?p=11004"},"modified":"2022-12-15T07:14:17","modified_gmt":"2022-12-15T13:14:17","slug":"edomex-entra-a-sus-momentos-de-definicion","status":"publish","type":"post","link":"https:\/\/noticiasveracruz.com\/index.php\/2022\/12\/15\/edomex-entra-a-sus-momentos-de-definicion\/","title":{"rendered":"Edomex entra a sus momentos de definici\u00f3n"},"content":{"rendered":"<p>&nbsp;<\/p>\n<p><span style=\"font-size: 18pt;\"><strong>Por Jos\u00e9 Ure\u00f1a<\/strong><\/span><\/p>\n<p class=\"p1\"><span style=\"font-size: 14pt;\">El Estado de M\u00e9xico est\u00e1 por cimbrarse. Oficialmente hoy comienza el mes para concertar y registrar las alianzas contendientes, tanto la gobiernista como la de Va por M\u00e9xico.<\/span><\/p>\n<p class=\"p1\"><span style=\"font-size: 14pt;\">La primera, ya lo sabemos, es organizada desde Palacio Nacional a favor de Delfina G\u00f3mez, quien buscar\u00e1 la gubernatura por segunda ocasi\u00f3n.La opositora, es previsible, ser\u00e1 encabezada por Alejandra del Moral sin necesidad de medirse en encuestas o primarias con el panista Enrique Vargas.<\/span><\/p>\n<p class=\"p1\"><span style=\"font-size: 14pt;\">El diputado y exalcalde de Huixquilucan ha desistido de contender como abanderado y aceptado integrarse e integrar su estructura en espera de competir bajo tres condiciones:La primera: la unidad del priismo como mensaje a las militancias de los partidos aliancistas, lo cual supone la incorporaci\u00f3n de la finalista tricolor Ana Lilia Herrera.<\/span><\/p>\n<p class=\"p1\"><span style=\"font-size: 14pt;\">La segunda: la ratificaci\u00f3n del frente de las tres organizaciones -PAN, PRI y PRD-, as\u00ed como grupos inconformes morenistas y emecistas interesados en vencer al Gobierno federal y a su partido.<\/span><\/p>\n<p class=\"p1\"><span style=\"font-size: 14pt;\">Y la tercera: trabajo coordinado en todo el territorio mexiquense para ganar bajo un proyecto definido y garant\u00edas de Gobierno de coalici\u00f3n, primer experimento en el pa\u00eds de ese tipo.<\/span><\/p>\n<p>&nbsp;<\/p>\n<p class=\"p1\"><span style=\"font-size: 18pt; color: #e42d33;\"><strong>BIENVENIDA EN PUERTA<\/strong><\/span><\/p>\n<p class=\"p1\"><span style=\"font-size: 14pt;\">Cada partido mueve sus piezas.Por fin han decidido actuar conjuntamente las dirigencias nacionales -Alejandro Moreno, Marko Cort\u00e9s y Jes\u00fas Zambrano- con las estatales.<\/span><\/p>\n<p class=\"p1\"><span style=\"font-size: 14pt;\">Con ese prop\u00f3sito se programa para el viernes la reuni\u00f3n de Consejo Pol\u00edtico del PRI donde se dar\u00eda la bienvenida a la diputada federal Ana Lilia Herrera.Con una acotaci\u00f3n period\u00edstica: las negociaciones llevan tiempo, van muy avanzadas y, seg\u00fan el Comit\u00e9 Nacional de Alito, s\u00f3lo faltan detalles para la fotograf\u00eda tan esperada.<\/span><\/p>\n<p class=\"p1\"><span style=\"font-size: 14pt;\">-Todav\u00eda muchos desconf\u00edan de la alianza en el Estado de M\u00e9xico\u2026<\/span><\/p>\n<p class=\"p1\"><span style=\"font-size: 14pt;\">-Yo no. Puedo decir que veo disposici\u00f3n en Ana Lilia y ya ha decidido sumarse. Enrique Vargas (PAN) ha sido muy generoso y apoya mucho, y Omar Ortega (PRD) tambi\u00e9n est\u00e1 entregado\u2026 Va a ser un buen cierre de a\u00f1o.<\/span><\/p>\n<p class=\"p1\"><span style=\"font-size: 14pt;\">Con este panorama, todo est\u00e1 resuelto: no ser\u00e1n necesarios debates ni encuestas y menos votaciones para medir popularidades y comparar perfiles entre los tres prospectos.<\/span><\/p>\n<p>&nbsp;<\/p>\n<p class=\"p1\"><span style=\"font-size: 18pt; color: #e42d33;\"><strong>NATURALES DE PUEBLA<\/strong><\/span><\/p>\n<p class=\"p1\"><span style=\"font-size: 14pt;\">Cada quien tendr\u00e1 su prospecto. Pero desde el centro hay dos perfiles para ocupar el espacio dejado por el poblano Miguel Barbosa al final de una larga enfermedad y varios sustos.<\/span><\/p>\n<p class=\"p1\"><span style=\"font-size: 14pt;\">El sucesor, nadie lo dude, saldr\u00e1 de Palacio Nacional.<\/span><\/p>\n<p class=\"p1\"><span style=\"font-size: 14pt;\">La cortes\u00eda pol\u00edtica obliga a avalar a un morenista y no habr\u00e1 resistencia porque 17 diputados locales, donde se dar\u00e1 legitimidad a la imposici\u00f3n, son de ese partido y adem\u00e1s contar\u00e1n con el respaldo de cinco petistas y tres verdes.<\/span><\/p>\n<p class=\"p1\"><span style=\"font-size: 14pt;\">En espera del dedazo, dos son los candidatos naturales: Alejandro Armenta, presidente del Senado, e Ignacio Mier, alfil del Gobierno en la C\u00e1mara de Diputados.<\/span><\/p>\n<p class=\"p1\"><span style=\"font-size: 14pt;\">Aqu\u00e9l tiene el respaldo de la bancada senatorial, pero se le considera af\u00edn al aspirante presidencial Ricardo Monreal, en tanto \u00e9ste espera premios por acciones como el albazo electoral.Un inconveniente para ambos: su gubernatura sucesora terminar\u00eda el per\u00edodo de la panista Martha \u00c9rika Alonso (diciembre de 2024) y no podr\u00e1n contender, como aspiran, para un per\u00edodo de seis a\u00f1os. Pero m\u00e1s vale, deber\u00e1n ponderar, gubernatura en mano y no esperar una incierta.<\/span><\/p>\n<p>&nbsp;<\/p>\n<p>&nbsp;<\/p>\n<p><span style=\"font-size: 18pt; color: #e42d33;\"><em><strong>**Las columnas firmadas en este medio son responsabilidad de quienes las firman**<\/strong><\/em><\/span><\/p>\n<p>&nbsp;<\/p>\n","protected":false},"excerpt":{"rendered":"<p>&nbsp; Por Jos\u00e9 Ure\u00f1a El Estado de M\u00e9xico est\u00e1 por cimbrarse. Oficialmente hoy comienza el mes para concertar y registrar<\/p>\n","protected":false},"author":4,"featured_media":3258,"comment_status":"closed","ping_status":"closed","sticky":false,"template":"","format":"standard","meta":{"colormag_page_container_layout":"default_layout","colormag_page_sidebar_layout":"default_layout","_jetpack_memberships_contains_paid_content":false,"footnotes":"","jetpack_publicize_message":"","jetpack_publicize_feature_enabled":true,"jetpack_social_post_already_shared":true,"jetpack_social_options":{"image_generator_settings":{"template":"highway","default_image_id":0,"font":"","enabled":false},"version":2}},"categories":[6],"tags":[],"class_list":["post-11004","post","type-post","status-publish","format-standard","has-post-thumbnail","hentry","category-columnistas"],"jetpack_publicize_connections":[],"jetpack_featured_media_url":"https:\/\/noticiasveracruz.com\/wp-content\/uploads\/2022\/04\/JOSE\u0301-UREN\u0303A.png","jetpack_sharing_enabled":true,"publishpress_future_action":{"enabled":false,"date":"2026-05-07 06:08:42","action":"change-status","newStatus":"draft","terms":[],"taxonomy":"category","extraData":[]},"publishpress_future_workflow_manual_trigger":{"enabledWorkflows":[]},"_links":{"self":[{"href":"https:\/\/noticiasveracruz.com\/index.php\/wp-json\/wp\/v2\/posts\/11004","targetHints":{"allow":["GET"]}}],"collection":[{"href":"https:\/\/noticiasveracruz.com\/index.php\/wp-json\/wp\/v2\/posts"}],"about":[{"href":"https:\/\/noticiasveracruz.com\/index.php\/wp-json\/wp\/v2\/types\/post"}],"author":[{"embeddable":true,"href":"https:\/\/noticiasveracruz.com\/index.php\/wp-json\/wp\/v2\/users\/4"}],"replies":[{"embeddable":true,"href":"https:\/\/noticiasveracruz.com\/index.php\/wp-json\/wp\/v2\/comments?post=11004"}],"version-history":[{"count":0,"href":"https:\/\/noticiasveracruz.com\/index.php\/wp-json\/wp\/v2\/posts\/11004\/revisions"}],"wp:featuredmedia":[{"embeddable":true,"href":"https:\/\/noticiasveracruz.com\/index.php\/wp-json\/wp\/v2\/media\/3258"}],"wp:attachment":[{"href":"https:\/\/noticiasveracruz.com\/index.php\/wp-json\/wp\/v2\/media?parent=11004"}],"wp:term":[{"taxonomy":"category","embeddable":true,"href":"https:\/\/noticiasveracruz.com\/index.php\/wp-json\/wp\/v2\/categories?post=11004"},{"taxonomy":"post_tag","embeddable":true,"href":"https:\/\/noticiasveracruz.com\/index.php\/wp-json\/wp\/v2\/tags?post=11004"}],"curies":[{"name":"wp","href":"https:\/\/api.w.org\/{rel}","templated":true}]}}