{"id":10987,"date":"2022-12-14T03:13:50","date_gmt":"2022-12-14T09:13:50","guid":{"rendered":"https:\/\/noticiasveracruz.com\/?p=10987"},"modified":"2022-12-14T03:14:38","modified_gmt":"2022-12-14T09:14:38","slug":"panistas-le-temen-a-la-carcel","status":"publish","type":"post","link":"https:\/\/noticiasveracruz.com\/index.php\/2022\/12\/14\/panistas-le-temen-a-la-carcel\/","title":{"rendered":"Panistas le temen a la c\u00e1rcel"},"content":{"rendered":"<p>&nbsp;<\/p>\n<p><span style=\"font-size: 18pt;\"><strong>Por Jos\u00e9 P\u00e1ramo Castro<\/strong><\/span><\/p>\n<p><span style=\"font-size: 18pt;\"><strong>Cada d\u00eda el PAN se esfuerza en mostrar a la poblaci\u00f3n de su inclinaci\u00f3n por el delito. Hace unos d\u00edas los panistas de la CdMx exigi\u00f3 a la Fiscal\u00eda General de Justicia informar sobre si los legisladores federales y locales, as\u00ed como alcaldes de su partido, tienen alguna investigaci\u00f3n abierta en su contra y, en su caso, que se les otorgue el acceso a la carpeta correspondiente, mostrando una angustia inocultable.<\/strong><\/span><\/p>\n<p><span style=\"font-size: 14pt;\">Quieren saber si est\u00e1n incluidos en las denuncias para ampararse y preparar su defensa. Tienen la conciencia tan sucia que ya no pueden m\u00e1s y se mostraron impacientes por saber si les cayeron o pasaron inadvertidos ante la justicia.<\/span><\/p>\n<p><span style=\"font-size: 18pt;\"><strong>En el c\u00e1rtel inmobiliario est\u00e1n implicados muchos panistas, ya sea por acci\u00f3n o por omisi\u00f3n o por complicidad silenciosa o encubrimiento como podr\u00eda ser el caso de la sobrina de Margarita Zavala, Mariana G\u00f3mez del Campo, quien en el momento en que Jorge Romero realizaba el dise\u00f1o de la gran estaba inmobiliaria, era su pareja sentimental, de ah\u00ed que haya dicho que exige le informen los nombres de los implicados en este fraude. Lo que quieren es salir librados de las acusaciones. Saben que son culpables y que faltan muchos por ser nombrados y otros tantos por ser descubiertos.<\/strong><\/span><\/p>\n<p>&nbsp;<\/p>\n<p><img loading=\"lazy\" decoding=\"async\" class=\"aligncenter wp-image-13723 size-large\" src=\"https:\/\/politicosaldesnudo.com.mx\/wp-content\/uploads\/2022\/12\/P-PAN-CARTEL-INMOBILIARIO-1024x573.png\" alt=\"\" width=\"800\" height=\"448\" \/><\/p>\n<p>&nbsp;<\/p>\n<p><span style=\"font-size: 18pt; color: #e42d33;\"><strong>Esta exigencia tiene como pretexto la fantasiosa persecuci\u00f3n pol\u00edtica que argumentan los panistas, luego de la orden de aprehensi\u00f3n girada en contra del coordinador de la bancada albiazul en el Congreso de la CdMx, Christian Von Roehrich, se\u00f1alado por presunta corrupci\u00f3n con relaci\u00f3n al llamado \u201cc\u00e1rtel inmobiliario de la Benito Ju\u00e1rez\u201d.<\/strong><\/span><\/p>\n<p><span style=\"font-size: 18pt;\"><strong>A dicha protesta asisti\u00f3 el coordinador del PAN en San L\u00e1zaro, Jorge Romero Herrera; los alcaldes de Benito Ju\u00e1rez y Miguel Hidalgo, Santiago Taboada y Mauricio Tabe; Kenia L\u00f3pez Rabad\u00e1n, as\u00ed como diputados y concejales locales.<\/strong><\/span><\/p>\n<p><span style=\"font-size: 14pt;\">Santiago Taboada, alcalde de Benito Ju\u00e1rez, dijo que los integrantes del PAN no han sido notificados de ning\u00fan proceso legal, \u201cporque ni Christian Von Roehrich, (pr\u00f3fugo de la justicia), fue notificado de una carpeta de investigaci\u00f3n en su contra, pero qu\u00e9 tal 26 muertos en una l\u00ednea del Metro y ni un citatorio en m\u00e1s de un a\u00f1o de que ese acontecimiento ocurri\u00f3\u201d. El problema del metro fue un accidente, tal vez por negligencia o incapacidad, no se compara con un delito premeditado y con un potencial de n\u00famero de muertos mucho mayor. Si este c\u00e1rtel inmobiliario no hubiera sido descubierto la muerte esperaba a m\u00e1s de 100 personas que viven en estructuras fr\u00e1giles y con una bomba de tiempo en sus instalaciones de gas. Porque no les interesa que la gente muera con tal de ganar dinero. Est\u00e1n confundidos y quieren confundir.<\/span><\/p>\n<p><span style=\"font-size: 18pt;\"><strong>Los panistas con proclives a los delitos y una muestra muy reciente de ello es la condici\u00f3n de saqueo en que dejaron las oficinas del gobierno del estado de Tamaulipas, por lo que se presentaron, hasta ahorita, 18 denuncias administrativas con 35 funcionarios, todos panistas de la administraci\u00f3n de\u00a0Francisco Javier Garc\u00eda Cabeza de Vaca,\u00a0por da\u00f1os al erario superiores a 500 millones de pesos.<\/strong><\/span><\/p>\n<p><span style=\"font-size: 14pt;\">El gobernador Am\u00e9rico Villarreal denunci\u00f3 que tambi\u00e9n detectaron los delitos de peculado, coalici\u00f3n de servidores p\u00fablicos y uso il\u00edcito de atribuciones en el Sistema Estatal para el DIF, y en la Comisi\u00f3n Estatal de Agua Potable.<\/span><\/p>\n<p><span style=\"font-size: 14pt;\">Detall\u00f3 que en la Secretar\u00eda de Salud hay un faltante de 242 tabletas electr\u00f3nicas, 94 computadoras port\u00e1tiles, as\u00ed como de equipos de impresi\u00f3n, c\u00f3mputo y escaneo.<\/span><\/p>\n<p><span style=\"font-size: 14pt;\">Seguramente los panistas en la CdMx argumentar\u00e1n que se trata de una persecuci\u00f3n pol\u00edtica, cuando en realidad es descubrir el verdadero rostro de un panismo con poca vocaci\u00f3n pol\u00edtica pero una gran obsesi\u00f3n por el delito.<\/span><\/p>\n<p>&nbsp;<\/p>\n<p><span style=\"font-size: 18pt; color: #e42d33;\"><em><strong>**Las columnas firmadas en este medio son responsabilidad de quienes las firman**<\/strong><\/em><\/span><\/p>\n<p>&nbsp;<\/p>\n","protected":false},"excerpt":{"rendered":"<p>&nbsp; Por Jos\u00e9 P\u00e1ramo Castro Cada d\u00eda el PAN se esfuerza en mostrar a la poblaci\u00f3n de su inclinaci\u00f3n por<\/p>\n","protected":false},"author":4,"featured_media":3569,"comment_status":"closed","ping_status":"closed","sticky":false,"template":"","format":"standard","meta":{"colormag_page_container_layout":"default_layout","colormag_page_sidebar_layout":"default_layout","_jetpack_memberships_contains_paid_content":false,"footnotes":"","jetpack_publicize_message":"","jetpack_publicize_feature_enabled":true,"jetpack_social_post_already_shared":true,"jetpack_social_options":{"image_generator_settings":{"template":"highway","default_image_id":0,"font":"","enabled":false},"version":2}},"categories":[6],"tags":[1839,1815,134,1812,74],"class_list":["post-10987","post","type-post","status-publish","format-standard","has-post-thumbnail","hentry","category-columnistas","tag-alcaldia-benito-juarez","tag-cartel-inmobiliario","tag-cdmx","tag-christian-von-roehrich","tag-pan"],"jetpack_publicize_connections":[],"jetpack_featured_media_url":"https:\/\/noticiasveracruz.com\/wp-content\/uploads\/2022\/04\/NV-JOSE\u0301-PA\u0301RAMO.png","jetpack_sharing_enabled":true,"publishpress_future_action":{"enabled":false,"date":"2026-05-07 04:30:35","action":"change-status","newStatus":"draft","terms":[],"taxonomy":"category","extraData":[]},"publishpress_future_workflow_manual_trigger":{"enabledWorkflows":[]},"_links":{"self":[{"href":"https:\/\/noticiasveracruz.com\/index.php\/wp-json\/wp\/v2\/posts\/10987","targetHints":{"allow":["GET"]}}],"collection":[{"href":"https:\/\/noticiasveracruz.com\/index.php\/wp-json\/wp\/v2\/posts"}],"about":[{"href":"https:\/\/noticiasveracruz.com\/index.php\/wp-json\/wp\/v2\/types\/post"}],"author":[{"embeddable":true,"href":"https:\/\/noticiasveracruz.com\/index.php\/wp-json\/wp\/v2\/users\/4"}],"replies":[{"embeddable":true,"href":"https:\/\/noticiasveracruz.com\/index.php\/wp-json\/wp\/v2\/comments?post=10987"}],"version-history":[{"count":0,"href":"https:\/\/noticiasveracruz.com\/index.php\/wp-json\/wp\/v2\/posts\/10987\/revisions"}],"wp:featuredmedia":[{"embeddable":true,"href":"https:\/\/noticiasveracruz.com\/index.php\/wp-json\/wp\/v2\/media\/3569"}],"wp:attachment":[{"href":"https:\/\/noticiasveracruz.com\/index.php\/wp-json\/wp\/v2\/media?parent=10987"}],"wp:term":[{"taxonomy":"category","embeddable":true,"href":"https:\/\/noticiasveracruz.com\/index.php\/wp-json\/wp\/v2\/categories?post=10987"},{"taxonomy":"post_tag","embeddable":true,"href":"https:\/\/noticiasveracruz.com\/index.php\/wp-json\/wp\/v2\/tags?post=10987"}],"curies":[{"name":"wp","href":"https:\/\/api.w.org\/{rel}","templated":true}]}}