{"id":10922,"date":"2022-12-12T00:35:07","date_gmt":"2022-12-12T06:35:07","guid":{"rendered":"https:\/\/noticiasveracruz.com\/?p=10922"},"modified":"2022-12-12T00:21:24","modified_gmt":"2022-12-12T06:21:24","slug":"club-de-periodistas-premia-los-esfuerzos-de-quienes-tienen-como-bandera-la-verdad","status":"publish","type":"post","link":"https:\/\/noticiasveracruz.com\/index.php\/2022\/12\/12\/club-de-periodistas-premia-los-esfuerzos-de-quienes-tienen-como-bandera-la-verdad\/","title":{"rendered":"Club de Periodistas premia los esfuerzos de quienes tienen como bandera la verdad"},"content":{"rendered":"<p>&nbsp;<\/p>\n<p>&nbsp;<\/p>\n<p class=\"p1\"><span style=\"font-size: 18pt;\"><b>Por \u00c1ngel \u00c1lvaro Pe\u00f1a<\/b><\/span><\/p>\n<p class=\"p1\"><span style=\"font-size: 14pt;\">El mi\u00e9rcoles 9 de septiembre se entreg\u00f3 el Premio Nacional de Periodismo a lo mejor del pa\u00eds y del extranjero en materia de informaci\u00f3n. Los asistentes hab\u00edan sido notificados desde d\u00edas antes de un galard\u00f3n que todo periodista espera, el ambiente de emoci\u00f3n y camarader\u00eda priv\u00f3 en el bello edificio del Club de Periodistas que termin\u00f3 de construirse en 1676, dando vida al Hospital para pobres durante la Colonia.<\/span><\/p>\n<p class=\"p1\"><span style=\"font-size: 18pt;\"><strong>Celeste S\u00e1enz, Secretar\u00eda General del Club de Periodistas coment\u00f3 en su discurso inaugural:\u00a0\u201choy, en el\u00a0Club de Periodistas de M\u00e9xico, desde este templo de la libertad, manifestamos nuestra solidaridad con toda la familia de los periodistas asesinados en el mundo, y en nuestro pa\u00eds\u201d.<\/strong><\/span><\/p>\n<p>&nbsp;<\/p>\n<p><img loading=\"lazy\" decoding=\"async\" class=\"aligncenter wp-image-13649 size-large\" src=\"https:\/\/politicosaldesnudo.com.mx\/wp-content\/uploads\/2022\/12\/P-CLUB-DE-PERIODISTAS-2-1024x573.png\" alt=\"\" width=\"800\" height=\"448\" \/><\/p>\n<p>&nbsp;<\/p>\n<p class=\"p1\"><span style=\"font-size: 14pt;\">Mario M\u00e9ndez Acosta, presidente del Club de Periodistas de M\u00e9xico, dijo que <span class=\"s1\">\u201c<\/span>las tareas de los comunicadores que buscan con su labor cotidiana, es lo que en verdad importa de la poblaci\u00f3n, necesitan ser estimulados y eso es lo que ha propuesto hacer el club de periodistas con este certamen\u201d.<\/span><\/p>\n<p class=\"p1\"><span style=\"font-size: 18pt;\"><strong>Jes\u00fas\u00a0Ram\u00edrez\u00a0Cuevas\u00a0coordinador de Comunicaci\u00f3n Social de la\u00a0Presidencia de la Rep\u00fablica\u00a0dijo <span class=\"s1\">\u201c<\/span>qu\u00e9 el periodismo es una profesi\u00f3n, es un oficio imprescindible para la construcci\u00f3n de una sociedad mejor, hoy como nunca d\u00f3nde la tecnolog\u00eda de la informaci\u00f3n domina en la vida cotidiana donde le dedicamos m\u00e1s tiempo de nuestra vida a consultar los dispositivos m\u00f3viles y a las computadoras, que saludar que incluso a contemplar el paisaje; es importante la labor del periodista es imprescindible\u201d.<\/strong><\/span><\/p>\n<p>&nbsp;<\/p>\n<p><img loading=\"lazy\" decoding=\"async\" class=\"aligncenter wp-image-13651 size-large\" src=\"https:\/\/politicosaldesnudo.com.mx\/wp-content\/uploads\/2022\/12\/P-CLUB-DE-PERIODISTAS-4-1024x573.png\" alt=\"\" width=\"800\" height=\"448\" \/><\/p>\n<p>&nbsp;<\/p>\n<p class=\"p1\"><span style=\"font-size: 14pt;\">Asegur\u00f3 que el certamen nacional de periodismo reafirma la necesidad de reconocer el buen periodismo comprometido con la sociedad.<\/span><\/p>\n<p class=\"p1\"><span style=\"font-size: 18pt; color: #e42d33;\"><strong>A\u00f1adi\u00f3: <span class=\"s1\">\u201c<\/span>Por eso hay que recordar, fortalecer, celebrar y reconocer el buen periodismo, as\u00ed como construir una cultura y heredar a las futuras generaciones la defensa del periodismo profesional y del coraz\u00f3n porque, como dec\u00eda Kapuscinski, esta profesi\u00f3n no es para c\u00ednicos.\u201d<\/strong><\/span><\/p>\n<p class=\"p1\"><span style=\"font-size: 14pt;\">Jenaro Villamil, presidente del Sistema P\u00fablico de Radiodifusi\u00f3n del Estado Mexicano, recibi\u00f3 el premio en la categor\u00eda innovaci\u00f3n en medios p\u00fablicos del Estado mexicano, <span class=\"s1\">\u201c<\/span>por su aportaci\u00f3n y una nueva visi\u00f3n en el dise\u00f1o de contenidos en forma plural, los cuales lindan en lo social, cultural, pol\u00edtico, cient\u00edfico, migraci\u00f3n y trata\u201d.<\/span><\/p>\n<p class=\"p1\"><span style=\"font-size: 14pt;\">Entre los premiados estuvieron\u00a0el doctor Jos\u00e9 Pablo Robles Mart\u00ednez, reconocido reportero de larga trayectoria, maestro de generaciones de la UNAM y diferentes escuelas de periodismo como en la Universidad Veracruzana. Fundador del primer peri\u00f3dico latino, <span class=\"s1\">\u201c<\/span>Diario Imagen de los \u00c1ngeles\u201d, y actualmente es el Director General del Corporativo Imagen del Golfo. <\/span><span style=\"font-size: 14pt;\">Tambi\u00e9n fue premiado Nicanor Ju\u00e1nz Hern\u00e1ndez, por su trayectoria categor\u00eda de m\u00e1s de 50 a\u00f1os.<\/span><\/p>\n<p>&nbsp;<\/p>\n<p class=\"p1\"><span style=\"font-size: 18pt; color: #e42d33;\"><b>\u00a1FELICIDADES \u00c1NGEL \u00c1LVARO PE\u00d1A!<\/b><\/span><\/p>\n<p class=\"p1\"><span style=\"font-size: 18pt;\"><strong>Se entregaron 46 reconocimiento durante un desayuno en el sal\u00f3n mayor de este mango inmueble. Entre los reconocidos como trayectoria en este medio estuvo nuestro Presidente y director general <span style=\"color: #e42d33;\">\u00c1ngel \u00c1lvaro Pe\u00f1a<\/span>, con m\u00e1s de 60 a\u00f1os de experiencia en la comunicaci\u00f3n. Actualmente responsable del portal y revista <span style=\"color: #e42d33;\">Pol\u00edticos al Desnudo<\/span> y autor de la<span style=\"color: #e42d33;\"> columna Alma Grande<\/span>.<\/strong><\/span><\/p>\n<p>&nbsp;<\/p>\n<p><img loading=\"lazy\" decoding=\"async\" class=\"aligncenter wp-image-13652\" src=\"https:\/\/politicosaldesnudo.com.mx\/wp-content\/uploads\/2022\/12\/WhatsApp-Image-2022-12-07-at-6.41.09-PM-768x1024.jpeg\" alt=\"\" width=\"600\" height=\"800\" \/><\/p>\n<p>&nbsp;<\/p>\n<p class=\"p1\"><span style=\"font-size: 18pt;\"><strong>La oleada de felicitaciones para los premiados fue intensa, destaca la postura de \u00c1lvaro pe\u00f1a, quien debi\u00f3 plasmar en las p\u00e1ginas de su medio el agradecimiento para corresponder a tales muestras de reconocimiento de amigos y lectores. En uno de sus p\u00e1rrafos se\u00f1ala: <span class=\"s1\">\u201c<\/span>Con esto quiero agradecer a quienes desde que supieron la noticia de que fui merecedor del Premio Nacional de Periodismo, tomaron el tel\u00e9fono para felicitarme, desearme parabienes, darme la certeza de que no hay esfuerzo sin recompensa. Un premio siempre trae consigo otro m\u00e1s grande, el de volver a escuchar a los amigos, de saber que est\u00e1n cerca, aunque uno no los vea, porque tambi\u00e9n eso es parte de la comunicaci\u00f3n que une lazos\u201d.<\/strong><\/span><\/p>\n<p class=\"p1\"><span style=\"font-size: 14pt;\">Los premios fueron conferidos a Bor\u00eds Kuznetsov, Mauricio Ampuero y Semi\u00f3n S\u00e9nderov, de Rusia Today, por cubrir los acontecimientos de la operaci\u00f3n especial militar rusa en Ucrania.<\/span><\/p>\n<p class=\"p1\"><span style=\"font-size: 14pt;\">El reportaje\u00a0\u201cCarlos Zamarripa, el caudillo de la justicia mexicana\u201d, fue reconocido con el\u00a0Premio Nacional de Periodismo 2022\u00a0en la categor\u00eda cobertura multiformato, periodismo de investigaci\u00f3n, escrito por Kennia Vel\u00e1zquez, Arnoldo Cu\u00e9llar, Marcos Vizcarra, Ver\u00f3nica Espinosa para POPLab.<\/span><\/p>\n<p class=\"p1\"><span style=\"font-size: 14pt;\">Entre otros se otorg\u00f3 al reportero\u00a0Efr\u00e9n Arg\u00fcelles Castro, de\u00a0Grupo\u00a0Imagen\u00a0en la categor\u00eda de\u00a0\u201cmejor noticia oportuna\u201d.\u00a0La reportera M\u00f3nica Mateos-Vega, de\u00a0La Jornada, recibi\u00f3 el Premio Nacional de Periodismo 2022, en el \u00e1mbito cultural. De ese diario fue reconocido\u00a0el columnista Julio Hern\u00e1ndez L\u00f3pez y el reportero Gustavo Castillo Garc\u00eda, integrantes del equipo de trabajo de\u00a0La Jornada.<\/span><\/p>\n<p class=\"p1\"><span style=\"font-size: 14pt;\">Del mismo medio fueron premiados, el caricaturista Jorge Gonz\u00e1lez Aldana\u00a0Jerge\u00a0y Javier Aranda Luna, por su labor en Noticias 22 de Canal 22. El Canal 11, dirigido por el ex reportero de este peri\u00f3dico \u00d3scar Camacho Guzm\u00e1n, se hizo acreedor de la distinci\u00f3n en la categor\u00eda de mejor noticiario de informaci\u00f3n general.<\/span><\/p>\n<p class=\"p1\"><span style=\"font-size: 14pt;\">Javier Aranda Luna, responsable de Noticias 22, comparti\u00f3 el premio con el equipo del programa cultural de televisi\u00f3n que ha mostrado <span class=\"s1\">\u201c<\/span>las distintas facetas del desarrollo de la cultura, sin elitismos, con una propuesta incluyente, lejos de modelos comerciales y discriminatorios\u201d.<\/span><\/p>\n<p class=\"p1\"><span style=\"font-size: 14pt;\">Entre otros premiados estuvieron: Nancy Flores, de\u00a0Contral\u00ednea, reconocida en la categor\u00eda en investigaci\u00f3n period\u00edstica.<\/span><\/p>\n<p class=\"p1\"><span style=\"font-size: 14pt;\">Sentir el inmueble de Filomeno Mata 8, es hacer un viaje por la historia de M\u00e9xico. Es la sede de los periodistas del pa\u00eds desde 1962, luego de tener residencia en la calle de Morelos. Ah\u00ed se ha conservado el periodismo cr\u00edtico, aut\u00f3noma, y se reconoce el apego a la verdad y la precisi\u00f3n de las investigaciones.<\/span><\/p>\n<p class=\"p1\"><span style=\"font-size: 14pt;\">Adolfo L\u00f3pez Mateos, cedi\u00f3 el edificio por decreto presidencial el 26 de noviembre de 1961 y fue entregado a los periodistas el 14 de febrero de 1962, presidido entonces por Mariano D. Urdanivia.<\/span><\/p>\n<p>&nbsp;<\/p>\n<p><img loading=\"lazy\" decoding=\"async\" class=\"aligncenter wp-image-13650 size-large\" src=\"https:\/\/politicosaldesnudo.com.mx\/wp-content\/uploads\/2022\/12\/P-CLUB-DE-PERIODISTAS-3-1024x573.png\" alt=\"\" width=\"800\" height=\"448\" \/><\/p>\n<p>&nbsp;<\/p>\n<p class=\"p1\"><span style=\"font-size: 18pt;\"><strong>Los embates contra los periodistas han sido permanentes en la historia de las organizaciones de comunicadores a lo largo de los siglos. Correspondi\u00f3 a don Antonio S\u00e1enz de Miera defender el edificio que en los 90 quisieron arrebatar a los periodistas. La lucha de quienes ahora est\u00e1n al frente del Club, Celeste S\u00e1enz de Miera, Mouris Salloum, impidieron el despojo de los gobiernos de Carlos Salinas y Ernesto Zedillo que quer\u00eda que fuera la sede del banco de M\u00e9xico.<\/strong><\/span><\/p>\n<p class=\"p1\"><span style=\"font-size: 14pt;\">Cabe destacar que buena parte de los galardonados con el Premio Nacional de Periodismo 2022, fueron veracruzanos.<\/span><\/p>\n<p class=\"p1\"><span style=\"font-size: 18pt;\"><strong>El periodismo es una tarea que no permite descanso y estos reconocimientos seguramente llenaron de entusiasmo al muchos, tambi\u00e9n desmotivaron a otros que s\u00f3lo usan el periodismo como medio para lanzar consignas pol\u00edticas que sin importar que traicionan la verdad, se vuelven mercenarios.<span style=\"color: #e42d33;\"> La verdad no s\u00f3lo es la materia prima de todo periodismo que se respete a s\u00ed mismo sino un concepto filos\u00f3fico que tiene la misma historia que la comunicaci\u00f3n, por ello debemos respetarla.<\/span><\/strong><\/span><\/p>\n<p>&nbsp;<\/p>\n<p>&nbsp;<\/p>\n<p>&nbsp;<\/p>\n","protected":false},"excerpt":{"rendered":"<p>&nbsp; &nbsp; Por \u00c1ngel \u00c1lvaro Pe\u00f1a El mi\u00e9rcoles 9 de septiembre se entreg\u00f3 el Premio Nacional de Periodismo a lo<\/p>\n","protected":false},"author":4,"featured_media":10923,"comment_status":"closed","ping_status":"closed","sticky":false,"template":"","format":"standard","meta":{"colormag_page_container_layout":"default_layout","colormag_page_sidebar_layout":"default_layout","_jetpack_memberships_contains_paid_content":false,"footnotes":"","jetpack_publicize_message":"","jetpack_publicize_feature_enabled":true,"jetpack_social_post_already_shared":true,"jetpack_social_options":{"image_generator_settings":{"template":"highway","default_image_id":0,"font":"","enabled":false},"version":2}},"categories":[4],"tags":[1830,1828,31,1829],"class_list":["post-10922","post","type-post","status-publish","format-standard","has-post-thumbnail","hentry","category-nacional","tag-angel-alvaro-pena","tag-clu-de-periodistas","tag-mexico","tag-premio-nacional-de-periodismo-2022"],"jetpack_publicize_connections":[],"jetpack_featured_media_url":"https:\/\/noticiasveracruz.com\/wp-content\/uploads\/2022\/12\/P-CLUB-DE-PERIODISTAS-1.png","jetpack_sharing_enabled":true,"publishpress_future_action":{"enabled":false,"date":"2026-05-09 03:11:18","action":"change-status","newStatus":"draft","terms":[],"taxonomy":"category","extraData":[]},"publishpress_future_workflow_manual_trigger":{"enabledWorkflows":[]},"_links":{"self":[{"href":"https:\/\/noticiasveracruz.com\/index.php\/wp-json\/wp\/v2\/posts\/10922","targetHints":{"allow":["GET"]}}],"collection":[{"href":"https:\/\/noticiasveracruz.com\/index.php\/wp-json\/wp\/v2\/posts"}],"about":[{"href":"https:\/\/noticiasveracruz.com\/index.php\/wp-json\/wp\/v2\/types\/post"}],"author":[{"embeddable":true,"href":"https:\/\/noticiasveracruz.com\/index.php\/wp-json\/wp\/v2\/users\/4"}],"replies":[{"embeddable":true,"href":"https:\/\/noticiasveracruz.com\/index.php\/wp-json\/wp\/v2\/comments?post=10922"}],"version-history":[{"count":0,"href":"https:\/\/noticiasveracruz.com\/index.php\/wp-json\/wp\/v2\/posts\/10922\/revisions"}],"wp:featuredmedia":[{"embeddable":true,"href":"https:\/\/noticiasveracruz.com\/index.php\/wp-json\/wp\/v2\/media\/10923"}],"wp:attachment":[{"href":"https:\/\/noticiasveracruz.com\/index.php\/wp-json\/wp\/v2\/media?parent=10922"}],"wp:term":[{"taxonomy":"category","embeddable":true,"href":"https:\/\/noticiasveracruz.com\/index.php\/wp-json\/wp\/v2\/categories?post=10922"},{"taxonomy":"post_tag","embeddable":true,"href":"https:\/\/noticiasveracruz.com\/index.php\/wp-json\/wp\/v2\/tags?post=10922"}],"curies":[{"name":"wp","href":"https:\/\/api.w.org\/{rel}","templated":true}]}}