{"id":10890,"date":"2022-12-10T07:24:08","date_gmt":"2022-12-10T13:24:08","guid":{"rendered":"https:\/\/noticiasveracruz.com\/?p=10890"},"modified":"2022-12-10T07:24:08","modified_gmt":"2022-12-10T13:24:08","slug":"contribuyentes-de-tuxpan-ultimos-dias-pago-de-predial-sera-hasta-el-16-de-diciembre","status":"publish","type":"post","link":"https:\/\/noticiasveracruz.com\/index.php\/2022\/12\/10\/contribuyentes-de-tuxpan-ultimos-dias-pago-de-predial-sera-hasta-el-16-de-diciembre\/","title":{"rendered":"Contribuyentes de Tuxpan: \u00a1\u00daltimos d\u00edas! pago de predial ser\u00e1 hasta el 16 de diciembre"},"content":{"rendered":"<p>&nbsp;<\/p>\n<p><span style=\"font-size: 14pt;\"><em><strong>TUXPAN, VERACRUZ.<\/strong><\/em> Ayuntamiento de Tuxpan, a trav\u00e9s de la <strong>Direcci\u00f3n de Ingresos<\/strong>, hace un<strong> atento recordatorio a los contribuyentes que el Impuesto Predial se cobrar\u00e1 hasta el 16 de diciembre con motivo del cierre del a\u00f1o 2022.<\/strong><\/span><\/p>\n<p><span style=\"font-size: 18pt;\"><strong>Esto se debe a que la base de datos de Impuesto Predial se enviar\u00e1 a la Direcci\u00f3n General de Catastro del Estado para su actualizaci\u00f3n catastral por los movimientos de las altas, bajas, fusiones o subdivisiones de los predios, y quede actualizada para el cobro del impuesto predial 2023.<\/strong><\/span><\/p>\n<p><span style=\"font-size: 14pt;\">Se hace de su conocimiento para que lo considere, en caso de querer realizar el pago del impuesto predial del a\u00f1o 2022 y a\u00f1os anteriores.<\/span><\/p>\n<p><span style=\"font-size: 14pt;\">Se exhorta a la ciudadan\u00eda a ponerse al corriente en sus contribuciones fiscales, para que el pr\u00f3ximo a\u00f1o pueda disfrutar de los descuentos del 20 % para p\u00fablico en general y el 50 % para pensionados, jubilados y de la tercera edad, siempre y cuando cumplan con los requisitos establecidos en los art\u00edculos 113,114, 115,116,117,118,120 y 121 del C\u00f3digo Hacendario Municipal para el Estado de Veracruz.<\/span><\/p>\n<p><span style=\"font-size: 18pt;\"><strong>Para realizar el pago del a\u00f1o 2022 y anteriores pueden asistir a la Direcci\u00f3n de Ingresos en horario de 09:00 a 14:00 horas.<\/strong><\/span><\/p>\n<p>&nbsp;<\/p>\n<p>&nbsp;<\/p>\n<p><img loading=\"lazy\" decoding=\"async\" class=\"aligncenter wp-image-13612\" src=\"https:\/\/politicosaldesnudo.com.mx\/wp-content\/uploads\/2022\/12\/WhatsApp-Image-2022-12-07-at-11.06.38-AM-768x1024.jpeg\" alt=\"\" width=\"600\" height=\"800\" \/><\/p>\n<p>&nbsp;<\/p>\n<p>&nbsp;<\/p>\n<p>&nbsp;<\/p>\n<p>&nbsp;<\/p>\n","protected":false},"excerpt":{"rendered":"<p>&nbsp; TUXPAN, VERACRUZ. Ayuntamiento de Tuxpan, a trav\u00e9s de la Direcci\u00f3n de Ingresos, hace un atento recordatorio a los contribuyentes<\/p>\n","protected":false},"author":4,"featured_media":10891,"comment_status":"closed","ping_status":"closed","sticky":false,"template":"","format":"standard","meta":{"colormag_page_container_layout":"default_layout","colormag_page_sidebar_layout":"default_layout","_jetpack_memberships_contains_paid_content":false,"footnotes":"","jetpack_publicize_message":"","jetpack_publicize_feature_enabled":true,"jetpack_social_post_already_shared":true,"jetpack_social_options":{"image_generator_settings":{"template":"highway","default_image_id":0,"font":"","enabled":false},"version":2}},"categories":[356],"tags":[1821,72,73],"class_list":["post-10890","post","type-post","status-publish","format-standard","has-post-thumbnail","hentry","category-veracruz","tag-predial","tag-tuxpan","tag-veracruz"],"jetpack_publicize_connections":[],"jetpack_featured_media_url":"https:\/\/noticiasveracruz.com\/wp-content\/uploads\/2022\/12\/P-PREDIAL-TUXPAN.png","jetpack_sharing_enabled":true,"publishpress_future_action":{"enabled":false,"date":"2026-05-07 20:56:16","action":"change-status","newStatus":"draft","terms":[],"taxonomy":"category","extraData":[]},"publishpress_future_workflow_manual_trigger":{"enabledWorkflows":[]},"_links":{"self":[{"href":"https:\/\/noticiasveracruz.com\/index.php\/wp-json\/wp\/v2\/posts\/10890","targetHints":{"allow":["GET"]}}],"collection":[{"href":"https:\/\/noticiasveracruz.com\/index.php\/wp-json\/wp\/v2\/posts"}],"about":[{"href":"https:\/\/noticiasveracruz.com\/index.php\/wp-json\/wp\/v2\/types\/post"}],"author":[{"embeddable":true,"href":"https:\/\/noticiasveracruz.com\/index.php\/wp-json\/wp\/v2\/users\/4"}],"replies":[{"embeddable":true,"href":"https:\/\/noticiasveracruz.com\/index.php\/wp-json\/wp\/v2\/comments?post=10890"}],"version-history":[{"count":0,"href":"https:\/\/noticiasveracruz.com\/index.php\/wp-json\/wp\/v2\/posts\/10890\/revisions"}],"wp:featuredmedia":[{"embeddable":true,"href":"https:\/\/noticiasveracruz.com\/index.php\/wp-json\/wp\/v2\/media\/10891"}],"wp:attachment":[{"href":"https:\/\/noticiasveracruz.com\/index.php\/wp-json\/wp\/v2\/media?parent=10890"}],"wp:term":[{"taxonomy":"category","embeddable":true,"href":"https:\/\/noticiasveracruz.com\/index.php\/wp-json\/wp\/v2\/categories?post=10890"},{"taxonomy":"post_tag","embeddable":true,"href":"https:\/\/noticiasveracruz.com\/index.php\/wp-json\/wp\/v2\/tags?post=10890"}],"curies":[{"name":"wp","href":"https:\/\/api.w.org\/{rel}","templated":true}]}}