{"id":10880,"date":"2022-12-09T18:09:45","date_gmt":"2022-12-10T00:09:45","guid":{"rendered":"https:\/\/noticiasveracruz.com\/?p=10880"},"modified":"2022-12-09T18:09:45","modified_gmt":"2022-12-10T00:09:45","slug":"golpe-de-estado-esta-muy-fantasioso-presidente-presume-a-conservadores-aprobacion-del-73","status":"publish","type":"post","link":"https:\/\/noticiasveracruz.com\/index.php\/2022\/12\/09\/golpe-de-estado-esta-muy-fantasioso-presidente-presume-a-conservadores-aprobacion-del-73\/","title":{"rendered":"Golpe de Estado est\u00e1 muy fantasioso: Presidente presume a conservadores aprobaci\u00f3n del 73%"},"content":{"rendered":"<p>&nbsp;<\/p>\n<p class=\"p1\"><span style=\"font-size: 14pt;\"><em><strong>CIUDAD DE M\u00c9XICO.<\/strong> <\/em>El presidente<strong> Andr\u00e9s Manuel L\u00f3pez Obrador<\/strong>, consider\u00f3 que es poco probable que <strong>se produzca un Golpe de Estado<\/strong>, despu\u00e9s de que la oposici\u00f3n destacara la crisis pol\u00edtica que vive Per\u00fa; adem\u00e1s, volvi\u00f3 a presumir su 73% de aprobaci\u00f3n.<\/span><\/p>\n<p class=\"p1\"><span style=\"font-size: 18pt;\"><strong>En conferencia de prensa, Andr\u00e9s Manuel L\u00f3pez Obrador record\u00f3 como se revirti\u00f3 su desafuero ante las protestas populares que gener\u00f3.<\/strong><\/span><\/p>\n<p>&nbsp;<\/p>\n<blockquote>\n<p class=\"p1\"><span style=\"font-size: 14pt;\">Eso de Golpe de Estado est\u00e1 muy fantasioso. Les voy a poner a los conservadores la encuesta de ayer. Es tengan para que aprendan porque siempre dicen \u2018la polarizaci\u00f3n que hay en M\u00e9xico\u2019. \u00bfCu\u00e1l polarizaci\u00f3n? Si miren: 73 de aprobaci\u00f3n, 22 desaprueban y cinco por ciento indecisos\u201d, dijo al poner la encuesta de Morning Consult.<\/span><\/p>\n<\/blockquote>\n<p>&nbsp;<\/p>\n<p class=\"p1\"><span style=\"font-size: 18pt;\"><strong>Tambi\u00e9n el presidente Andr\u00e9s Manuel L\u00f3pez Obrador se burl\u00f3 del hashtag #SiguesT\u00faAMLO, el cual se hizo tendencia en redes sociales con la cual la oposici\u00f3n busca una vez terminado su mandato, L\u00f3pez Obrador vaya a la c\u00e1rcel.<\/strong><\/span><\/p>\n<p>&nbsp;<\/p>\n<blockquote>\n<p class=\"p1\"><span style=\"font-size: 14pt;\">\u00bfEse mensaje qu\u00e9 es lo que produce? M\u00e1s apoyo. Cuando sale la guacamaya o la chacalaca disfrazada de guacamaya que dicen que estoy chocheando y que tengo no s\u00e9 cu\u00e1ntas enfermedades. Pues s\u00ed, \u00bfustedes creen que eso lo aplaude la gente? No, si nuestro pueblo es puro coraz\u00f3n\u201d<\/span><\/p>\n<\/blockquote>\n<p>&nbsp;<\/p>\n<blockquote>\n<p class=\"p1\"><span style=\"font-size: 14pt;\">Pero el pueblo que es mucha pieza, que no se les olvide eso, sobre todo para los j\u00f3venes, pues me defendi\u00f3, me sac\u00f3 adelante. Ya no se atrevieron a encarcelarme y me tuvieron que devolver la Jefatura de Gobierno porque hubieron movilizaciones muy grandes\u201d<\/span><\/p>\n<\/blockquote>\n<p class=\"p1\"><span style=\"font-size: 14pt;\">Asimismo, mencion\u00f3 que Emilio Chuayffet, entonces coordinador de los diputados priistas, critic\u00f3 la decisi\u00f3n de revertir el desafuero diciendo que \u201cse nos raj\u00f3 Fox\u201d.<\/span><\/p>\n<p>&nbsp;<\/p>\n<blockquote>\n<p class=\"p1\"><span style=\"font-size: 14pt;\">Ahora dice Fox que se arrepiente de haber dado marcha atr\u00e1s. Es que no iba a poder, no iban a poder porque el pueblo es mucha pieza\u201d, se\u00f1al\u00f3 respecto a los comentarios que ha hecho el expresidente panista.<\/span><\/p>\n<\/blockquote>\n","protected":false},"excerpt":{"rendered":"<p>&nbsp; CIUDAD DE M\u00c9XICO. El presidente Andr\u00e9s Manuel L\u00f3pez Obrador, consider\u00f3 que es poco probable que se produzca un Golpe<\/p>\n","protected":false},"author":4,"featured_media":10881,"comment_status":"closed","ping_status":"closed","sticky":false,"template":"","format":"standard","meta":{"colormag_page_container_layout":"default_layout","colormag_page_sidebar_layout":"default_layout","_jetpack_memberships_contains_paid_content":false,"footnotes":"","jetpack_publicize_message":"","jetpack_publicize_feature_enabled":true,"jetpack_social_post_already_shared":true,"jetpack_social_options":{"image_generator_settings":{"template":"highway","default_image_id":0,"font":"","enabled":false},"version":2}},"categories":[4],"tags":[65,28,895,31],"class_list":["post-10880","post","type-post","status-publish","format-standard","has-post-thumbnail","hentry","category-nacional","tag-andres-manuel-lopez-obrador","tag-aprobacion","tag-golpe-de-estado","tag-mexico"],"jetpack_publicize_connections":[],"jetpack_featured_media_url":"https:\/\/noticiasveracruz.com\/wp-content\/uploads\/2022\/12\/P-PRESIDENTE-AMLO.png","jetpack_sharing_enabled":true,"publishpress_future_action":{"enabled":false,"date":"2026-05-07 20:08:32","action":"change-status","newStatus":"draft","terms":[],"taxonomy":"category","extraData":[]},"publishpress_future_workflow_manual_trigger":{"enabledWorkflows":[]},"_links":{"self":[{"href":"https:\/\/noticiasveracruz.com\/index.php\/wp-json\/wp\/v2\/posts\/10880","targetHints":{"allow":["GET"]}}],"collection":[{"href":"https:\/\/noticiasveracruz.com\/index.php\/wp-json\/wp\/v2\/posts"}],"about":[{"href":"https:\/\/noticiasveracruz.com\/index.php\/wp-json\/wp\/v2\/types\/post"}],"author":[{"embeddable":true,"href":"https:\/\/noticiasveracruz.com\/index.php\/wp-json\/wp\/v2\/users\/4"}],"replies":[{"embeddable":true,"href":"https:\/\/noticiasveracruz.com\/index.php\/wp-json\/wp\/v2\/comments?post=10880"}],"version-history":[{"count":0,"href":"https:\/\/noticiasveracruz.com\/index.php\/wp-json\/wp\/v2\/posts\/10880\/revisions"}],"wp:featuredmedia":[{"embeddable":true,"href":"https:\/\/noticiasveracruz.com\/index.php\/wp-json\/wp\/v2\/media\/10881"}],"wp:attachment":[{"href":"https:\/\/noticiasveracruz.com\/index.php\/wp-json\/wp\/v2\/media?parent=10880"}],"wp:term":[{"taxonomy":"category","embeddable":true,"href":"https:\/\/noticiasveracruz.com\/index.php\/wp-json\/wp\/v2\/categories?post=10880"},{"taxonomy":"post_tag","embeddable":true,"href":"https:\/\/noticiasveracruz.com\/index.php\/wp-json\/wp\/v2\/tags?post=10880"}],"curies":[{"name":"wp","href":"https:\/\/api.w.org\/{rel}","templated":true}]}}