{"id":10810,"date":"2022-12-08T07:55:44","date_gmt":"2022-12-08T13:55:44","guid":{"rendered":"https:\/\/noticiasveracruz.com\/?p=10810"},"modified":"2022-12-08T08:07:22","modified_gmt":"2022-12-08T14:07:22","slug":"inolvidable-dia-del-nino-perdido-tuxpan-ilumina-a-veracruz-a-mexico-y-al-mundo","status":"publish","type":"post","link":"https:\/\/noticiasveracruz.com\/index.php\/2022\/12\/08\/inolvidable-dia-del-nino-perdido-tuxpan-ilumina-a-veracruz-a-mexico-y-al-mundo\/","title":{"rendered":"Inolvidable D\u00eda del Ni\u00f1o Perdido, Tuxpan ilumina a Veracruz, a M\u00e9xico y al mundo"},"content":{"rendered":"<p>&nbsp;<\/p>\n<p><span style=\"font-size: 14pt;\"><em><strong>TUXPAN, VERACRUZ.<\/strong><\/em> En una noche m\u00e1gica e inolvidable se celebr\u00f3 el tradicional D\u00eda del Ni\u00f1o Perdido, una bella tradici\u00f3n de la regi\u00f3n en la que los tuxpe\u00f1os prenden velas para ense\u00f1arle a Jes\u00fas el camino de regreso a casa.<\/span><\/p>\n<p><span style=\"font-size: 18pt;\"><strong>La celebraci\u00f3n comenz\u00f3 con un Desfile de Carritos que encabez\u00f3 la presidenta del DIF Tuxpan, Pamela Morales Huesca, en el que cientos de ni\u00f1os y ni\u00f1as acompa\u00f1ados de sus familias recorrieron la avenida Ju\u00e1rez, desde la calle Hern\u00e1ndez y Hern\u00e1ndez hasta llegar a presidencia.<\/strong><\/span><\/p>\n<p><img loading=\"lazy\" decoding=\"async\" class=\"aligncenter wp-image-13502 size-large\" src=\"https:\/\/politicosaldesnudo.com.mx\/wp-content\/uploads\/2022\/12\/P-NINO-PERDIDO-2-1024x573.png\" alt=\"\" width=\"800\" height=\"448\" \/><\/p>\n<p>&nbsp;<\/p>\n<p><span style=\"font-size: 18pt; color: #e42d33;\"><strong>En el monumento al Ni\u00f1o Perdido el alcalde Jos\u00e9 Manuel Pozos Castro y su esposa Pamela Morales Huesca, encendieron la primera velita, lo que marc\u00f3 el inicio del encendido de velas en toda la ciudad.<\/strong><\/span><\/p>\n<p>&nbsp;<\/p>\n<p><img loading=\"lazy\" decoding=\"async\" class=\"aligncenter wp-image-13507 size-large\" src=\"https:\/\/politicosaldesnudo.com.mx\/wp-content\/uploads\/2022\/12\/P-NINO-PERDIDO-8-1024x573.png\" alt=\"\" width=\"800\" height=\"448\" \/><\/p>\n<p>&nbsp;<\/p>\n<p><span style=\"font-size: 18pt;\"><strong>El alcalde Jos\u00e9 Manuel Pozos dijo sentirse emocionado de ver c\u00f3mo la ciudadan\u00eda se manifest\u00f3 para celebrar esta importante tradici\u00f3n que representa mucho para Tuxpan, ya que da identidad y llena de orgullo a todos los tuxpe\u00f1os.<\/strong><\/span><\/p>\n<p>&nbsp;<\/p>\n<p><img loading=\"lazy\" decoding=\"async\" class=\"aligncenter wp-image-13508 size-large\" src=\"https:\/\/politicosaldesnudo.com.mx\/wp-content\/uploads\/2022\/12\/P-NINO-PERDIDO-9-1024x573.png\" alt=\"\" width=\"800\" height=\"448\" \/><\/p>\n<p>&nbsp;<\/p>\n<blockquote><p><span style=\"font-size: 14pt;\">Esta vez la luz que emanar\u00e1 de Tuxpan llegar\u00e1 muy lejos e iluminar\u00e1 cada rinc\u00f3n y cada coraz\u00f3n dispuesto a creer y a caminar por el camino de la Fe\u201d<\/span><\/p><\/blockquote>\n<p>&nbsp;<\/p>\n<p><span style=\"font-size: 18pt; color: #e42d33;\"><strong>Destac\u00f3 Jos\u00e9 Manuel Pozos que quienes hacen grande esta tradici\u00f3n son precisamente las ni\u00f1as y los ni\u00f1os: \u201cQueremos que siempre tengan coraz\u00f3n de ni\u00f1o y nunca pierdan la ilusi\u00f3n, porque eso les garantiza que ser\u00e1n felices\u201d.<\/strong><\/span><\/p>\n<p>&nbsp;<\/p>\n<p><img loading=\"lazy\" decoding=\"async\" class=\"aligncenter wp-image-13504 size-large\" src=\"https:\/\/politicosaldesnudo.com.mx\/wp-content\/uploads\/2022\/12\/P-NINO-PERDIDO-4-1024x573.png\" alt=\"\" width=\"800\" height=\"448\" \/><\/p>\n<p>&nbsp;<\/p>\n<p>&nbsp;<\/p>\n<blockquote><p><span style=\"font-size: 14pt;\">Vamos todos a vivir a plenitud esta hermosa tradici\u00f3n que refleja la grandeza cultural de nuestro querido municipio, y que es patrimonio cultural de Tuxpan y de nuestro pa\u00eds. Hoy Tuxpan habr\u00e1 de iluminar a Veracruz, a M\u00e9xico y al mundo\u201d<\/span><\/p><\/blockquote>\n<p>&nbsp;<\/p>\n<p><img loading=\"lazy\" decoding=\"async\" class=\"aligncenter wp-image-13510 size-large\" src=\"https:\/\/politicosaldesnudo.com.mx\/wp-content\/uploads\/2022\/12\/P-NINOPERDIDO-11-1024x573.png\" alt=\"\" width=\"800\" height=\"448\" \/><\/p>\n<p>&nbsp;<\/p>\n<p><span style=\"font-size: 18pt; color: #e42d33;\"><strong>En ese mismo lugar las autoridades develaron un mural alusivo al D\u00eda del Ni\u00f1o Perdido, elaborado por el Muralista Amado Flores Procopio.<\/strong><\/span><\/p>\n<p>&nbsp;<\/p>\n<p><img loading=\"lazy\" decoding=\"async\" class=\"aligncenter wp-image-13501 size-large\" src=\"https:\/\/politicosaldesnudo.com.mx\/wp-content\/uploads\/2022\/12\/P-NINO-PERDIDO-1-1024x573.png\" alt=\"\" width=\"800\" height=\"448\" \/><\/p>\n<p>&nbsp;<\/p>\n<p><span style=\"font-size: 14pt;\">Por su parte, el padre Adri\u00e1n Hern\u00e1ndez Mart\u00ednez, vicario de la parroquia de Nuestra Se\u00f1ora de la Asunci\u00f3n dio lectura al pasaje b\u00edblico que hace referencia esta festividad.<\/span><\/p>\n<p><span style=\"font-size: 18pt;\"><strong>Posteriormente, decenas de familias arribaron a la Plaza C\u00edvica, donde los peque\u00f1os demostraron su creatividad participando en el Concurso de Carritos, y disfrutaron del festival art\u00edstico y cultural que el gobierno de Tuxpan y el DIF Municipal prepararon para esta ocasi\u00f3n especial.<\/strong><\/span><\/p>\n<p><img loading=\"lazy\" decoding=\"async\" class=\"aligncenter wp-image-13503 size-large\" src=\"https:\/\/politicosaldesnudo.com.mx\/wp-content\/uploads\/2022\/12\/P-NINO-PERDIDO-3-1024x573.png\" alt=\"\" width=\"800\" height=\"448\" \/><\/p>\n<p>&nbsp;<\/p>\n<p><span style=\"font-size: 14pt;\">El alcalde Jos\u00e9 Manuel Pozos Castro, la s\u00edndica Beatriz Pi\u00f1a Vergara; las regidoras y regidores Maryanela Monroy Flores, Lucero Res\u00e9ndis Ambrocio, Luis Demetrio L\u00f3pez Mar\u00edn, Axel Bernal Herrera y Luciano Folgueras Pioli fueron los encargados de entregar los premios en efectivo a los triunfadores.<\/span><\/p>\n<p><span style=\"font-size: 14pt;\">Los asistentes, adem\u00e1s, disfrutaron de las presentaciones de Tiburones Marching Band, del Centro de Estudios Tecnol\u00f3gicos del Mar N\u00fam. 20 (CETMAR); el ballet Xtreme Angels, y un sketch alusivo al D\u00eda del Ni\u00f1o Perdido, por parte de la Compa\u00f1\u00eda Municipal de Teatro de la Direcci\u00f3n de Cultura.<\/span><\/p>\n<p>&nbsp;<\/p>\n<p><img loading=\"lazy\" decoding=\"async\" class=\"aligncenter wp-image-13505 size-large\" src=\"https:\/\/politicosaldesnudo.com.mx\/wp-content\/uploads\/2022\/12\/P-NINO-PERDIDO-5-1024x573.png\" alt=\"\" width=\"800\" height=\"448\" \/><\/p>\n<p>&nbsp;<\/p>\n<p><span style=\"font-size: 14pt;\">Entre los invitados especiales estuvieron el vicealmirante de Infanter\u00eda de Marina DEM Jos\u00e9 Manuel Guido Romero, comandante de la Fuerza Naval del Golfo, acompa\u00f1ado de su esposa; el vicealmirante CG DEM Juan Carlos Vera Salinas, comandante de la 5\u00aa. Zona Naval.<\/span><\/p>\n<p><span style=\"font-size: 14pt;\">El Capit\u00e1n de Nav\u00edo H\u00e9ctor Jacobo Hern\u00e1ndez, Capit\u00e1n de Puerto; el vicealmirante Nicodemus Villag\u00f3mez Broca, director de ASIPONA Tuxpan, y el Prof. On\u00e9simo P\u00e9rez Ramos, delegado regional de la SEV en Tuxpan, as\u00ed como directores y coordinadores de \u00e1rea del Ayuntamiento.<\/span><\/p>\n<p>&nbsp;<\/p>\n<p>&nbsp;<\/p>\n<p>&nbsp;<\/p>\n<p>&nbsp;<\/p>\n","protected":false},"excerpt":{"rendered":"<p>&nbsp; TUXPAN, VERACRUZ. En una noche m\u00e1gica e inolvidable se celebr\u00f3 el tradicional D\u00eda del Ni\u00f1o Perdido, una bella tradici\u00f3n<\/p>\n","protected":false},"author":4,"featured_media":10816,"comment_status":"closed","ping_status":"closed","sticky":false,"template":"","format":"standard","meta":{"colormag_page_container_layout":"default_layout","colormag_page_sidebar_layout":"default_layout","_jetpack_memberships_contains_paid_content":false,"footnotes":"","jetpack_publicize_message":"","jetpack_publicize_feature_enabled":true,"jetpack_social_post_already_shared":true,"jetpack_social_options":{"image_generator_settings":{"template":"highway","default_image_id":0,"font":"","enabled":false},"version":2}},"categories":[356],"tags":[1804,1042,1811,701,1778,72,73],"class_list":["post-10810","post","type-post","status-publish","format-standard","has-post-thumbnail","hentry","category-veracruz","tag-dia-del-nino-perdido","tag-dif-tuxpan","tag-encendido-de-velas","tag-jose-manuel-pozos","tag-pamela-morales","tag-tuxpan","tag-veracruz"],"jetpack_publicize_connections":[],"jetpack_featured_media_url":"https:\/\/noticiasveracruz.com\/wp-content\/uploads\/2022\/12\/P-NINO-PERDIDO-7.png","jetpack_sharing_enabled":true,"publishpress_future_action":{"enabled":false,"date":"2026-05-09 06:23:06","action":"change-status","newStatus":"draft","terms":[],"taxonomy":"category","extraData":[]},"publishpress_future_workflow_manual_trigger":{"enabledWorkflows":[]},"_links":{"self":[{"href":"https:\/\/noticiasveracruz.com\/index.php\/wp-json\/wp\/v2\/posts\/10810","targetHints":{"allow":["GET"]}}],"collection":[{"href":"https:\/\/noticiasveracruz.com\/index.php\/wp-json\/wp\/v2\/posts"}],"about":[{"href":"https:\/\/noticiasveracruz.com\/index.php\/wp-json\/wp\/v2\/types\/post"}],"author":[{"embeddable":true,"href":"https:\/\/noticiasveracruz.com\/index.php\/wp-json\/wp\/v2\/users\/4"}],"replies":[{"embeddable":true,"href":"https:\/\/noticiasveracruz.com\/index.php\/wp-json\/wp\/v2\/comments?post=10810"}],"version-history":[{"count":0,"href":"https:\/\/noticiasveracruz.com\/index.php\/wp-json\/wp\/v2\/posts\/10810\/revisions"}],"wp:featuredmedia":[{"embeddable":true,"href":"https:\/\/noticiasveracruz.com\/index.php\/wp-json\/wp\/v2\/media\/10816"}],"wp:attachment":[{"href":"https:\/\/noticiasveracruz.com\/index.php\/wp-json\/wp\/v2\/media?parent=10810"}],"wp:term":[{"taxonomy":"category","embeddable":true,"href":"https:\/\/noticiasveracruz.com\/index.php\/wp-json\/wp\/v2\/categories?post=10810"},{"taxonomy":"post_tag","embeddable":true,"href":"https:\/\/noticiasveracruz.com\/index.php\/wp-json\/wp\/v2\/tags?post=10810"}],"curies":[{"name":"wp","href":"https:\/\/api.w.org\/{rel}","templated":true}]}}