{"id":10808,"date":"2022-12-08T07:22:51","date_gmt":"2022-12-08T13:22:51","guid":{"rendered":"https:\/\/noticiasveracruz.com\/?p=10808"},"modified":"2022-12-08T07:22:51","modified_gmt":"2022-12-08T13:22:51","slug":"la-grandeza-de-mexico","status":"publish","type":"post","link":"https:\/\/noticiasveracruz.com\/index.php\/2022\/12\/08\/la-grandeza-de-mexico\/","title":{"rendered":"La grandeza de M\u00e9xico"},"content":{"rendered":"<p>&nbsp;<\/p>\n<p><span style=\"font-size: 18pt;\"><strong>Por Alberto Woolrich Ort\u00edz<\/strong><\/span><\/p>\n<p class=\"p1\"><span style=\"font-size: 14pt;\">Lo hemos dicho ya, pero es oportuno repetirlo en \u00e9ste momento: Benito Ju\u00e1rez en su dialecto nativo a los mexicanos dijo:<span class=\"Apple-converted-space\">\u00a0 <\/span>\u201cGhuni gano xhina, cassi\u00ed modo vin\u00ed ga ir\u00e1 dhe benhe wlhalsh, th\u00ed acanho cahsi laa\u2019 caghabe\u201d. Esas palabras hoy por fortuna son repetidas, por tradici\u00f3n, en todas las escuelas donde se habla zapoteco, han pasado de generaci\u00f3n en generaci\u00f3n y las mismas traducidas significan: \u201cTrabajemos como trabajaron nuestros antepasados para ser tan grandes como ellos\u201d.<\/span><\/p>\n<p class=\"p1\"><span style=\"font-size: 14pt;\">Construir una ingeniosa frase y elegante formula (no pod\u00eda esperarse otra cosa de un jurista como Ju\u00e1rez) y el haber acentuado en ella la grandeza de nuestro M\u00e9xico es digna de difusi\u00f3n, nos obliga a seguir sus ense\u00f1anzas.<\/span><\/p>\n<p class=\"p1\"><span style=\"font-size: 14pt;\">La Rep\u00fablica hoy m\u00e1s que nunca requiere de ellas para alcanzar la grandiosidad que merece y con ellas recuperar el honor que por desgracia se ha venido desaprovechando por \u00e9sta Cuarta Transformaci\u00f3n de la Rep\u00fablica. Ese honor como mexicanos,<span class=\"Apple-converted-space\">\u00a0 <\/span>debe ser entendido por gobernantes y gobernados , como<span class=\"Apple-converted-space\">\u00a0 <\/span>la cualidad que nos impulsa como patriotas con arreglo a las m\u00e1s elevadas normas morales y que llevan consigo el respeto a la ley.\u00a0<\/span><\/p>\n<p class=\"p1\"><span style=\"font-size: 14pt;\">La salvaguarda del honor de M\u00e9xico implica que la conducta de los gobernantes, (aqu\u00ed se aplica a neoliberales, conservadores y transformadores), se rija por el mayor inter\u00e9s de la Patria y por desde luego al respeto irrestricto de la Ley.<\/span><\/p>\n<p class=\"p1\"><span style=\"font-size: 14pt;\">Hist\u00f3ricamente nuestros ancestros que nos gobernaron invocaron el honor nacional en el momento crucial para nuestro suelo.<\/span><\/p>\n<p class=\"p1\"><span style=\"font-size: 14pt;\">Viajemos al ayer<\/span><\/p>\n<p class=\"p1\"><span style=\"font-size: 14pt;\">El primer presidente del M\u00e9xico Independiente, fue Guadalupe Victoria, quien al clausurar las sesiones de la Asamblea Constituyente que dio origen a nuestra Primer Constituci\u00f3n Federal bien dijo: \u201cvuestra Soberan\u00eda ha fijado irreversiblemente el honor y los destinos de la Patria con la ley que ahora nos obliga\u201d.<\/span><\/p>\n<p class=\"p1\"><span style=\"font-size: 14pt;\">Otro presidente, Anastasio Bustamante declar\u00f3 en el Congreso, con motivo de la guerra con Francia: \u201ces invariable la dignidad y el honor de la naci\u00f3n mexicana\u201d.<\/span><\/p>\n<p class=\"p1\"><span style=\"font-size: 14pt;\">Volando los a\u00f1os y en otra guerra, el presidente Manuel \u00c1vila Camacho dijo ante el H. Congreso de la Uni\u00f3n (en aquella \u00e9poca era honorable) \u201cM\u00e9xico ha mostrado un escrupuloso celo en la defensa de su soberan\u00eda sin tolerar nunca que su dignidad y su honor resulten vulnerados, sea cual fuere la fuerza del Estado que lo pretenda\u201d.<\/span><\/p>\n<p class=\"p1\"><span style=\"font-size: 14pt;\">Han sido muchos y muy variados gobernantes que han respaldado el honor de M\u00e9xico.<\/span><\/p>\n<p class=\"p1\"><span style=\"font-size: 14pt;\">En el M\u00e9xico de hoy de \u00e9sta Cuarta Transformaci\u00f3n de la Naci\u00f3n, Andr\u00e9s Manuel L\u00f3pez Obrador debe saber que existe un m\u00e1s elevado honor que \u201cel honor de estar con \u2026\u2026\u201d y ese honor es el honor de M\u00e9xico, que s\u00f3lo se alcanza cumpliendo con la ley como lo dijeron Guadalupe Victoria, Benito Ju\u00e1rez y otros m\u00e1s, s\u00f3lo as\u00ed trabajaremos como trabajaron nuestros antepasados para ser tan grandes como ellos. <\/span><span style=\"font-size: 14pt;\">Es cuanto.<\/span><\/p>\n<p>&nbsp;<\/p>\n<p>&nbsp;<\/p>\n<p class=\"p1\"><strong><span style=\"font-size: 18pt;\">Lic. Alberto Woolrich Ort\u00edz<\/span><\/strong><\/p>\n<p class=\"p1\"><strong><span style=\"font-size: 18pt;\">Presidente de la Academia de Derecho Penal<\/span><\/strong><\/p>\n<p class=\"p1\"><strong><span style=\"font-size: 18pt;\">del Colegio de Abogados de M\u00e9xico, A.C.<\/span><\/strong><\/p>\n<p>&nbsp;<\/p>\n<p><span style=\"font-size: 18pt; color: #e42d33;\"><em><strong>**Las columnas firmadas en este medio son responsabilidad de quienes las firman**<\/strong><\/em><\/span><\/p>\n<p>&nbsp;<\/p>\n","protected":false},"excerpt":{"rendered":"<p>&nbsp; Por Alberto Woolrich Ort\u00edz Lo hemos dicho ya, pero es oportuno repetirlo en \u00e9ste momento: Benito Ju\u00e1rez en su<\/p>\n","protected":false},"author":4,"featured_media":3616,"comment_status":"closed","ping_status":"closed","sticky":false,"template":"","format":"standard","meta":{"colormag_page_container_layout":"default_layout","colormag_page_sidebar_layout":"default_layout","_jetpack_memberships_contains_paid_content":false,"footnotes":"","jetpack_publicize_message":"","jetpack_publicize_feature_enabled":true,"jetpack_social_post_already_shared":true,"jetpack_social_options":{"image_generator_settings":{"template":"highway","default_image_id":0,"font":"","enabled":false},"version":2}},"categories":[6],"tags":[],"class_list":["post-10808","post","type-post","status-publish","format-standard","has-post-thumbnail","hentry","category-columnistas"],"jetpack_publicize_connections":[],"jetpack_featured_media_url":"https:\/\/noticiasveracruz.com\/wp-content\/uploads\/2022\/04\/NV-ALBERTO-WOOLRICH-1.png","jetpack_sharing_enabled":true,"publishpress_future_action":{"enabled":false,"date":"2026-05-09 07:26:15","action":"change-status","newStatus":"draft","terms":[],"taxonomy":"category","extraData":[]},"publishpress_future_workflow_manual_trigger":{"enabledWorkflows":[]},"_links":{"self":[{"href":"https:\/\/noticiasveracruz.com\/index.php\/wp-json\/wp\/v2\/posts\/10808","targetHints":{"allow":["GET"]}}],"collection":[{"href":"https:\/\/noticiasveracruz.com\/index.php\/wp-json\/wp\/v2\/posts"}],"about":[{"href":"https:\/\/noticiasveracruz.com\/index.php\/wp-json\/wp\/v2\/types\/post"}],"author":[{"embeddable":true,"href":"https:\/\/noticiasveracruz.com\/index.php\/wp-json\/wp\/v2\/users\/4"}],"replies":[{"embeddable":true,"href":"https:\/\/noticiasveracruz.com\/index.php\/wp-json\/wp\/v2\/comments?post=10808"}],"version-history":[{"count":0,"href":"https:\/\/noticiasveracruz.com\/index.php\/wp-json\/wp\/v2\/posts\/10808\/revisions"}],"wp:featuredmedia":[{"embeddable":true,"href":"https:\/\/noticiasveracruz.com\/index.php\/wp-json\/wp\/v2\/media\/3616"}],"wp:attachment":[{"href":"https:\/\/noticiasveracruz.com\/index.php\/wp-json\/wp\/v2\/media?parent=10808"}],"wp:term":[{"taxonomy":"category","embeddable":true,"href":"https:\/\/noticiasveracruz.com\/index.php\/wp-json\/wp\/v2\/categories?post=10808"},{"taxonomy":"post_tag","embeddable":true,"href":"https:\/\/noticiasveracruz.com\/index.php\/wp-json\/wp\/v2\/tags?post=10808"}],"curies":[{"name":"wp","href":"https:\/\/api.w.org\/{rel}","templated":true}]}}