{"id":10754,"date":"2022-12-06T07:41:12","date_gmt":"2022-12-06T13:41:12","guid":{"rendered":"https:\/\/noticiasveracruz.com\/?p=10754"},"modified":"2022-12-06T07:41:12","modified_gmt":"2022-12-06T13:41:12","slug":"juan-manuel-de-unanue-estandarte-de-la-oposicion","status":"publish","type":"post","link":"https:\/\/noticiasveracruz.com\/index.php\/2022\/12\/06\/juan-manuel-de-unanue-estandarte-de-la-oposicion\/","title":{"rendered":"Juan Manuel de Unanue, estandarte de la oposici\u00f3n"},"content":{"rendered":"<p class=\"p1\">\n<p>&nbsp;<\/p>\n<p class=\"p1\"><span style=\"font-size: 18pt;\"><strong>Por Luis Ram\u00edrez Baqueiro<\/strong><\/span><\/p>\n<p class=\"p1\">\n<p>&nbsp;<\/p>\n<p class=\"p1\" style=\"text-align: center;\"><span style=\"font-size: 18pt;\"><strong>\u201cEl \u00e9xito en la vida consiste en seguir siempre adelante\u201d <\/strong><\/span><\/p>\n<p class=\"p1\" style=\"text-align: center;\"><span style=\"font-size: 18pt;\">\u2013\u00a0Samuel Johnson \u2013<\/span><\/p>\n<p class=\"p1\">\n<p>&nbsp;<\/p>\n<p class=\"p1\"><span style=\"font-size: 14pt;\">Gobernar un municipio no es tarea f\u00e1cil, muchos factores intervienen en el buen desarrollo de una administraci\u00f3n municipal exitosa.<\/span><\/p>\n<p class=\"p1\"><span style=\"font-size: 14pt;\">Se lo comento porque en el caso de Boca del R\u00edo, pocos hemos tomado en cuenta que es la primera vez en que a su actual autoridad las cosas le van en contra, ver\u00e1 usted.<\/span><\/p>\n<p class=\"p1\"><span style=\"font-size: 14pt;\">Siempre que gobern\u00f3 el PAN, en su mayor\u00eda tuvo gobiernos del PAN en el Gobierno Federal que ayudaron a hacer m\u00e1s sencilla su tarea y misi\u00f3n, o lograron tener el respaldo del Gobierno Estatal para hacerlo, por corto que fuera el periodo gubernamental.<\/span><\/p>\n<p class=\"p1\"><span style=\"font-size: 14pt;\">Recordamos que inclusive el ex alcalde Miguel \u00c1ngel Yunes M\u00e1rquez tuvo la oportunidad de ser alcalde, mientras su padre Miguel \u00c1ngel Yunes Linares era gobernador del Estado, cosa que influy\u00f3 en la obtenci\u00f3n de beneficiosos programas sociales y de inversi\u00f3n.<\/span><\/p>\n<p class=\"p1\"><span style=\"font-size: 14pt;\">La administraci\u00f3n a cargo de Juan Manuel de Unanue Abascal ha tenido que remar contra corriente, teniendo un presidente de la Rep\u00fablica emanado de la Cuarta Transformaci\u00f3n como Andr\u00e9s Manuel L\u00f3pez Obrador y un gobierno estatal de la misma corriente pol\u00edtica en la persona de Cuitl\u00e1huac Garc\u00eda Jim\u00e9nez.<\/span><\/p>\n<p class=\"p1\"><span style=\"font-size: 14pt;\">A pesar de ello, el mun\u00edcipe boque\u00f1o ha podido navegar en estas fuertes corrientes.<\/span><\/p>\n<p class=\"p1\"><span style=\"font-size: 14pt;\">Incluso de la mano del Gobierno del Estado, ha logrado hacer mancuerna para el desarrollo de actividades que han beneficiado al municipio en materia tur\u00edstica.<\/span><\/p>\n<p class=\"p1\"><span style=\"font-size: 14pt;\">El Festival de la Salsa desarrollado del 4 al 5 de junio dejaron un aforo cercano a los 300 mil visitantes mismos que arribaron de lugares tan distantes como la Rep\u00fablica Dominicana, que acudieron a disfrutar del impactante espect\u00e1culo desarrollado a lo largo del Sals\u00f3dromo sobre el boulevard Vicente Fox Quezada.<\/span><\/p>\n<p class=\"p1\"><span style=\"font-size: 14pt;\">El trabajo desarrollado a lo largo del primer a\u00f1o de administraci\u00f3n permiti\u00f3 poner en marcha un programa que ha beneficiado a los microempresarios y empresas locales en la promoci\u00f3n de sus productos, el denominado \u201cA pedir de Boca\u201d que ha dado voz a cientos de productores de alimentos, restaurantes, y todo tipo de negocio que tenga un producto que ofrecer a los boque\u00f1os.<\/span><\/p>\n<p class=\"p1\"><span style=\"font-size: 14pt;\">El impacto en redes sociales ha sido enorme y la verdad que ha visibilizado el esfuerzo tanto del empresariado como del gobierno.<\/span><\/p>\n<p class=\"p1\"><span style=\"font-size: 14pt;\">Durante este primer a\u00f1o de trabajo la recuperaci\u00f3n econ\u00f3mica en materia tur\u00edstica logr\u00f3 los mejores niveles de ocupaci\u00f3n hotelera del estado de Veracruz, durante periodos vacacionales, puentes y eventos tur\u00edsticos.<\/span><\/p>\n<p class=\"p1\"><span style=\"font-size: 14pt;\">De la mano de dichas acciones en Boca del R\u00edo el desarrollo de la obra p\u00fablica con 33 obras ha sido un importante activo, con la construcci\u00f3n de m\u00e1s de 36 kil\u00f3metros de calles y avenidas, la construcci\u00f3n de puentes peatonales, la ciudad toma y sigue mostrando un mejor rostro para la localidad.<\/span><\/p>\n<p class=\"p1\"><span style=\"font-size: 14pt;\">Por mucho el trabajo y papel desarrollado por Juan Manuel de Unanue Absacal al frente del Ayuntamiento de Boca del R\u00edo, lo convierte en estandarte del esfuerzo f\u00e9rreo que requiere la oposici\u00f3n para demostrar que tambi\u00e9n se consolidan como opci\u00f3n de gobierno.<\/span><\/p>\n<p class=\"p1\"><span style=\"font-size: 14pt;\">Para los futuristas ah\u00ed tienen un actor pol\u00edtico con calidad para llegado el momento gobernar porque no Veracruz.<\/span><\/p>\n<p>&nbsp;<\/p>\n<p>&nbsp;<\/p>\n<p class=\"p1\"><strong><span style=\"font-size: 18pt;\">Al tiempo.<\/span><\/strong><\/p>\n<p>&nbsp;<\/p>\n<p class=\"p1\"><span style=\"font-size: 18pt;\"><strong>Correo: <a href=\"mailto:astrolabiopoliticomx@gmail.com\">astrolabiopoliticomx@gmail.com<\/a><\/strong><\/span><\/p>\n<p class=\"p1\"><span style=\"font-size: 18pt;\"><strong>Twitter: <a href=\"http:\/\/www.twitter.com\/LuisBaqueiro_mx\">@LuisBaqueiro_mx<\/a><\/strong><\/span><\/p>\n<p>&nbsp;<\/p>\n<p><span style=\"font-size: 18pt; color: #e42d33;\"><em><strong>**Las columnas firmadas en este medio son responsabilidad de quienes las firman**<\/strong><\/em><\/span><\/p>\n<p>&nbsp;<\/p>\n<p>&nbsp;<\/p>\n<p>&nbsp;<\/p>\n<p>&nbsp;<\/p>\n<p>&nbsp;<\/p>\n","protected":false},"excerpt":{"rendered":"<p>&nbsp; Por Luis Ram\u00edrez Baqueiro &nbsp; \u201cEl \u00e9xito en la vida consiste en seguir siempre adelante\u201d \u2013\u00a0Samuel Johnson \u2013 &nbsp;<\/p>\n","protected":false},"author":4,"featured_media":3572,"comment_status":"closed","ping_status":"closed","sticky":false,"template":"","format":"standard","meta":{"colormag_page_container_layout":"default_layout","colormag_page_sidebar_layout":"default_layout","_jetpack_memberships_contains_paid_content":false,"footnotes":"","jetpack_publicize_message":"","jetpack_publicize_feature_enabled":true,"jetpack_social_post_already_shared":true,"jetpack_social_options":{"image_generator_settings":{"template":"highway","default_image_id":0,"font":"","enabled":false},"version":2}},"categories":[6],"tags":[],"class_list":["post-10754","post","type-post","status-publish","format-standard","has-post-thumbnail","hentry","category-columnistas"],"jetpack_publicize_connections":[],"jetpack_featured_media_url":"https:\/\/noticiasveracruz.com\/wp-content\/uploads\/2022\/04\/LUIS-RAMI\u0301REZ-BAQUEIRO.png","jetpack_sharing_enabled":true,"publishpress_future_action":{"enabled":false,"date":"2026-05-06 18:13:02","action":"change-status","newStatus":"draft","terms":[],"taxonomy":"category","extraData":[]},"publishpress_future_workflow_manual_trigger":{"enabledWorkflows":[]},"_links":{"self":[{"href":"https:\/\/noticiasveracruz.com\/index.php\/wp-json\/wp\/v2\/posts\/10754","targetHints":{"allow":["GET"]}}],"collection":[{"href":"https:\/\/noticiasveracruz.com\/index.php\/wp-json\/wp\/v2\/posts"}],"about":[{"href":"https:\/\/noticiasveracruz.com\/index.php\/wp-json\/wp\/v2\/types\/post"}],"author":[{"embeddable":true,"href":"https:\/\/noticiasveracruz.com\/index.php\/wp-json\/wp\/v2\/users\/4"}],"replies":[{"embeddable":true,"href":"https:\/\/noticiasveracruz.com\/index.php\/wp-json\/wp\/v2\/comments?post=10754"}],"version-history":[{"count":0,"href":"https:\/\/noticiasveracruz.com\/index.php\/wp-json\/wp\/v2\/posts\/10754\/revisions"}],"wp:featuredmedia":[{"embeddable":true,"href":"https:\/\/noticiasveracruz.com\/index.php\/wp-json\/wp\/v2\/media\/3572"}],"wp:attachment":[{"href":"https:\/\/noticiasveracruz.com\/index.php\/wp-json\/wp\/v2\/media?parent=10754"}],"wp:term":[{"taxonomy":"category","embeddable":true,"href":"https:\/\/noticiasveracruz.com\/index.php\/wp-json\/wp\/v2\/categories?post=10754"},{"taxonomy":"post_tag","embeddable":true,"href":"https:\/\/noticiasveracruz.com\/index.php\/wp-json\/wp\/v2\/tags?post=10754"}],"curies":[{"name":"wp","href":"https:\/\/api.w.org\/{rel}","templated":true}]}}