{"id":10744,"date":"2022-12-05T19:25:20","date_gmt":"2022-12-06T01:25:20","guid":{"rendered":"https:\/\/noticiasveracruz.com\/?p=10744"},"modified":"2022-12-05T19:25:42","modified_gmt":"2022-12-06T01:25:42","slug":"familias-tuxpenas-reciben-apoyos-del-programa-desarrollo-a-la-vivienda-y-la-comunidad","status":"publish","type":"post","link":"https:\/\/noticiasveracruz.com\/index.php\/2022\/12\/05\/familias-tuxpenas-reciben-apoyos-del-programa-desarrollo-a-la-vivienda-y-la-comunidad\/","title":{"rendered":"Familias tuxpe\u00f1as reciben apoyos del Programa Desarrollo a la Vivienda y la Comunidad"},"content":{"rendered":"<p>&nbsp;<\/p>\n<p class=\"p1\"><span style=\"font-size: 14pt;\"><em><strong>TUXPAN, VERACRUZ.<\/strong> <\/em>El alcalde <strong>Jos\u00e9 Manuel Pozos Castro y Pamela Morales Huesca<\/strong>, presidenta del DIF Tuxpan, encabezaron la <strong>entrega de apoyos del Programa Desarrollo a la Vivienda y la Comunidad con el objetivo de mejorar las condiciones de vida de las familias m\u00e1s vulnerables de las comunidades. <\/strong><\/span><\/p>\n<p class=\"p1\"><span style=\"font-size: 18pt;\"><strong>El alcalde Jos\u00e9 Manuel Pozos Castro agradeci\u00f3 al DIF Estatal por el respaldo que brinda para que m\u00e1s familias tuxpe\u00f1as puedan acceder a diversos beneficios que otorgan estos programas asistenciales.<\/strong><\/span><\/p>\n<p>&nbsp;<\/p>\n<p><img loading=\"lazy\" decoding=\"async\" class=\"aligncenter wp-image-13433 size-large\" src=\"https:\/\/politicosaldesnudo.com.mx\/wp-content\/uploads\/2022\/12\/P-DESARROLLO-ALA-VIVIENDA-TUXPAN-4-1024x573.png\" alt=\"\" width=\"800\" height=\"448\" \/><\/p>\n<p>&nbsp;<\/p>\n<blockquote>\n<p class=\"p1\"><span style=\"font-size: 14pt;\">Trabajando en forma coordinada, entre los tres niveles de gobierno, podremos seguir mejorando las condiciones de bienestar de las familias que viven en situaci\u00f3n de pobreza y vulnerabilidad\u201d <\/span><\/p>\n<\/blockquote>\n<p class=\"p1\"><span style=\"font-size: 14pt;\">As\u00ed, Jos\u00e9 Manuel Pozos Castro agradeci\u00f3 tambi\u00e9n al presidente Andr\u00e9s Manuel L\u00f3pez Obrador, al gobernador Cuitl\u00e1huac Garc\u00eda Jim\u00e9nez y al equipo del DIF Tuxpan. <\/span><\/p>\n<p>&nbsp;<\/p>\n<blockquote>\n<p class=\"p1\"><span style=\"font-size: 14pt;\">Hoy vivimos una etapa diferente; apoyamos donde m\u00e1s se necesita, donde m\u00e1s rezago social se tiene, para beneficiar a quienes estuvieron olvidados por muchos a\u00f1os\u201d<\/span><\/p>\n<\/blockquote>\n<p>&nbsp;<\/p>\n<p><img loading=\"lazy\" decoding=\"async\" class=\"aligncenter wp-image-13431 size-large\" src=\"https:\/\/politicosaldesnudo.com.mx\/wp-content\/uploads\/2022\/12\/P-DESARROLLO-ALA-VIVIENDA-TUXPAN-2-1024x573.png\" alt=\"\" width=\"800\" height=\"448\" \/><\/p>\n<p>&nbsp;<\/p>\n<p class=\"p1\"><span style=\"font-size: 18pt;\"><strong>Para concluir, Jos\u00e9 Manuel Pozos se comprometi\u00f3 a seguir trabajando cotidianamente para que m\u00e1s familias accedan a una vivienda digna y puedan transformar sus condiciones.<\/strong><\/span><\/p>\n<p class=\"p1\"><span style=\"font-size: 14pt;\">En esta entrega estuvieron acompa\u00f1ados por la Sindica \u00danica, Beatriz Pi\u00f1a Vergara; Celeste Esmeralda Olarte San Juan en representaci\u00f3n de la regidora Maryanela Monroy Flores, comisionada en Promoci\u00f3n y Defensa de los Derechos Humanos de la Ni\u00f1ez y la Infancia.<\/span><\/p>\n<p class=\"p1\"><span style=\"font-size: 14pt;\">Adem\u00e1s, Eliseo Reyes Melchor, director del DIF Municipal y Mar\u00eda del Carmen Ramos Alejandre, coordinadora de Asistencia Alimentaria del Sistema Comunitario.<\/span><\/p>\n<p>&nbsp;<\/p>\n<p>&nbsp;<\/p>\n<p><img loading=\"lazy\" decoding=\"async\" class=\"aligncenter wp-image-13432 size-large\" src=\"https:\/\/politicosaldesnudo.com.mx\/wp-content\/uploads\/2022\/12\/P-DESARROLLO-ALA-VIVIENDA-TUXPAN-3-1024x573.png\" alt=\"\" width=\"800\" height=\"448\" \/><\/p>\n<p>&nbsp;<\/p>\n","protected":false},"excerpt":{"rendered":"<p>&nbsp; TUXPAN, VERACRUZ. El alcalde Jos\u00e9 Manuel Pozos Castro y Pamela Morales Huesca, presidenta del DIF Tuxpan, encabezaron la entrega<\/p>\n","protected":false},"author":4,"featured_media":10745,"comment_status":"closed","ping_status":"closed","sticky":false,"template":"","format":"standard","meta":{"colormag_page_container_layout":"default_layout","colormag_page_sidebar_layout":"default_layout","_jetpack_memberships_contains_paid_content":false,"footnotes":"","jetpack_publicize_message":"","jetpack_publicize_feature_enabled":true,"jetpack_social_post_already_shared":true,"jetpack_social_options":{"image_generator_settings":{"template":"highway","default_image_id":0,"font":"","enabled":false},"version":2}},"categories":[356],"tags":[1042,1805,701,1778,1806],"class_list":["post-10744","post","type-post","status-publish","format-standard","has-post-thumbnail","hentry","category-veracruz","tag-dif-tuxpan","tag-familias-tuxpenas","tag-jose-manuel-pozos","tag-pamela-morales","tag-vivienda-y-la-comunidad"],"jetpack_publicize_connections":[],"jetpack_featured_media_url":"https:\/\/noticiasveracruz.com\/wp-content\/uploads\/2022\/12\/P-DESARROLLO-ALA-VIVIENDA-TUXPAN-1.png","jetpack_sharing_enabled":true,"publishpress_future_action":{"enabled":false,"date":"2026-05-06 17:27:39","action":"change-status","newStatus":"draft","terms":[],"taxonomy":"category","extraData":[]},"publishpress_future_workflow_manual_trigger":{"enabledWorkflows":[]},"_links":{"self":[{"href":"https:\/\/noticiasveracruz.com\/index.php\/wp-json\/wp\/v2\/posts\/10744","targetHints":{"allow":["GET"]}}],"collection":[{"href":"https:\/\/noticiasveracruz.com\/index.php\/wp-json\/wp\/v2\/posts"}],"about":[{"href":"https:\/\/noticiasveracruz.com\/index.php\/wp-json\/wp\/v2\/types\/post"}],"author":[{"embeddable":true,"href":"https:\/\/noticiasveracruz.com\/index.php\/wp-json\/wp\/v2\/users\/4"}],"replies":[{"embeddable":true,"href":"https:\/\/noticiasveracruz.com\/index.php\/wp-json\/wp\/v2\/comments?post=10744"}],"version-history":[{"count":0,"href":"https:\/\/noticiasveracruz.com\/index.php\/wp-json\/wp\/v2\/posts\/10744\/revisions"}],"wp:featuredmedia":[{"embeddable":true,"href":"https:\/\/noticiasveracruz.com\/index.php\/wp-json\/wp\/v2\/media\/10745"}],"wp:attachment":[{"href":"https:\/\/noticiasveracruz.com\/index.php\/wp-json\/wp\/v2\/media?parent=10744"}],"wp:term":[{"taxonomy":"category","embeddable":true,"href":"https:\/\/noticiasveracruz.com\/index.php\/wp-json\/wp\/v2\/categories?post=10744"},{"taxonomy":"post_tag","embeddable":true,"href":"https:\/\/noticiasveracruz.com\/index.php\/wp-json\/wp\/v2\/tags?post=10744"}],"curies":[{"name":"wp","href":"https:\/\/api.w.org\/{rel}","templated":true}]}}