{"id":10741,"date":"2022-12-05T19:13:59","date_gmt":"2022-12-06T01:13:59","guid":{"rendered":"https:\/\/noticiasveracruz.com\/?p=10741"},"modified":"2022-12-05T19:13:59","modified_gmt":"2022-12-06T01:13:59","slug":"continua-en-tuxpan-las-inscripciones-para-el-concurso-de-carritos-del-dia-del-nino-perdido","status":"publish","type":"post","link":"https:\/\/noticiasveracruz.com\/index.php\/2022\/12\/05\/continua-en-tuxpan-las-inscripciones-para-el-concurso-de-carritos-del-dia-del-nino-perdido\/","title":{"rendered":"Continua en Tuxpan las inscripciones para el \u201cConcurso de Carritos del D\u00eda del Ni\u00f1o Perdido\u201d"},"content":{"rendered":"<p>&nbsp;<\/p>\n<p><span style=\"font-size: 18pt;\"><strong>&lt;&lt; El gobierno municipal otorgar\u00e1 premios en efectivo para los 3 primeros lugares &gt;&gt;<\/strong><\/span><\/p>\n<p>&nbsp;<\/p>\n<p><span style=\"font-size: 14pt;\"><em><strong>TUXPAN, VERACRUZ.<\/strong><\/em> El Gobierno de Tuxpan hace un atento recordatorio a la ciudadan\u00eda para que inscriban a sus ni\u00f1as y ni\u00f1os en el \u201cConcurso de Carritos del D\u00eda del Ni\u00f1o Perdido\u201d, pr\u00f3ximo a realizarse el mi\u00e9rcoles 7 de diciembre.<\/span><\/p>\n<p><span style=\"font-size: 14pt;\">El concurso iniciar\u00e1 a las 19:00 horas en la Plaza C\u00edvica, y podr\u00e1n participar ni\u00f1as y ni\u00f1os de 2 a 12 a\u00f1os de edad.<\/span><\/p>\n<p><span style=\"font-size: 14pt;\">Las inscripciones son totalmente gratuitas; pueden registrarse este 5 y 6 de diciembre en la Direcci\u00f3n de Turismo Municipal ubicada en el Parque Reforma de 09:00 a 16:00 horas.<\/span><\/p>\n<p><span style=\"font-size: 18pt;\"><strong>El concurso se dividir\u00e1 en dos categor\u00edas: Tradicional y Libre, y los tres primeros lugares de cada una de ellas recibir\u00e1n premios en efectivo; el primer lugar ganar\u00e1 5 mil pesos, el segundo lugar 3 mil pesos y tercer lugar mil pesos.<\/strong><\/span><\/p>\n<p>&nbsp;<\/p>\n<p style=\"text-align: center;\"><span style=\"font-size: 18pt; color: #e42d33;\"><strong>Checa la convocatoria para participar:\u00a0<\/strong><\/span><\/p>\n<p>&nbsp;<\/p>\n<p><img loading=\"lazy\" decoding=\"async\" class=\"aligncenter wp-image-13426 size-large\" src=\"https:\/\/politicosaldesnudo.com.mx\/wp-content\/uploads\/2022\/12\/P-CONVOCATORIA-CONCURSO-DIADELNINO-PERDIDO-791x1024.png\" alt=\"\" width=\"791\" height=\"1024\" \/><\/p>\n<p>&nbsp;<\/p>\n<p>&nbsp;<\/p>\n<p>&nbsp;<\/p>\n","protected":false},"excerpt":{"rendered":"<p>&nbsp; &lt;&lt; El gobierno municipal otorgar\u00e1 premios en efectivo para los 3 primeros lugares &gt;&gt; &nbsp; TUXPAN, VERACRUZ. El Gobierno<\/p>\n","protected":false},"author":4,"featured_media":10742,"comment_status":"closed","ping_status":"closed","sticky":false,"template":"","format":"standard","meta":{"colormag_page_container_layout":"default_layout","colormag_page_sidebar_layout":"default_layout","_jetpack_memberships_contains_paid_content":false,"footnotes":"","jetpack_publicize_message":"","jetpack_publicize_feature_enabled":true,"jetpack_social_post_already_shared":true,"jetpack_social_options":{"image_generator_settings":{"template":"highway","default_image_id":0,"font":"","enabled":false},"version":2}},"categories":[145],"tags":[1637,1804,585,72,73],"class_list":["post-10741","post","type-post","status-publish","format-standard","has-post-thumbnail","hentry","category-estados","tag-concurso","tag-dia-del-nino-perdido","tag-ninos","tag-tuxpan","tag-veracruz"],"jetpack_publicize_connections":[],"jetpack_featured_media_url":"https:\/\/noticiasveracruz.com\/wp-content\/uploads\/2022\/12\/P-CONCURSO-DIADELNINO-PERDIDO.png","jetpack_sharing_enabled":true,"publishpress_future_action":{"enabled":false,"date":"2026-05-08 02:23:45","action":"change-status","newStatus":"draft","terms":[],"taxonomy":"category","extraData":[]},"publishpress_future_workflow_manual_trigger":{"enabledWorkflows":[]},"_links":{"self":[{"href":"https:\/\/noticiasveracruz.com\/index.php\/wp-json\/wp\/v2\/posts\/10741","targetHints":{"allow":["GET"]}}],"collection":[{"href":"https:\/\/noticiasveracruz.com\/index.php\/wp-json\/wp\/v2\/posts"}],"about":[{"href":"https:\/\/noticiasveracruz.com\/index.php\/wp-json\/wp\/v2\/types\/post"}],"author":[{"embeddable":true,"href":"https:\/\/noticiasveracruz.com\/index.php\/wp-json\/wp\/v2\/users\/4"}],"replies":[{"embeddable":true,"href":"https:\/\/noticiasveracruz.com\/index.php\/wp-json\/wp\/v2\/comments?post=10741"}],"version-history":[{"count":0,"href":"https:\/\/noticiasveracruz.com\/index.php\/wp-json\/wp\/v2\/posts\/10741\/revisions"}],"wp:featuredmedia":[{"embeddable":true,"href":"https:\/\/noticiasveracruz.com\/index.php\/wp-json\/wp\/v2\/media\/10742"}],"wp:attachment":[{"href":"https:\/\/noticiasveracruz.com\/index.php\/wp-json\/wp\/v2\/media?parent=10741"}],"wp:term":[{"taxonomy":"category","embeddable":true,"href":"https:\/\/noticiasveracruz.com\/index.php\/wp-json\/wp\/v2\/categories?post=10741"},{"taxonomy":"post_tag","embeddable":true,"href":"https:\/\/noticiasveracruz.com\/index.php\/wp-json\/wp\/v2\/tags?post=10741"}],"curies":[{"name":"wp","href":"https:\/\/api.w.org\/{rel}","templated":true}]}}