{"id":10729,"date":"2022-12-05T02:15:22","date_gmt":"2022-12-05T08:15:22","guid":{"rendered":"https:\/\/noticiasveracruz.com\/?p=10729"},"modified":"2022-12-05T02:15:22","modified_gmt":"2022-12-05T08:15:22","slug":"empieza-la-lucha-por-el-estado-de-mexico-y-coahuila","status":"publish","type":"post","link":"https:\/\/noticiasveracruz.com\/index.php\/2022\/12\/05\/empieza-la-lucha-por-el-estado-de-mexico-y-coahuila\/","title":{"rendered":"Empieza la lucha por el Estado de M\u00e9xico y Coahuila"},"content":{"rendered":"<p>&nbsp;<\/p>\n<p>&nbsp;<\/p>\n<p class=\"p1\"><span style=\"font-size: 18pt;\"><b>&lt;&lt; El panorama pol\u00edtico del pa\u00eds puede cambiar radicalmente en menos de dos a\u00f1os, depende de la poblaci\u00f3n su rumbo &gt;&gt;<\/b><\/span><\/p>\n<p class=\"p1\"><span style=\"font-size: 18pt;\"><b>\u00a0<\/b><\/span><\/p>\n<p class=\"p1\"><span style=\"font-size: 18pt;\"><b>Por \u00c1ngel \u00c1lvaro Pe\u00f1a<\/b><\/span><\/p>\n<p class=\"p1\"><span style=\"font-size: 18pt;\"><strong><span style=\"color: #e42d33;\">La marcha del domingo 4 de noviembre en Saltillo, Coahuila dio inicio en la pr\u00e1ctica al a\u00f1o electoral que tendr\u00e1 como centro las elecciones del 4 de junio, cuando se renueven las gubernaturas del Estado de M\u00e9xico y Coahuila,<\/span> donde los candidatos de Morena est\u00e1n definidos y la alianza opositora apenas negocia su coalici\u00f3n que parece suicida, porque PAN y PRI tienen a sus candidatos muy arraigados en la intenci\u00f3n de competir, lo cual divide a la alianza y, de hecho tambi\u00e9n a esos partidos en su interior.<\/strong><\/span><\/p>\n<p class=\"p1\"><span style=\"font-size: 14pt;\">El PAN tiene como su posible candidato a Enrique del Villar, ex presidente municipal de Huixquilucan, donde no tuvo un desempe\u00f1o transparente y fue tan oscuro que debi\u00f3 dejar a su esposa en ese cargo para que le cuidara las espaldas.<\/span><\/p>\n<p class=\"p1\"><span style=\"font-size: 18pt;\"><strong>El 5 de agosto,\u00a0Enrique Vargas del Villar\u00a0fue presentado por Marko Cort\u00e9s, dirigente nacional del PAN, como\u00a0candidato\u00a0para la gubernatura de 2023 en Estado de M\u00e9xico.<\/strong><\/span><\/p>\n<p>&nbsp;<\/p>\n<p><img loading=\"lazy\" decoding=\"async\" class=\"aligncenter wp-image-9202 size-large\" src=\"https:\/\/politicosaldesnudo.com.mx\/wp-content\/uploads\/2022\/08\/P-ACCON-NACIONAL-EDOMEX1-1024x573.png\" alt=\"\" width=\"800\" height=\"448\" \/><\/p>\n<p>&nbsp;<\/p>\n<p class=\"p1\"><span style=\"font-size: 14pt;\">De inmediato empezaron a surgir los tropiezos del panista que merecieron la calificaci\u00f3n de prepotente y violento, ya que se le acus\u00f3 y sentenci\u00f3 como una persona violenta al golpear a su t\u00eda, amenazar con un arma de fuego a polic\u00edas, de maltratar uniformados, de destruir libros en la tribuna del Congreso. El nombramiento ocasion\u00f3 que hasta el ex presidente Felipe Calder\u00f3n, calificara la designaci\u00f3n temprana como una \u201cincre\u00edble bajeza\u201d.<\/span><\/p>\n<p class=\"p1\"><span style=\"font-size: 14pt;\">En el PRI la candidatura no est\u00e1 libre de divisiones internas, a pesar de que se trata de uno de los bastiones del tricolor, y sede del Grupo Atlacomulco, que mantuvo el poder en sus manos por d\u00e9cadas.<\/span><\/p>\n<p class=\"p1\"><span style=\"font-size: 18pt;\"><strong>Ante la designaci\u00f3n de la favorita del gobernador Alfredo del Mazo Maza, el Grupo Atlacomulco, acostumbrado a designar candidatos desde el siglo pasado, sobre todo en el Edomex, mostr\u00f3 su inconformidad con la designaci\u00f3n, ya que su candidata era Ana Lilia Herrera Anzaldo. Ante la imposibilidad de nombrar su alfil electoral, comentan los miembros de ese poderoso grupo que el gobernador priista coloc\u00f3 en la candidatura a Del Moral para que perdiera las elecciones y ganara Morena, con la maestra Delfina G\u00f3mez, producto de una negociaci\u00f3n en lo oscurito.<\/strong><\/span><\/p>\n<p class=\"p1\"><span style=\"font-size: 18pt; color: #e42d33;\"><strong>La marcha del subsecretario de Seguridad Ciudadana en Saltillo, Ricardo Mej\u00eda Berdeja, mostr\u00f3 m\u00fasculo en Saltillo, a pesar de que las autoridades municipales encabezadas poder el pri\u00edsta Jos\u00e9 Mar\u00eda Fraustro Siller, trat\u00f3 de cerrar calles de la manifestaci\u00f3n con el pretexto de que se colocar\u00edan las luces navide\u00f1as. Se cuenta, conservadoramente, m\u00e1s de 15 mil personas encabezadas por el posible candidato de Morena a la gubernatura.<\/strong><\/span><\/p>\n<p>&nbsp;<\/p>\n<p><img loading=\"lazy\" decoding=\"async\" class=\"wp-image-13414 size-full aligncenter\" src=\"https:\/\/politicosaldesnudo.com.mx\/wp-content\/uploads\/2022\/12\/P-MARCHA-BERDEJA-2.png\" alt=\"\" width=\"760\" height=\"682\" \/><\/p>\n<p>&nbsp;<\/p>\n<p>&nbsp;<\/p>\n<p class=\"p1\"><span style=\"font-size: 18pt; color: #e42d33;\"><b>ARMANDO EQUIPOS <\/b><\/span><\/p>\n<p class=\"p1\"><span style=\"font-size: 14pt;\">En el Estado de M\u00e9xico, a pesar de que hay encuestas que luego rectifican como la de un diario financiero que aseguraba que la poblaci\u00f3n favorec\u00eda a la alianza opositora y luego debi\u00f3 aclarar que se equivocaron, la tendencia del voto le da un triunfo a Morena, en una proporci\u00f3n de dos votos a uno.<\/span><\/p>\n<p class=\"p1\"><span style=\"font-size: 14pt;\">De perder este basti\u00f3n, el PRI estar\u00eda agonizando y seguramente apostar\u00e1 al triunfo por cualquier medio.<\/span><\/p>\n<p class=\"p1\"><span style=\"font-size: 18pt;\"><strong>En Morena se arm\u00f3 un equipo que tiene pr\u00e1cticamente peinada la entidad como es el caso de la zona de Texcoco que domina, en m\u00e1s de un sentido, Higinio Mart\u00ednez, y con la asesor\u00eda permanente de un experto en asunto electorales como auxiliar de campa\u00f1a como Horacio Duarte, para apoyar a la maestra.<\/strong><\/span><\/p>\n<p>&nbsp;<\/p>\n<p><img loading=\"lazy\" decoding=\"async\" class=\"aligncenter wp-image-13416 size-large\" src=\"https:\/\/politicosaldesnudo.com.mx\/wp-content\/uploads\/2022\/12\/P-DELFINA-MORENA-1024x573.png\" alt=\"\" width=\"800\" height=\"448\" \/><\/p>\n<p>&nbsp;<\/p>\n<p class=\"p1\"><span style=\"font-size: 14pt;\">El contrincante m\u00e1s d\u00e9bil ser\u00eda el rockero de Movimiento Ciudadano, Juan Zepeda, actual senador que intenta, desde ahora hacer amarres, con poco \u00e9xito.<\/span><\/p>\n<p class=\"p1\"><span style=\"font-size: 14pt;\">Es decir, que d\u00e9 perder Morena el Edomex, la entidad se volver\u00eda un polvor\u00edn que dif\u00edcilmente pudiera controlar el propio Presidente de la Rep\u00fablica.<\/span><\/p>\n<p class=\"p1\"><span style=\"font-size: 14pt;\">En Coahuila, Mej\u00eda tiene poca competencia, se presenta como posible el ex senador Luis Fernando Salazar, y el vaquero de dudosa honestidad, Armando Guadiana.<\/span><\/p>\n<p class=\"p1\"><span style=\"font-size: 14pt;\">El PAN, para variar, carece de candidatos fuertes en la entidad, porque se barajan varios nombres, pero todos con pocas posibilidades de triunfo, como es el caso de Guillermo Anaya, ex senador y ex diputado federal; Alfredo Paredes, ex presidente municipal de Monclova, y, todav\u00eda con menos posibilidades, Marcelo Torres, ex diputado local.<\/span><\/p>\n<p class=\"p1\"><span style=\"font-size: 14pt;\">Por el tricolor, que quiere montarse en el oscuro periodo de los Moreira, estar\u00edan compitiendo por la candidatura Manolo Jim\u00e9nez, actual secretario de Inclusi\u00f3n y Desarrollo Social; Eduardo Olmos Castro, diputado local; Jeric\u00f3 Abramo, diputado federal, entre otros.<\/span><\/p>\n<p class=\"p1\"><span style=\"font-size: 14pt;\">La herencia de los Moreira y la p\u00e9sima gesti\u00f3n de Miguel Riquelme Sol\u00eds, favorecen a Morena en la intenci\u00f3n del voto y la marcha del domingo 4, mostr\u00f3 m\u00fasculo m\u00e1s all\u00e1 de lo previsible.<\/span><\/p>\n<p class=\"p1\"><span style=\"font-size: 14pt;\">Para 2024, adem\u00e1s de la Presidencia de la Rep\u00fablica habr\u00e1 9 gubernaturas en juego, con algunos de esa entidad con candidato anunciado desde ahora, como es el caso de la Ciudad de M\u00e9xico, donde por Morena anuncia a Omar Garc\u00eda Harfuch, hijo de Javier Garc\u00eda Paniagua. Por la oposici\u00f3n se apuntan espont\u00e1neas sin ninguna posibilidad de triunfo X\u00f3chitl G\u00e1lvez y Kenia L\u00f3pez Rabad\u00e1n, ambas senadoras del PAN.<\/span><\/p>\n<p class=\"p1\"><span style=\"font-size: 14pt;\">Para Chiapas, desde ahora se perfila por Morena, el actual director general del IMSS, Zo\u00e9 Robledo, hijo del ex gobernador priista de esa entidad, Eduardo Robledo Rinc\u00f3n.<\/span><\/p>\n<p class=\"p1\"><span style=\"font-size: 14pt;\">A Guanajuato, basti\u00f3n del PAN, partido que convirti\u00f3 la entidad en el estado m\u00e1s violento del pa\u00eds desde hace un par de a\u00f1os, se perfila la senadora Antares V\u00e1zquez.<\/span><\/p>\n<p class=\"p1\"><span style=\"font-size: 14pt;\">Tambi\u00e9n habr\u00e1 elecciones para renovar gobernador en cuatro entidades donde no hay todav\u00eda posibles candidatos a las gubernaturas como son Jalisco, ahora en manos de MC; Morelos, en manos de Encuesto Social, Puebla y Tabasco, gobernados por Morena.<\/span><\/p>\n<p class=\"p1\"><span style=\"font-size: 18pt;\"><strong>Veracruz, gobernador por Morena, tiene como candidata a la Secretaria de Energ\u00eda Roc\u00edo Nahle, aunque hay dentro de Morena, algunos precandidatos de risa como podr\u00eda ser el ex stripper,\u00a0Zenyazen Escobar Garc\u00eda, otros m\u00e1s serios como el espont\u00e1neo Sergio Guti\u00e9rrez Luna, por nombrar s\u00f3lo algunos.<\/strong><\/span><\/p>\n<p class=\"p1\"><span style=\"font-size: 14pt;\">En la oposici\u00f3n figuran, por el PAN, Julen Rementer\u00eda, actual senador; Miguel \u00c1ngel Yunes M\u00e1rquez, Patricia Lobeira, entre otros.<\/span><\/p>\n<p class=\"p1\"><span style=\"font-size: 14pt;\">Por el PRI se apuntan, desde ahora, Pepe Yunes, H\u00e9ctor Yunes Landa, entre otros.<\/span><\/p>\n<p class=\"p1\"><span style=\"font-size: 14pt;\">En esta cascada de elecciones de 2024, aparece el \u00fanico estado que podr\u00eda seguir quedando en manos de Acci\u00f3n Nacional que es Yucat\u00e1n, debido a la buena administraci\u00f3n de Mauricio Vila, quien le ha dado seguridad a la poblaci\u00f3n de la entidad.<\/span><\/p>\n<p class=\"p1\"><span style=\"font-size: 14pt;\">El padr\u00f3n electoral del pa\u00eds rebasa los 95 millones de ciudadanos con derecho a voto, y se espera que se disminuya considerablemente el nivel de abstencionismo. Pero tambi\u00e9n se espera un INE m\u00e1s imparcial y decente.<\/span><\/p>\n<p class=\"p1\"><span style=\"font-size: 14pt;\">En 2024 se elegir\u00e1n los 128 senadores, los 500 diputados federales, nueve gubernaturas, adem\u00e1s de Presidente o Presidenta de la Rep\u00fablica.<\/span><\/p>\n<p class=\"p1\"><span style=\"font-size: 14pt;\">Desde ahora hay simpat\u00edas y antipat\u00edas que deber\u00e1n tomar forma durante los pr\u00f3ximos meses para que haya cada d\u00eda mayor conciencia sobre la decisi\u00f3n de los mexicanos en las urnas.<\/span><\/p>\n<p>&nbsp;<\/p>\n<p>&nbsp;<\/p>\n<p>&nbsp;<\/p>\n<p>&nbsp;<\/p>\n<p class=\"p1\">\n","protected":false},"excerpt":{"rendered":"<p>&nbsp; &nbsp; &lt;&lt; El panorama pol\u00edtico del pa\u00eds puede cambiar radicalmente en menos de dos a\u00f1os, depende de la poblaci\u00f3n<\/p>\n","protected":false},"author":4,"featured_media":10730,"comment_status":"closed","ping_status":"closed","sticky":false,"template":"","format":"standard","meta":{"colormag_page_container_layout":"default_layout","colormag_page_sidebar_layout":"default_layout","_jetpack_memberships_contains_paid_content":false,"footnotes":"","jetpack_publicize_message":"","jetpack_publicize_feature_enabled":true,"jetpack_social_post_already_shared":true,"jetpack_social_options":{"image_generator_settings":{"template":"highway","default_image_id":0,"font":"","enabled":false},"version":2}},"categories":[4],"tags":[1197,1195,578,1802,84,74,1803],"class_list":["post-10729","post","type-post","status-publish","format-standard","has-post-thumbnail","hentry","category-nacional","tag-coahuila","tag-delfina-gomez","tag-edomex","tag-enrique-del-villar","tag-morena","tag-pan","tag-ricardo-mejia-berdeja"],"jetpack_publicize_connections":[],"jetpack_featured_media_url":"https:\/\/noticiasveracruz.com\/wp-content\/uploads\/2022\/12\/P-MARCHA-BERDEJA-1.png","jetpack_sharing_enabled":true,"publishpress_future_action":{"enabled":false,"date":"2026-05-06 17:27:54","action":"change-status","newStatus":"draft","terms":[],"taxonomy":"category","extraData":[]},"publishpress_future_workflow_manual_trigger":{"enabledWorkflows":[]},"_links":{"self":[{"href":"https:\/\/noticiasveracruz.com\/index.php\/wp-json\/wp\/v2\/posts\/10729","targetHints":{"allow":["GET"]}}],"collection":[{"href":"https:\/\/noticiasveracruz.com\/index.php\/wp-json\/wp\/v2\/posts"}],"about":[{"href":"https:\/\/noticiasveracruz.com\/index.php\/wp-json\/wp\/v2\/types\/post"}],"author":[{"embeddable":true,"href":"https:\/\/noticiasveracruz.com\/index.php\/wp-json\/wp\/v2\/users\/4"}],"replies":[{"embeddable":true,"href":"https:\/\/noticiasveracruz.com\/index.php\/wp-json\/wp\/v2\/comments?post=10729"}],"version-history":[{"count":0,"href":"https:\/\/noticiasveracruz.com\/index.php\/wp-json\/wp\/v2\/posts\/10729\/revisions"}],"wp:featuredmedia":[{"embeddable":true,"href":"https:\/\/noticiasveracruz.com\/index.php\/wp-json\/wp\/v2\/media\/10730"}],"wp:attachment":[{"href":"https:\/\/noticiasveracruz.com\/index.php\/wp-json\/wp\/v2\/media?parent=10729"}],"wp:term":[{"taxonomy":"category","embeddable":true,"href":"https:\/\/noticiasveracruz.com\/index.php\/wp-json\/wp\/v2\/categories?post=10729"},{"taxonomy":"post_tag","embeddable":true,"href":"https:\/\/noticiasveracruz.com\/index.php\/wp-json\/wp\/v2\/tags?post=10729"}],"curies":[{"name":"wp","href":"https:\/\/api.w.org\/{rel}","templated":true}]}}