{"id":10723,"date":"2022-12-05T01:37:25","date_gmt":"2022-12-05T07:37:25","guid":{"rendered":"https:\/\/noticiasveracruz.com\/?p=10723"},"modified":"2022-12-05T01:38:29","modified_gmt":"2022-12-05T07:38:29","slug":"ahi-viene-el-candidato-opositor","status":"publish","type":"post","link":"https:\/\/noticiasveracruz.com\/index.php\/2022\/12\/05\/ahi-viene-el-candidato-opositor\/","title":{"rendered":"Ah\u00ed viene el candidato opositor"},"content":{"rendered":"<p>&nbsp;<\/p>\n<p class=\"p1\"><span style=\"font-size: 18pt;\"><b>Por \u00c1ngel \u00c1lvaro Pe\u00f1a<\/b><\/span><\/p>\n<p class=\"p1\"><span style=\"font-size: 18pt;\"><strong>Falta poco menos de un a\u00f1o para que empiece en realidad la selecci\u00f3n de candidatos para la Presidencia de la Rep\u00fablica, pero lo que se advierte en todos los partidos, dentro y fuera del poder, con o sin alianza es que los posibles dividen al interior de sus organismos pol\u00edticos y esto si no se subsana, arrojar\u00eda divisi\u00f3n, escisiones, caminos de partidos, abstencionismo y voto de castigo.<\/strong><\/span><\/p>\n<p class=\"p1\"><span style=\"font-size: 14pt;\">Es decir, estamos hablando de un verdadero retroceso en el proceso de elecci\u00f3n interna de los partidos con miras a las elecciones presidenciales.<\/span><\/p>\n<p class=\"p1\"><span style=\"font-size: 18pt;\"><strong>Las declaraciones de los implicados son contundentes y cada d\u00eda m\u00e1s tajantes y radicales. Ah\u00ed est\u00e1 la advertencia de verdadero l\u00edder del PAN, Santiago Creel, quien asegura que si el PRI cede en cuanto a la aprobaci\u00f3n dela reforma electoral se acaba la alianza Va por M\u00e9xico.<\/strong><\/span><\/p>\n<p class=\"p1\"><span style=\"font-size: 18pt; color: #e42d33;\"><strong>Anteriormente, ya le hab\u00eda tapado el paso al coordinador de Morena en el Senado, Ricardo Monreal al decir que\u00a0la sociedad mexicana est\u00e1 dividida por las acciones que ha tomado Morena y un ejemplo de ello es lo que han hecho con Ricardo Monreal, quien ha sido atacado por integrantes del mismo partido. A\u00f1adi\u00f3 que el titular de la Junta de Coordinaci\u00f3n Pol\u00edtica ser\u00e1 bien recibido si se une a la oposici\u00f3n.<\/strong><\/span><\/p>\n<p>&nbsp;<\/p>\n<p><img loading=\"lazy\" decoding=\"async\" class=\"aligncenter wp-image-13405 size-large\" src=\"https:\/\/politicosaldesnudo.com.mx\/wp-content\/uploads\/2022\/12\/P-CREEL-Y-MONREAL-1-1024x573.png\" alt=\"\" width=\"800\" height=\"448\" \/><\/p>\n<p>&nbsp;<\/p>\n<p class=\"p1\"><span style=\"font-size: 14pt;\">A\u00f1adi\u00f3 Creel que si se suma a la oposici\u00f3n ser\u00e1 bienvenido, pero aclar\u00f3 que deber\u00e1 tomar en cuenta a personas, entre ellos el propio Creel, que se ha enfilado hacia la candidatura a la Presidencia de la Rep\u00fablica<\/span><\/p>\n<p class=\"p1\"><span style=\"font-size: 14pt;\">Santiago Creel\u00a0se incluy\u00f3 como uno de los aspirantes para\u00a0ser candidato a la presidencia en las elecciones de 2024, \u201cvamos a estar en una competencia hasta el final y no creo que nadie quiera dejar su espacio\u201d, asegur\u00f3. Por su parte, Alejandro Moreno tambi\u00e9n considera que Monreal como candidato presidencial y no lo descart\u00f3 como candidato a la Presidencia de la Rep\u00fablica en 2024, quien podr\u00eda ser un buen papel y un abanderado competitivo, porque m\u00e1s all\u00e1 de las simpat\u00edas que pueda tener, en lo personal y la alianza en general, la Alianza opositora es la \u00fanica opci\u00f3n electoral para canalizar la inconformidad que existe en M\u00e9xico respecto al actual gobierno.<\/span><\/p>\n<p class=\"p1\"><span style=\"font-size: 18pt;\"><strong>La alianza opositora la componente, hasta el momento PAN, PRI y PRD, Cualquiera de los tres partidos tienen sus propios aspirantes a la candidatura en lo particular como partido en solitario en la contienda electoral o como producto de una discusi\u00f3n y posterior acuerdo.<\/strong><\/span><\/p>\n<p class=\"p1\"><span style=\"font-size: 18pt; color: #e42d33;\"><strong>El PAN tiene a Santiago Creel, Ricardo Anaya, Lilly T\u00e9llez, Margarita Zavala, Mauricio Vila, Mauricio Kuri, entre otros. El PRI tiene Enrique de la Madrid y Beatriz Paredes, aunque tambi\u00e9n lo intenta el ex gobernador de Oaxaca, Alejandro Murat y de manera tan alarmante como escandalosa, el l\u00edder nacional de ese partido, Alejandro Moreno C\u00e1rdenas. En el PRD son tan pocos que no cuenta con ning\u00fan militante con fuerza para la contienda, aunque personajes como Luis Espinosa Ch\u00e1zaro\u00a0y Silvano Aureoles, han levantado la mano.<\/strong><\/span><\/p>\n<p class=\"p1\"><span style=\"font-size: 14pt;\">Todos los anteriores cuentan con el apoyo de una parte de la militancia de sus respectivos partidos y de la sociedad donde gobiernan o gobernaron, la lucha por destacar como posible candidato al puesto pol\u00edtico m\u00e1s importante del pa\u00eds ha sido ardua y no permitir\u00e1n que alguien que llega de afuera les gane la candidatura, aunque tenga mayores posibilidades de triunfo en las runas.<\/span><\/p>\n<p class=\"p1\"><span style=\"font-size: 14pt;\">Para mitigar esta posibilidad, desde ahora adelantan que si llega alguien ajeno al partido a hacer a un lado a otros el voto de la oposici\u00f3n se dividir\u00e1, y lejos de ganar se impondr\u00eda el voto de castigo; sin embargo, las pl\u00e1ticas entre Monreal y la oposici\u00f3n siguen, de tal suerte que el domingo 4 de diciembre el zacatecano asegur\u00f3 que estar\u00e1 en las boletas si no es con Morena ser\u00e1 con la alianza, pero esconde un as bajo la manga que se llama Movimiento Ciudadano.<\/span><\/p>\n<p class=\"p1\"><span style=\"font-size: 18pt;\"><strong>El partido que encabeza Dante Delgado, quien tiene toda la herencia priista y tanto en fondo como en forma, anunci\u00f3\u00a0su Convenci\u00f3n Nacional Democr\u00e1tica, en la que se actualizar\u00e1 su declaraci\u00f3n de principios y Programa de Acci\u00f3n, \u201cSe marcar\u00e1 la l\u00ednea pol\u00edtica que se habr\u00e1 de seguir, en un amplio consenso de todas las direcciones regionales y nacional de MC\u201d, detall\u00f3 Dante.<\/strong><\/span><\/p>\n<p class=\"p1\"><span style=\"font-size: 14pt;\">La convenci\u00f3n de MC podr\u00eda estar dedicada a la candidatura de\u00a0Monreal \u00c1vila,\u00a0quien podr\u00eda competir en solitario por la Presidencia dela rep\u00fablica, porque Dante reitera, cada vez que tiene una c\u00e1mara enfrenta que no formar\u00e1 parte de la alianza opositora.<\/span><\/p>\n<p class=\"p1\"><span style=\"font-size: 14pt;\">Ane la complejidad de su camino hacia la candidatura Monreal coment\u00f3 que es fundador de Morena y que ha trabajado al lado del Presidente L\u00f3pez Obrador durante los \u00faltimos 26 a\u00f1os, por lo que buscar\u00e1 haya un proceso justo de elecci\u00f3n, sin imposici\u00f3n adelantada.\u00a0Es decir, ya no saldr\u00e1 de Morena aunque esto nadie puede asegurarlo.<\/span><\/p>\n<p class=\"p1\"><span style=\"font-size: 18pt;\"><strong>Lo cierto es que en Morena ya no caben m\u00e1s de tres aspirantes, Claudia, Marcelo y Ad\u00e1n. Cualquier alteraci\u00f3n a este orden no s\u00f3lo ser\u00eda romper con la congruencia de Morena y la Cuarta transformaci\u00f3n sino una traici\u00f3n.<\/strong><\/span><\/p>\n<p>&nbsp;<\/p>\n<p><img loading=\"lazy\" decoding=\"async\" class=\"aligncenter wp-image-13404 size-large\" src=\"https:\/\/politicosaldesnudo.com.mx\/wp-content\/uploads\/2022\/12\/P-ADAN-CLAUDIA-MARCELO-1024x573.png\" alt=\"\" width=\"800\" height=\"448\" \/><\/p>\n<p>&nbsp;<\/p>\n<p class=\"p1\"><span style=\"font-size: 18pt; color: #e42d33;\"><strong>Y si de traiciones hablamos \u00e9ste ser\u00eda un estigma que tendr\u00eda que cargar en sus espaldas si se sale, condici\u00f3n que pocos olvidar\u00edan. Y que ser\u00eda un obst\u00e1culo a vencer si sale de Morena, donde Monreal no tiene ninguna posibilidad, aunque anunci\u00f3 que espera ser considerado uno de los precandidatos.<\/strong><\/span><\/p>\n<p class=\"p1\"><span style=\"font-size: 14pt;\">La decisi\u00f3n vino apenas dos d\u00edas despu\u00e9s de que Santiago Creel Miranda, l\u00edder de facto del PAN, dijo que Monreal \u00c1vila ser\u00eda bienvenido en la oposici\u00f3n, pero no como abanderado presidencial. Monreal hab\u00eda anunciado una gira nacional justamente con Creel Miranda.<\/span><\/p>\n<p class=\"p1\"><span style=\"font-size: 18pt;\"><strong>Debemos recordar que Monreal no asisti\u00f3 a la marcha del 27 de noviembre., en apoyo a la 4T porque tuvo una reuni\u00f3n parlamentaria con los legisladores de Espa\u00f1a. Reuni\u00f3n a la que los invitados de Morena no asistieron y s\u00f3lo fueron los de oposici\u00f3n y Monreal, quien platic\u00f3 libremente con Creel sobre la posible incorporaci\u00f3n del zacatecano a la alianza opositora.<\/strong><\/span><\/p>\n<p class=\"p1\"><span style=\"font-size: 14pt;\">Dicha reuni\u00f3n en Europa fue interpretada como un coqueteo abierto de Monreal con la derecha, la oposici\u00f3n y los ternos contrincantes de las posturas de L\u00f3pez Obrador, lo cual por un lado legitimar\u00eda su oposici\u00f3n al Presidente, pero lo colocar\u00eda como candidato que no es bienvenido al grupo conservador.<\/span><\/p>\n<p class=\"p1\"><span style=\"font-size: 14pt;\">Ante esta panor\u00e1mica compleja los ciudadanos tienen una manera clara de origen e ideas de quienes quieren ser presidente o presidenta de la Rep\u00fablica. La conciencia social en la poblaci\u00f3n ha crecido y la decisi\u00f3n es cada d\u00eda m\u00e1s precisa para escoger, en libertad y convicci\u00f3n al mejor o al menos peor.<\/span><\/p>\n<p>&nbsp;<\/p>\n<p class=\"p1\"><span style=\"font-size: 18pt; color: #e42d33;\"><b>PEGA Y CORRE<\/b><\/span><\/p>\n<p class=\"p1\"><span style=\"font-size: 14pt;\">Miguel Barbosa, gobernador de Puebla, convoc\u00f3 a una marcha en la capital de ese estado para apoyar a la 4T, fue numerosa, por lo menos 100 mil personas, a juzgar por las fotograf\u00edas. En Coahuila una manifestaci\u00f3n en favor de Ricardo Mej\u00eda Berdeja como candidato a la gubernatura, con m\u00e1s de 10 mil personas.<\/span><\/p>\n<p>&nbsp;<\/p>\n<p>&nbsp;<\/p>\n<p class=\"p1\"><span style=\"font-size: 18pt;\"><strong>Esta columna se publica los lunes, mi\u00e9rcoles y viernes<\/strong><\/span><\/p>\n<p>&nbsp;<\/p>\n<p><span style=\"font-size: 18pt; color: #e42d33;\"><em><strong>**Las columnas firmadas en este medio son responsabilidad de quienes las firman**<\/strong><\/em><\/span><\/p>\n<p>&nbsp;<\/p>\n<p>&nbsp;<\/p>\n<p>&nbsp;<\/p>\n","protected":false},"excerpt":{"rendered":"<p>&nbsp; Por \u00c1ngel \u00c1lvaro Pe\u00f1a Falta poco menos de un a\u00f1o para que empiece en realidad la selecci\u00f3n de candidatos<\/p>\n","protected":false},"author":4,"featured_media":3187,"comment_status":"closed","ping_status":"closed","sticky":false,"template":"","format":"standard","meta":{"colormag_page_container_layout":"default_layout","colormag_page_sidebar_layout":"default_layout","_jetpack_memberships_contains_paid_content":false,"footnotes":"","jetpack_publicize_message":"","jetpack_publicize_feature_enabled":true,"jetpack_social_post_already_shared":true,"jetpack_social_options":{"image_generator_settings":{"template":"highway","default_image_id":0,"font":"","enabled":false},"version":2}},"categories":[6],"tags":[352,1318,1105,499,84,86,1455],"class_list":["post-10723","post","type-post","status-publish","format-standard","has-post-thumbnail","hentry","category-columnistas","tag-4t","tag-adan-augusto","tag-claudia-sheinbaum","tag-marcelo-ebrard","tag-morena","tag-ricardo-monreal","tag-santiago-creel"],"jetpack_publicize_connections":[],"jetpack_featured_media_url":"https:\/\/noticiasveracruz.com\/wp-content\/uploads\/2022\/04\/A\u0301NGEL-A\u0301LVARO-PEN\u0303A.png","jetpack_sharing_enabled":true,"publishpress_future_action":{"enabled":false,"date":"2026-05-06 18:12:51","action":"change-status","newStatus":"draft","terms":[],"taxonomy":"category","extraData":[]},"publishpress_future_workflow_manual_trigger":{"enabledWorkflows":[]},"_links":{"self":[{"href":"https:\/\/noticiasveracruz.com\/index.php\/wp-json\/wp\/v2\/posts\/10723","targetHints":{"allow":["GET"]}}],"collection":[{"href":"https:\/\/noticiasveracruz.com\/index.php\/wp-json\/wp\/v2\/posts"}],"about":[{"href":"https:\/\/noticiasveracruz.com\/index.php\/wp-json\/wp\/v2\/types\/post"}],"author":[{"embeddable":true,"href":"https:\/\/noticiasveracruz.com\/index.php\/wp-json\/wp\/v2\/users\/4"}],"replies":[{"embeddable":true,"href":"https:\/\/noticiasveracruz.com\/index.php\/wp-json\/wp\/v2\/comments?post=10723"}],"version-history":[{"count":0,"href":"https:\/\/noticiasveracruz.com\/index.php\/wp-json\/wp\/v2\/posts\/10723\/revisions"}],"wp:featuredmedia":[{"embeddable":true,"href":"https:\/\/noticiasveracruz.com\/index.php\/wp-json\/wp\/v2\/media\/3187"}],"wp:attachment":[{"href":"https:\/\/noticiasveracruz.com\/index.php\/wp-json\/wp\/v2\/media?parent=10723"}],"wp:term":[{"taxonomy":"category","embeddable":true,"href":"https:\/\/noticiasveracruz.com\/index.php\/wp-json\/wp\/v2\/categories?post=10723"},{"taxonomy":"post_tag","embeddable":true,"href":"https:\/\/noticiasveracruz.com\/index.php\/wp-json\/wp\/v2\/tags?post=10723"}],"curies":[{"name":"wp","href":"https:\/\/api.w.org\/{rel}","templated":true}]}}