{"id":10715,"date":"2022-12-05T01:08:15","date_gmt":"2022-12-05T07:08:15","guid":{"rendered":"https:\/\/noticiasveracruz.com\/?p=10715"},"modified":"2022-12-05T01:54:40","modified_gmt":"2022-12-05T07:54:40","slug":"contagio-de-autoritarismo","status":"publish","type":"post","link":"https:\/\/noticiasveracruz.com\/index.php\/2022\/12\/05\/contagio-de-autoritarismo\/","title":{"rendered":"\u00bfContagio de autoritarismo?"},"content":{"rendered":"<p>&nbsp;<\/p>\n<p class=\"p1\"><span style=\"font-size: 18pt;\"><b>Por Jessica Woolrich<\/b><\/span><\/p>\n<p class=\"p1\"><span style=\"font-size: 14pt;\">Uno creer\u00eda que el sue\u00f1o de todos es vivir en pa\u00edses democr\u00e1ticos, donde los derechos se respeten, las voces se escuchen, donde los gobernantes no se sienten en la silla del poder y decidan quedarse en ella a costa de lo que sea, sin embargo, parece que esto no es as\u00ed, ya que de acuerdo a un estudio realizado por el Instituto Internacional para la Democracia (IDEA) \u2014ubicado en Estocolmo, Suecia\u2014 de los 173 pa\u00edses analizados, hoy por hoy, aquellos que comienzan a encaminarse hacia reg\u00edmenes autoritarios son m\u00e1s del doble de aquellos que siguen su rumbo hacia una democracia s\u00f3lida, cifras que sin duda generan preocupaci\u00f3n. Tantos a\u00f1os se ha luchado para que la democracia impere de forma generalizada en el mundo y para que las voces ciudadanas siempre se hagan escuchar, parece que no han tenido suficiente fuerza como para lograr una democracia a nivel mundial.<\/span><\/p>\n<p class=\"p1\"><span style=\"font-size: 14pt;\">Lo m\u00e1s preocupante de este tema es que muchos pa\u00edses que antes se consideraban completamente democr\u00e1ticos, hoy comienzan a sufrir ciertos retrocesos, como es lo que sucede en Europa, donde la mitad de las democracias se han visto deterioradas en los \u00faltimos a\u00f1os. Pero tambi\u00e9n es el caso de Estados Unidos donde si bien sigue siendo un pa\u00eds democr\u00e1tico, la polarizaci\u00f3n que hoy se vive dentro de su territorio ha comenzado a hacer mella y los conflictos comienzan a surgir, incluso en los \u00faltimos a\u00f1os se han hablado de fraudes electorales, de p\u00e9rdida de derechos y peor a\u00fan de levantamientos violentos.<\/span><\/p>\n<p class=\"p1\"><span style=\"font-size: 14pt;\">Hay regiones en donde el autoritarismo no sorprende porque ha sido una constante a lo largo de su historia, como es el caso del Medio Oriente, en donde incluso ni con las Primaveras \u00c1rabes ocurridas hace una d\u00e9cada, los ciudadanos han logrado recuperar sus voces y derechos y siguen viviendo bajo el yugo de la ambici\u00f3n y de la necesidad de poder de algunos cuantos. Y aun cuando en este caso no hay sorpresas, de todas maneras, es lamentable ver que no se logren avances suficientes y el camino visto hoy por IDEA no pronostica un cambio favorable en el futuro pr\u00f3ximo para aquella regi\u00f3n del mundo.<\/span><\/p>\n<p class=\"p1\"><span style=\"font-size: 14pt;\">Pero \u00bfqu\u00e9 es lo que est\u00e1 llevando al mundo a este punto que pudiera ser de inflexi\u00f3n? Pues seg\u00fan algunos analistas es el hecho de que hoy la izquierda y derecha comienzan a ser mucho m\u00e1s radicales con puntos de vista diametralmente opuestos y logrando, as\u00ed que cada una de las dos corrientes democr\u00e1ticas busquen establecer a como d\u00e9 lugar su visi\u00f3n, propuestas y reglas por sobre las de su oponente, aunque esto signifique tener que manejar un gobierno de forma autoritaria.\u00a0As\u00ed que ser\u00eda importante darnos cuenta que como ciudadanos debemos de aprender a dar cabida a las ideas del otro, para de esta manera buscar balances que favorezcan y fortalezcan a las democracias en las que vivimos.<\/span><\/p>\n<p>&nbsp;<\/p>\n<p>&nbsp;<\/p>\n<p><span style=\"font-size: 18pt; color: #e42d33;\"><em><strong>**Las columnas firmadas en este medio son responsabilidad de quienes las firman**<\/strong><\/em><\/span><\/p>\n<p>&nbsp;<\/p>\n","protected":false},"excerpt":{"rendered":"<p>&nbsp; Por Jessica Woolrich Uno creer\u00eda que el sue\u00f1o de todos es vivir en pa\u00edses democr\u00e1ticos, donde los derechos se<\/p>\n","protected":false},"author":4,"featured_media":10716,"comment_status":"closed","ping_status":"closed","sticky":false,"template":"","format":"standard","meta":{"colormag_page_container_layout":"default_layout","colormag_page_sidebar_layout":"default_layout","_jetpack_memberships_contains_paid_content":false,"footnotes":"","jetpack_publicize_message":"","jetpack_publicize_feature_enabled":true,"jetpack_social_post_already_shared":true,"jetpack_social_options":{"image_generator_settings":{"template":"highway","default_image_id":0,"font":"","enabled":false},"version":2}},"categories":[6],"tags":[],"class_list":["post-10715","post","type-post","status-publish","format-standard","has-post-thumbnail","hentry","category-columnistas"],"jetpack_publicize_connections":[],"jetpack_featured_media_url":"https:\/\/noticiasveracruz.com\/wp-content\/uploads\/2022\/12\/P-JESSICA-WOOLRICH-NV.png","jetpack_sharing_enabled":true,"publishpress_future_action":{"enabled":false,"date":"2026-05-06 20:29:26","action":"change-status","newStatus":"draft","terms":[],"taxonomy":"category","extraData":[]},"publishpress_future_workflow_manual_trigger":{"enabledWorkflows":[]},"_links":{"self":[{"href":"https:\/\/noticiasveracruz.com\/index.php\/wp-json\/wp\/v2\/posts\/10715","targetHints":{"allow":["GET"]}}],"collection":[{"href":"https:\/\/noticiasveracruz.com\/index.php\/wp-json\/wp\/v2\/posts"}],"about":[{"href":"https:\/\/noticiasveracruz.com\/index.php\/wp-json\/wp\/v2\/types\/post"}],"author":[{"embeddable":true,"href":"https:\/\/noticiasveracruz.com\/index.php\/wp-json\/wp\/v2\/users\/4"}],"replies":[{"embeddable":true,"href":"https:\/\/noticiasveracruz.com\/index.php\/wp-json\/wp\/v2\/comments?post=10715"}],"version-history":[{"count":0,"href":"https:\/\/noticiasveracruz.com\/index.php\/wp-json\/wp\/v2\/posts\/10715\/revisions"}],"wp:featuredmedia":[{"embeddable":true,"href":"https:\/\/noticiasveracruz.com\/index.php\/wp-json\/wp\/v2\/media\/10716"}],"wp:attachment":[{"href":"https:\/\/noticiasveracruz.com\/index.php\/wp-json\/wp\/v2\/media?parent=10715"}],"wp:term":[{"taxonomy":"category","embeddable":true,"href":"https:\/\/noticiasveracruz.com\/index.php\/wp-json\/wp\/v2\/categories?post=10715"},{"taxonomy":"post_tag","embeddable":true,"href":"https:\/\/noticiasveracruz.com\/index.php\/wp-json\/wp\/v2\/tags?post=10715"}],"curies":[{"name":"wp","href":"https:\/\/api.w.org\/{rel}","templated":true}]}}