{"id":10683,"date":"2022-12-03T07:26:00","date_gmt":"2022-12-03T13:26:00","guid":{"rendered":"https:\/\/noticiasveracruz.com\/?p=10683"},"modified":"2022-12-03T07:26:00","modified_gmt":"2022-12-03T13:26:00","slug":"veracruz-recupera-su-historia-inaugura-presidente-reapertura-del-fuerte-de-san-juan-de-ulua","status":"publish","type":"post","link":"https:\/\/noticiasveracruz.com\/index.php\/2022\/12\/03\/veracruz-recupera-su-historia-inaugura-presidente-reapertura-del-fuerte-de-san-juan-de-ulua\/","title":{"rendered":"Veracruz recupera su historia, Inaugura Presidente reapertura del Fuerte de San Juan de Ul\u00faa"},"content":{"rendered":"<p class=\"p1\">\n<p class=\"p1\"><span style=\"font-size: 14pt;\"><em><strong>BOCA DEL R\u00cdO, VERACRUZ.<\/strong> <\/em>En su visita a Veracruz, el <strong>presidente Andr\u00e9s Manuel L\u00f3pez Obrador inaugur\u00f3 la primera etapa de restauraci\u00f3n del Fuerte de San Juan de Ul\u00faa<\/strong>, al que se refiri\u00f3 como un <strong>s\u00edmbolo de la libertad y del inicio y defensa de las transformaciones hist\u00f3ricas de M\u00e9xico<\/strong>.<\/span><\/p>\n<p>&nbsp;<\/p>\n<p><img loading=\"lazy\" decoding=\"async\" class=\"aligncenter wp-image-13369 size-large\" src=\"https:\/\/politicosaldesnudo.com.mx\/wp-content\/uploads\/2022\/12\/P-SAN-JUAN-DE-ULUA-7-1024x573.png\" alt=\"\" width=\"800\" height=\"448\" \/><\/p>\n<p>&nbsp;<\/p>\n<blockquote>\n<p class=\"p1\"><span style=\"font-size: 14pt;\">Estar en este Fuerte significa la defensa de nuestra Independencia, pero tambi\u00e9n \u2014como lo mencion\u00f3 Alejandra (Frausto)\u2014 simboliza la libertad porque fue c\u00e1rcel y no pudieron estas paredes h\u00famedas que causaban la muerte a los prisioneros, no pudieron impedir las transformaciones\u201d<\/span><\/p>\n<\/blockquote>\n<p>&nbsp;<\/p>\n<p><img loading=\"lazy\" decoding=\"async\" class=\"aligncenter wp-image-13368 size-large\" src=\"https:\/\/politicosaldesnudo.com.mx\/wp-content\/uploads\/2022\/12\/P-SAN-JUAN-DE-ULUA-6-1024x573.png\" alt=\"\" width=\"800\" height=\"448\" \/><\/p>\n<p>&nbsp;<\/p>\n<p class=\"p1\"><span style=\"font-size: 18pt;\"><strong>El mandatario Andr\u00e9s Manuel L\u00f3pez Obrador anunci\u00f3 que el edificio hist\u00f3rico en el que\u00a0Benito Ju\u00e1rez Garc\u00eda firm\u00f3 las Leyes de Reforma, tambi\u00e9n recibir\u00e1 tratamiento para su conservaci\u00f3n.<\/strong><\/span><\/p>\n<p>&nbsp;<\/p>\n<blockquote>\n<p class=\"p1\"><span style=\"font-size: 14pt;\">As\u00ed como estamos iniciando la restauraci\u00f3n de este Fuerte, hoy en la ma\u00f1ana habl\u00e1bamos de que vamos a restaurar el edificio de enfrente de la aduana donde se firmaron las Leyes de Reforma\u201d<\/span><\/p>\n<\/blockquote>\n<p><img loading=\"lazy\" decoding=\"async\" class=\"aligncenter wp-image-13363 size-large\" src=\"https:\/\/politicosaldesnudo.com.mx\/wp-content\/uploads\/2022\/12\/P-SAN-JUAN-DE-ULUA-1-1024x573.png\" alt=\"\" width=\"800\" height=\"448\" \/><\/p>\n<p>&nbsp;<\/p>\n<p class=\"p1\"><strong><span style=\"font-size: 18pt;\">Andr\u00e9s Manuel L\u00f3pez Obrador agradeci\u00f3 a las secretar\u00edas de Cultura y de Marina, as\u00ed como al Instituto Nacional de Antropolog\u00eda e Historia (INAH) por su colaboraci\u00f3n en los trabajos de recuperaci\u00f3n del patrimonio hist\u00f3rico.<\/span><\/strong><\/p>\n<p>&nbsp;<\/p>\n<p><img loading=\"lazy\" decoding=\"async\" class=\"aligncenter wp-image-13364 size-large\" src=\"https:\/\/politicosaldesnudo.com.mx\/wp-content\/uploads\/2022\/12\/P-SAN-JUAN-DE-ULUA-2-1024x573.png\" alt=\"\" width=\"800\" height=\"448\" \/><\/p>\n<p>&nbsp;<\/p>\n<p class=\"p1\"><span style=\"font-size: 18pt; color: #e42d33;\"><strong>El director general del INAH, Diego Prieto Hern\u00e1ndez, inform\u00f3 que el pa\u00eds cuenta desde ahora con un nuevo atractivo tur\u00edstico en Veracruz que podr\u00e1 recibir a m\u00e1s de 250 mil personas por a\u00f1o. La fortaleza y su museo podr\u00e1n visitarse a trav\u00e9s de viajes mar\u00edtimos.<\/strong><\/span><\/p>\n<p>&nbsp;<\/p>\n<p><img loading=\"lazy\" decoding=\"async\" class=\"aligncenter wp-image-13370 size-large\" src=\"https:\/\/politicosaldesnudo.com.mx\/wp-content\/uploads\/2022\/12\/P-SAN-JUAN-DE-ULUA-8-1024x573.png\" alt=\"\" width=\"800\" height=\"448\" \/><\/p>\n<p>&nbsp;<\/p>\n<p class=\"p1\"><span style=\"font-size: 18pt; color: #e42d33;\"><strong>LOS PRISIONEROS FAMOSOS<\/strong><\/span><\/p>\n<p class=\"p1\"><span style=\"font-size: 14pt;\">Las luces pirot\u00e9cnicas iluminaron el cielo jarocho y se reflejaron sobre el mar del Golfo, a modo de celebraci\u00f3n de la nueva etapa de esta enorme mole hist\u00f3rica.<\/span><\/p>\n<p class=\"p1\"><span style=\"font-size: 18pt; color: #e42d33;\"><strong>Conocidos son algunos nombres de quienes fueron prisioneros entre sus paredes: fray Servando Teresa de Mier, fray Melchor de Talamantes, Benito Ju\u00e1rez, el periodista y escritor Florencio del Castillo, los hermanos Flores Mag\u00f3n, Esteban Vaca Calder\u00f3n -Uno de los l\u00edderes del movimiento de huelga de Cananea- y Juan Sarabia.<\/strong><\/span><\/p>\n<p>&nbsp;<\/p>\n<p><img loading=\"lazy\" decoding=\"async\" class=\"aligncenter wp-image-13367 size-large\" src=\"https:\/\/politicosaldesnudo.com.mx\/wp-content\/uploads\/2022\/12\/P-SAN-JUAN-DE-ULUA-5-1024x573.png\" alt=\"\" width=\"800\" height=\"448\" \/><\/p>\n<p>&nbsp;<\/p>\n<p class=\"p1\"><span style=\"font-size: 18pt;\"><strong>Pero sin duda el m\u00e1s famoso de los reclusos fue Jes\u00fas Arraiga, mejor conocido como Chucho el Roto, que, a la usanza de Robin Hood, robaba a los ricos para ayudar a los pobres y logr\u00f3 escapar de los fortines m\u00e1s de una vez, saltando al agua y nadando en medio de tiburones. Una leyenda del espacio es la de La Mulata de C\u00f3rdoba, quien pint\u00f3 un barco sobre uno de los muros y escap\u00f3 en \u00e9ste ante los at\u00f3nitos ojos de los carceleros.<\/strong><\/span><\/p>\n<p>&nbsp;<\/p>\n<p><img loading=\"lazy\" decoding=\"async\" class=\"aligncenter wp-image-13366 size-large\" src=\"https:\/\/politicosaldesnudo.com.mx\/wp-content\/uploads\/2022\/12\/P-SAN-JUAN-DE-ULUA-4-1024x573.png\" alt=\"\" width=\"800\" height=\"448\" \/><\/p>\n<p>&nbsp;<\/p>\n<p class=\"p1\"><span style=\"font-size: 18pt;\"><strong>La titular de Cultura refiri\u00f3 que San Juan se Ulua era considerada \u201cla tumba del Golfo\u201d, pues fue una de la c\u00e1rceles m\u00e1s crueles e inhumanas. De ah\u00ed, que hoy con esta restauraci\u00f3n se pretenda recordar momentos para la no repetici\u00f3n, como la esclavitud y la coartaci\u00f3n de la libertad, pero a la vez es s\u00edmbolo de la defensa contra el olvido y de la p\u00e9rfida de identidad.<\/strong><\/span><\/p>\n<p class=\"p1\"><span style=\"font-size: 14pt;\">Participaron en este evento, el Ensamble del Son Jarocho de San Andr\u00e9s Tuxtla y el Coro Voces del Mar del Puerto de Veracruz, quienes interpretaron piezas musicales representativas de las comunidades afrodescendientes y ritmos veracruzanos.<\/span><\/p>\n<p class=\"p1\"><span style=\"font-size: 14pt;\">Acompa\u00f1aron al presidente, el gobernador de Veracruz, Cuitl\u00e1huac Garc\u00eda Jim\u00e9nez; la secretaria de Cultura, Alejandra Frausto Guerrero y los secretarios de Marina, Jos\u00e9 Rafael Ojeda Dur\u00e1n y de la Defensa Nacional, Luis Cresencio Sandoval Gonz\u00e1lez.<\/span><\/p>\n<p>&nbsp;<\/p>\n<p>&nbsp;<\/p>\n<p>&nbsp;<\/p>\n<p>&nbsp;<\/p>\n<p>&nbsp;<\/p>\n","protected":false},"excerpt":{"rendered":"<p>BOCA DEL R\u00cdO, VERACRUZ. En su visita a Veracruz, el presidente Andr\u00e9s Manuel L\u00f3pez Obrador inaugur\u00f3 la primera etapa de<\/p>\n","protected":false},"author":4,"featured_media":10686,"comment_status":"closed","ping_status":"closed","sticky":false,"template":"","format":"standard","meta":{"colormag_page_container_layout":"default_layout","colormag_page_sidebar_layout":"default_layout","_jetpack_memberships_contains_paid_content":false,"footnotes":"","jetpack_publicize_message":"","jetpack_publicize_feature_enabled":true,"jetpack_social_post_already_shared":true,"jetpack_social_options":{"image_generator_settings":{"template":"highway","default_image_id":0,"font":"","enabled":false},"version":2}},"categories":[4],"tags":[65,1799,73],"class_list":["post-10683","post","type-post","status-publish","format-standard","has-post-thumbnail","hentry","category-nacional","tag-andres-manuel-lopez-obrador","tag-fuerte-de-san-juan-de-ulua","tag-veracruz"],"jetpack_publicize_connections":[],"jetpack_featured_media_url":"https:\/\/noticiasveracruz.com\/wp-content\/uploads\/2022\/12\/P-SAN-JUAN-DE-ULUA-3.png","jetpack_sharing_enabled":true,"publishpress_future_action":{"enabled":false,"date":"2026-05-07 00:37:40","action":"change-status","newStatus":"draft","terms":[],"taxonomy":"category","extraData":[]},"publishpress_future_workflow_manual_trigger":{"enabledWorkflows":[]},"_links":{"self":[{"href":"https:\/\/noticiasveracruz.com\/index.php\/wp-json\/wp\/v2\/posts\/10683","targetHints":{"allow":["GET"]}}],"collection":[{"href":"https:\/\/noticiasveracruz.com\/index.php\/wp-json\/wp\/v2\/posts"}],"about":[{"href":"https:\/\/noticiasveracruz.com\/index.php\/wp-json\/wp\/v2\/types\/post"}],"author":[{"embeddable":true,"href":"https:\/\/noticiasveracruz.com\/index.php\/wp-json\/wp\/v2\/users\/4"}],"replies":[{"embeddable":true,"href":"https:\/\/noticiasveracruz.com\/index.php\/wp-json\/wp\/v2\/comments?post=10683"}],"version-history":[{"count":0,"href":"https:\/\/noticiasveracruz.com\/index.php\/wp-json\/wp\/v2\/posts\/10683\/revisions"}],"wp:featuredmedia":[{"embeddable":true,"href":"https:\/\/noticiasveracruz.com\/index.php\/wp-json\/wp\/v2\/media\/10686"}],"wp:attachment":[{"href":"https:\/\/noticiasveracruz.com\/index.php\/wp-json\/wp\/v2\/media?parent=10683"}],"wp:term":[{"taxonomy":"category","embeddable":true,"href":"https:\/\/noticiasveracruz.com\/index.php\/wp-json\/wp\/v2\/categories?post=10683"},{"taxonomy":"post_tag","embeddable":true,"href":"https:\/\/noticiasveracruz.com\/index.php\/wp-json\/wp\/v2\/tags?post=10683"}],"curies":[{"name":"wp","href":"https:\/\/api.w.org\/{rel}","templated":true}]}}